{"id":9998,"date":"2018-05-03T08:00:32","date_gmt":"2018-05-03T06:00:32","guid":{"rendered":"http:\/\/www.rutasporespana.es\/blog\/?p=9998"},"modified":"2025-10-23T23:01:29","modified_gmt":"2025-10-23T21:01:29","slug":"ruta-por-la-provincia-de-avila-que-ver-en-el-barco-de-avila","status":"publish","type":"post","link":"https:\/\/www.rutasporespana.es\/blog\/ruta-por-la-provincia-de-avila-que-ver-en-el-barco-de-avila\/","title":{"rendered":"Qu\u00e9 ver en El Barco de \u00c1vila, la entrada a Gredos"},"content":{"rendered":"<p>Hoy te contamos que ver en El Barco de \u00c1vila. Situada entre la sierra de B\u00e9jar y el macizo de Gredos se levanta esta antigua villa de la Casa de Alba en la que el Gran Duque dej\u00f3 su huella. El Barco de \u00c1vila cuenta con un bello castillo y son famosas sus jud\u00edas conocidas por toda la provincia.<\/p>\n<p><!--more--><\/p>\n<h2>\u00bfC\u00f3mo llegar a El Barco de \u00c1vila?<\/h2>\n<p><strong>&#8211; En coche<\/strong><\/p>\n<p>Por la A-6 (Autopista de <a href=\"https:\/\/www.rutasporespana.es\/blog\/que-ver-a-coruna\/\" target=\"_blank\" rel=\"noopener noreferrer\">La Coru\u00f1a<\/a>) hasta <a href=\"https:\/\/www.rutasporespana.es\/blog\/que-ver-avila\/\" target=\"_blank\" rel=\"noopener\">\u00c1vila<\/a> (AP-51) y desde all\u00ed, por la N-110 en direcci\u00f3n a <a href=\"https:\/\/www.rutasporespana.es\/blog\/que-ver-plasencia\/\" target=\"_blank\" rel=\"noopener noreferrer\">Plasencia<\/a>.<\/p>\n<p><strong>&#8211; En transporte p\u00fablico<\/strong><\/p>\n<p>La empresa de autobuses CEVESA tiene la l\u00ednea <a href=\"https:\/\/www.rutasporespana.es\/blog\/que-ver-en-madrid-en-dos-dias\/\" target=\"_blank\" rel=\"noopener noreferrer\">Madrid<\/a>&#8211;<a href=\"https:\/\/www.rutasporespana.es\/blog\/que-ver-en-bejar\/\" target=\"_blank\" rel=\"noopener noreferrer\">B\u00e9jar<\/a> con parada en la localidad.<\/p>\n<h2>\u00bfQu\u00e9 ver en El Barco de \u00c1vila?<\/h2>\n<p>El <span class=\"Naturaleza\">Tormes<\/span> ba\u00f1a las tierra de El Barco, sobre sus aguas cruza el Puente medieval que nos conduce a la Ermita del Cristo. Y entre el r\u00edo y la monta\u00f1a la figura del Castillo de Valdecorneja, del Siglo XV, cuando el se\u00f1or\u00edo hom\u00f3nimo pasa a formar parte de la Casa de Alba.<\/p>\n<p>Los vettones se asentaron aqu\u00ed en un castro situado en la colina circundantes. Posteriormente los romanos construyeron el puente que un\u00eda esa zona con la calzada que llegaba a Extremadura. A finales del siglo XI el rey Alfonso VI de Le\u00f3n cre\u00f3 el Se\u00f1or\u00edo de Valdecorneja para su hija Do\u00f1a Urraca.<\/p>\n<p>Su marido, Raimundo de Borgo\u00f1a fue el responsable de la repoblaci\u00f3n de esta comarca. Ya en 1366 el rey Enrique II de Trast\u00e1mara concedi\u00f3 el Se\u00f1or\u00edo a Garc\u00eda \u00c1lvarez de Toledo, a cambio de que renunciara a su t\u00edtulo de Maestre de la Orden de Santiago. La localidad permanecer\u00eda vinculada a la familia de la Casa de Alba desde su constituci\u00f3n hasta la desaparici\u00f3n de los se\u00f1or\u00edos en el siglo XIX.<\/p>\n<figure id=\"attachment_16176\" aria-describedby=\"caption-attachment-16176\" style=\"width: 675px\" class=\"wp-caption aligncenter\"><img data-recalc-dims=\"1\" loading=\"lazy\" decoding=\"async\" class=\"size-full wp-image-16176\" src=\"https:\/\/i0.wp.com\/www.rutasporespana.es\/blog\/wp-content\/uploads\/2018\/05\/Vistas-Barco-Avila.jpg?resize=675%2C450&#038;ssl=1\" alt=\"Panor\u00e1mica - que ver en El Barco de \u00c1vila\" width=\"675\" height=\"450\" \/><figcaption id=\"caption-attachment-16176\" class=\"wp-caption-text\">Panor\u00e1mica &#8211; que ver en El Barco de \u00c1vila<\/figcaption><\/figure>\n<h2>Castillo de Valdecorneja &#8211; que ver en El Barco de \u00c1vila<\/h2>\n<p>Comenzamos la visita en el <strong>Castillo de Valdecorneja <\/strong>(siglo XII) uno de los monumentos imprescindibles <strong>que ver en El Barco de \u00c1vila<\/strong>, que se alza en un peque\u00f1o cerro junto al r\u00edo Tormes. Construido sobre un castro vet\u00f3n que fue destruido por los romanos. Fue edificado en el siglo XII y reconstruido en el siglo XIV. Ha sido restaurado varias veces, debido a las incontables batallas que ha sufrido e intentos de incendio y bombardeos.<\/p>\n<figure id=\"attachment_16120\" aria-describedby=\"caption-attachment-16120\" style=\"width: 675px\" class=\"wp-caption aligncenter\"><img data-recalc-dims=\"1\" loading=\"lazy\" decoding=\"async\" class=\"size-full wp-image-16120\" src=\"https:\/\/i0.wp.com\/www.rutasporespana.es\/blog\/wp-content\/uploads\/2018\/08\/Castillo-El-Barco-Avila.jpg?resize=675%2C450&#038;ssl=1\" alt=\"Castillo - que ver en El Barco de \u00c1vila\" width=\"675\" height=\"450\" \/><figcaption id=\"caption-attachment-16120\" class=\"wp-caption-text\">Castillo &#8211; que ver en El Barco de \u00c1vila<\/figcaption><\/figure>\n<p>Al iniciarse la segunda mitad del siglo XIX qued\u00f3 habilitado como cementerio municipal. Por ello aument\u00f3 su deterioro al arrancar el pavimento y grandes oquedades en sus muros. Actualmente ha sido restaurado y reparado el pavimento y en parte la torre del Homenaje. Es utilizado para los actos culturales que se celebran en esta localidad.<\/p>\n<p>Abren de lunes a viernes de 10:00 a 14:00 y 17:00 a 20:00. S\u00e1bados de 10:00 a 14:30 y 17:00 a 20:00. Domingos de 10:00 a 14:00.<\/p>\n<h2>Puente Rom\u00e1nico &#8211; que ver en El Barco de \u00c1vila<\/h2>\n<p>Junto al castillo encontramos el <strong>Puente Rom\u00e1nico,<\/strong> de origen romano, debido a los muchos deterioros sufridos por causa de tantas guerras, se rehizo a comienzos del siglo XII, conservando las anchas pilas romanas y alg\u00fan arco. Por esta reforma tiene ahora un estilo rom\u00e1nico. En paisaje del puente, el castillo y la Sierra de Gredos alrededor, es uno de los entornos \u00fanicos que ver en El Barco de \u00c1vila.<\/p>\n<figure id=\"attachment_16129\" aria-describedby=\"caption-attachment-16129\" style=\"width: 675px\" class=\"wp-caption aligncenter\"><img data-recalc-dims=\"1\" loading=\"lazy\" decoding=\"async\" class=\"size-full wp-image-16129\" src=\"https:\/\/i0.wp.com\/www.rutasporespana.es\/blog\/wp-content\/uploads\/2018\/08\/Puente-Viejo-Barco.jpg?resize=675%2C450&#038;ssl=1\" alt=\"Puente Viejo - que ver en El Barco de \u00c1vila\" width=\"675\" height=\"450\" \/><figcaption id=\"caption-attachment-16129\" class=\"wp-caption-text\">Puente Viejo &#8211; que ver en El Barco de \u00c1vila<\/figcaption><\/figure>\n<h2>Muralla de El Barco de \u00c1vila &#8211; que ver en El Barco de \u00c1vila<\/h2>\n<p>Nos adentramos al casco urbano medieval. Lo primero es fijarnos en los fragmentos de la <strong>muralla<\/strong> que part\u00edan del Castillo y rodeaban el viejo pueblo de El Barco. Ten\u00eda dos puertas rom\u00e1nicas, la del <span class=\"Arquitectura\">Campillo<\/span> o de la <span class=\"Arquitectura\">Horcajada<\/span>, actualmente desaparecidas, y la <strong>Puerta de \u00c1vila<\/strong>, formada por un arco de medio punto entre dos torres avanzadas para su defensa.<\/p>\n<figure id=\"attachment_16173\" aria-describedby=\"caption-attachment-16173\" style=\"width: 675px\" class=\"wp-caption aligncenter\"><img data-recalc-dims=\"1\" loading=\"lazy\" decoding=\"async\" class=\"size-full wp-image-16173\" src=\"https:\/\/i0.wp.com\/www.rutasporespana.es\/blog\/wp-content\/uploads\/2018\/05\/Puerta-Ahorcado-Barco.jpg?resize=675%2C450&#038;ssl=1\" alt=\"Puerta del Ahorcado - que ver en El Barco de \u00c1vila\" width=\"675\" height=\"450\" \/><figcaption id=\"caption-attachment-16173\" class=\"wp-caption-text\">Puerta del Ahorcado &#8211; que ver en El Barco de \u00c1vila<\/figcaption><\/figure>\n<blockquote><p><em>La Puerta de \u00c1vila tambi\u00e9n se llama la <strong>Puerta del Ahorcado<\/strong>. Su sobrenombre se debe a que estando el Gran Duque de Alba, en su palacio en Piedrahita. Llegaron unos regidores pidieron justicia ante los supuestos agravios que les causaba el alcaide de El Barco; irritado y poco convencido, el duque les contest\u00f3 que de ser ciertas las acusaciones ahorcar\u00eda al alcaide, pero que de no serlo los ahorcados ser\u00edan sus acusadores. Una vez comprobada la verdad, el alcaide fue ahorcado ante esta puerta.<\/em><\/p><\/blockquote>\n<h2>Plaza Mayor &#8211; que ver en El Barco de \u00c1vila<\/h2>\n<p>El centro del Barco de \u00c1vila discurre en torno a una <strong>plaza<\/strong> irregular. En ella, se suceden p\u00f3rticos con casonas con blasones de antiguos linajes de la poblaci\u00f3n. Detr\u00e1s de la plaza en direcci\u00f3n a la iglesia, una Capilla restaurada ocupa el solar de la casa natal de <strong>San Pedro del Barco<\/strong>, santo local que muri\u00f3 aqu\u00ed y que cuenta la leyenda que su cuerpo fue llevado por una mula hasta la ciudad de \u00c1vila, donde ser\u00eda enterrado.<\/p>\n<figure id=\"attachment_16171\" aria-describedby=\"caption-attachment-16171\" style=\"width: 675px\" class=\"wp-caption aligncenter\"><img data-recalc-dims=\"1\" loading=\"lazy\" decoding=\"async\" class=\"wp-image-16171 size-full\" src=\"https:\/\/i0.wp.com\/www.rutasporespana.es\/blog\/wp-content\/uploads\/2018\/05\/Plaza-Barco-Avila.jpg?resize=675%2C450&#038;ssl=1\" alt=\"Plaza Mayor - que ver en El Barco de \u00c1vila\" width=\"675\" height=\"450\" \/><figcaption id=\"caption-attachment-16171\" class=\"wp-caption-text\">Plaza Mayor &#8211; que ver en El Barco de \u00c1vila<\/figcaption><\/figure>\n<figure id=\"attachment_16174\" aria-describedby=\"caption-attachment-16174\" style=\"width: 675px\" class=\"wp-caption aligncenter\"><img data-recalc-dims=\"1\" loading=\"lazy\" decoding=\"async\" class=\"size-full wp-image-16174\" src=\"https:\/\/i0.wp.com\/www.rutasporespana.es\/blog\/wp-content\/uploads\/2018\/05\/Plaza2-Barco-Avila.jpg?resize=675%2C450&#038;ssl=1\" alt=\"Plaza Mayor - que ver en El Barco de \u00c1vila\" width=\"675\" height=\"450\" \/><figcaption id=\"caption-attachment-16174\" class=\"wp-caption-text\">Plaza Mayor &#8211; que ver en El Barco de \u00c1vila<\/figcaption><\/figure>\n<p><span class=\"Arquitectura\">En la Calle Mayor encontramos la <strong>Casa de los Balcones,<\/strong><\/span> con fachada del siglo XV, llamada as\u00ed por ser la primera casa del pueblo que pose\u00eda balcones. Sabiendo que fue casa de la Inquisici\u00f3n, ya sab\u00e9is que funci\u00f3n ten\u00eda los balcones.<\/p>\n<p><span class=\"Arquitectura\">En la misma calle encontramos el <strong>edificio de la C\u00e1rcel.<\/strong><\/span> Fue uno de los edificios que compr\u00f3 el Concejo a la parroquia en 1652 para meter a sus presos.<\/p>\n<figure id=\"attachment_16177\" aria-describedby=\"caption-attachment-16177\" style=\"width: 675px\" class=\"wp-caption aligncenter\"><img data-recalc-dims=\"1\" loading=\"lazy\" decoding=\"async\" class=\"size-full wp-image-16177\" src=\"https:\/\/i0.wp.com\/www.rutasporespana.es\/blog\/wp-content\/uploads\/2018\/05\/Carcel-Barco-Avila.jpg?resize=675%2C450&#038;ssl=1\" alt=\"C\u00e1rcel - que ver en El Barco de \u00c1vila\" width=\"675\" height=\"450\" \/><figcaption id=\"caption-attachment-16177\" class=\"wp-caption-text\">C\u00e1rcel &#8211; que ver en El Barco de \u00c1vila<\/figcaption><\/figure>\n<figure id=\"attachment_16175\" aria-describedby=\"caption-attachment-16175\" style=\"width: 675px\" class=\"wp-caption aligncenter\"><img data-recalc-dims=\"1\" loading=\"lazy\" decoding=\"async\" class=\"size-full wp-image-16175\" src=\"https:\/\/i0.wp.com\/www.rutasporespana.es\/blog\/wp-content\/uploads\/2018\/05\/Calle-Barco-Avila.jpg?resize=675%2C450&#038;ssl=1\" alt=\"Calles - que ver en El Barco de \u00c1vila\" width=\"675\" height=\"450\" \/><figcaption id=\"caption-attachment-16175\" class=\"wp-caption-text\">Calles &#8211; que ver en El Barco de \u00c1vila<\/figcaption><\/figure>\n<h2>Iglesia Parroquial de la Asunci\u00f3n &#8211; que ver en El Barco de \u00c1vila<\/h2>\n<p>En la plaza contigua a ese edificio se encuentra la fachada del <strong>Antiguo hospital de San Miguel<\/strong> (hoy residencia de ancianos) y de la <strong>Iglesia Parroquial de la Asunci\u00f3n<\/strong> (siglo XII) de estilo g\u00f3tico que conserva algunas trazas rom\u00e1nicas. En el interior destaca su grandioso retablo barroco de fines del siglo XVII, que se adapta a la forma poligonal del \u00e1bside. Resulta interesante su Museo Parroquial, que re\u00fane retablos, pinturas y esculturas de los siglos XIV a XVI.<\/p>\n<figure id=\"attachment_16172\" aria-describedby=\"caption-attachment-16172\" style=\"width: 675px\" class=\"wp-caption aligncenter\"><img data-recalc-dims=\"1\" loading=\"lazy\" decoding=\"async\" class=\"wp-image-16172 size-full\" src=\"https:\/\/i0.wp.com\/www.rutasporespana.es\/blog\/wp-content\/uploads\/2018\/05\/Iglesia-Asuncion-Barco.jpg?resize=675%2C450&#038;ssl=1\" alt=\"Iglesia de la Asunci\u00f3n - que ver en El Barco de \u00c1vila\" width=\"675\" height=\"450\" \/><figcaption id=\"caption-attachment-16172\" class=\"wp-caption-text\">Iglesia de la Asunci\u00f3n &#8211; que ver en El Barco de \u00c1vila<\/figcaption><\/figure>\n<h2>El museo de la jud\u00eda &#8211; que ver en El Barco de \u00c1vila<\/h2>\n<p>El museo de la jud\u00eda, inaugurado en 2014, rinde tributo a uno de los s\u00edmbolos de la localidad, las jud\u00eda, que en El Barco de \u00c1vila poseen denominaci\u00f3n de origen. Este museo, permite recorrer las variedades de jud\u00edas que son cultivadas en la comarca y la etnograf\u00eda de la zona. Sin duda uno de los museo que ver en El Barco de \u00c1vila<\/p>\n<figure id=\"attachment_16181\" aria-describedby=\"caption-attachment-16181\" style=\"width: 675px\" class=\"wp-caption aligncenter\"><img data-recalc-dims=\"1\" loading=\"lazy\" decoding=\"async\" class=\"wp-image-16181 size-full\" src=\"https:\/\/i0.wp.com\/www.rutasporespana.es\/blog\/wp-content\/uploads\/2018\/05\/Judias-Barco-Avila.jpg?resize=675%2C408&#038;ssl=1\" alt=\"Museo de las Jud\u00edas - que ver en El Barco de \u00c1vila\" width=\"675\" height=\"408\" \/><figcaption id=\"caption-attachment-16181\" class=\"wp-caption-text\">Museo de las Jud\u00edas &#8211; que ver en El Barco de \u00c1vila<\/figcaption><\/figure>\n<p>Abierto los s\u00e1bados de 11:00 a 14:00 h y de 16:30h a 19:00. Domingos de 11:00 a 14:00.<\/p>\n<h2>Ermita del Cristo del Ca\u00f1o &#8211; que ver en El Barco de \u00c1vila<\/h2>\n<p>Atravesando el puente medieval se llega al espacio de la <strong>Ermita del Cristo del Ca\u00f1o<\/strong>. Se trata de un habitual destino de los paseantes locales, que all\u00ed acuden a disfrutar de la vista panor\u00e1mica que ofrece el castillo con la sierra como tel\u00f3n de fondo. Esa ermita tiene una historia legendaria que confiere de a\u00fan m\u00e1s encanto al lugar.<\/p>\n<figure id=\"attachment_16178\" aria-describedby=\"caption-attachment-16178\" style=\"width: 675px\" class=\"wp-caption aligncenter\"><img data-recalc-dims=\"1\" loading=\"lazy\" decoding=\"async\" class=\"size-full wp-image-16178\" src=\"https:\/\/i0.wp.com\/www.rutasporespana.es\/blog\/wp-content\/uploads\/2018\/05\/Ermita-Cristo-Cano.jpg?resize=675%2C486&#038;ssl=1\" alt=\"Ermita del Cristo del Ca\u00f1o - que ver en El Barco de \u00c1vila\" width=\"675\" height=\"486\" \/><figcaption id=\"caption-attachment-16178\" class=\"wp-caption-text\">Ermita del Cristo del Ca\u00f1o &#8211; que ver en El Barco de \u00c1vila<\/figcaption><\/figure>\n<p>En el siglo XII una gran crecida del Tormes arrastr\u00f3 a la orilla izquierda del r\u00edo la imagen de un Cristo de madera de tama\u00f1o natural; los vecinos intentaron por tres veces colocarla en la iglesia parroquial, pero esta volv\u00eda a aparecer a la entrada del puente. Por ello erigieron all\u00ed una ermita que inicialmente se llam\u00f3 \u201cdel humilladero\u201d. Declarada en ruina cuatro siglos despu\u00e9s, la ermita se reconstruy\u00f3 en 1672. Al excavar en sus cimientos durante las obras apareci\u00f3 una corriente de agua que fue recogida en una fuente de tres ca\u00f1os; y esta dio nombre a la fuente y al Cristo del Ca\u00f1o.<\/p>\n<p><iframe loading=\"lazy\" src=\"https:\/\/www.google.com\/maps\/d\/u\/0\/embed?mid=1LBKl3pqyrjtpDSzQu6R4_-7rudM3L9t7\" width=\"675\" height=\"500\"><span style=\"display: inline-block; width: 0px; overflow: hidden; line-height: 0;\" data-mce-type=\"bookmark\" class=\"mce_SELRES_start\">\ufeff<\/span><\/iframe><\/p>\n<div class=\"caja-info\">\n<h2><span style=\"font-size: 45px; margin: 0 9px 0 0; padding: 0 13px 0 0;\">&gt;&gt;<\/span>Micolog\u00eda en Gredos<\/h2>\n<hr \/>\n<p>Una de las actividades m\u00e1s interesante que podemos hacer por la zona, especialmente en el oto\u00f1o. Es la b\u00fasqueda de seta, en especial en <strong>ansiado boletus<\/strong>, uno de los manjares de la cocina moderna. El entorno de El Barco de \u00c1vila en plena Sierra de Gredos, es un lugar ideal para hacer turismo micol\u00f3gico.<\/p>\n<p>Si ten\u00e9is planeado ir a por setas, recordar que necesitar\u00e9is sacaros la licencia previamente en Castilla y Le\u00f3n, o tambi\u00e9n pod\u00e9is directamente en el propio pueblo, y listo, buena caza.<\/p>\n<figure id=\"attachment_16182\" aria-describedby=\"caption-attachment-16182\" style=\"width: 675px\" class=\"wp-caption aligncenter\"><img data-recalc-dims=\"1\" loading=\"lazy\" decoding=\"async\" class=\"size-full wp-image-16182\" src=\"https:\/\/i0.wp.com\/www.rutasporespana.es\/blog\/wp-content\/uploads\/2018\/05\/Buscando-setas-Barco.jpg?resize=675%2C450&#038;ssl=1\" alt=\"Buscando setas - El Barco de \u00c1vila\" width=\"675\" height=\"450\" \/><figcaption id=\"caption-attachment-16182\" class=\"wp-caption-text\">Buscando setas &#8211; que ver en El Barco de \u00c1vila<\/figcaption><\/figure>\n<figure id=\"attachment_16183\" aria-describedby=\"caption-attachment-16183\" style=\"width: 675px\" class=\"wp-caption aligncenter\"><img data-recalc-dims=\"1\" loading=\"lazy\" decoding=\"async\" class=\"size-full wp-image-16183\" src=\"https:\/\/i0.wp.com\/www.rutasporespana.es\/blog\/wp-content\/uploads\/2018\/05\/Buscando-setas2-Barco.jpg?resize=675%2C450&#038;ssl=1\" alt=\"Buscando setas - El Barco de \u00c1vila\" width=\"675\" height=\"450\" \/><figcaption id=\"caption-attachment-16183\" class=\"wp-caption-text\">Buscando setas &#8211; que ver en El Barco de \u00c1vila<\/figcaption><\/figure>\n<h2 class=\"info\">M\u00e1s informaci\u00f3n sobre que ver en El Barco de \u00c1vila<\/h2>\n<p>Web del Ayuntamiento: <a href=\"https:\/\/aytobarcodeavila.net\/\" target=\"_blank\" rel=\"nofollow noopener noreferrer\">https:\/\/aytobarcodeavila.net\/<\/a><\/p>\n<h2 class=\"comida\">D\u00f3nde comer<\/h2>\n<p>Los m\u00e1s recomendables:<\/p>\n<ul>\n<li><strong>Ly.2<\/strong> (C\/ cabezuelo 30): echa para atr\u00e1s su ubicaci\u00f3n y su exterior, pero su cocina es una de las mejores de Barco de \u00c1vila.<\/li>\n<li><strong>Casa Lucio<\/strong> (Calle de la Pasi\u00f3n 3): se come bien, pero es un poco m\u00e1s caro.<\/li>\n<\/ul>\n<figure id=\"attachment_16179\" aria-describedby=\"caption-attachment-16179\" style=\"width: 675px\" class=\"wp-caption aligncenter\"><img data-recalc-dims=\"1\" loading=\"lazy\" decoding=\"async\" class=\"size-full wp-image-16179\" src=\"https:\/\/i0.wp.com\/www.rutasporespana.es\/blog\/wp-content\/uploads\/2018\/05\/Chuleton-de-Avila.jpg?resize=675%2C450&#038;ssl=1\" alt=\"Chulet\u00f3n de \u00c1vila\" width=\"675\" height=\"450\" \/><figcaption id=\"caption-attachment-16179\" class=\"wp-caption-text\">Chulet\u00f3n de \u00c1vila &#8211; Casa Lucio<\/figcaption><\/figure>\n<h2 class=\"comida\">D\u00f3nde dormir<\/h2>\n<p>Si quieres descubrir este pueblo con encanto aqu\u00ed tienes los alojamientos que puedes encontrar por la zona. Te recomendamos el <strong>Hotel Iz\u00e1n Puerta de Gredos<\/strong>, que posee un magn\u00edfico Spa, y est\u00e1 muy bien de precio, \u00e9ste y otros alojamientos los puedes reservar aqu\u00ed:<\/p>\n<ul>\n<li><a href=\"https:\/\/booking.stay22.com\/rutasporespana\/pG_dqw7kLP\" target=\"_blank\" rel=\"nofollow noopener sponsored\">Oferta de hostales y casas rurales en El Barco de \u00c1vila<\/a><\/li>\n<\/ul>\n<\/div>\n<h2>Tambi\u00e9n te puede interesar&#8230;<\/h2>\n<p>Si quieres descubrir otros rincones de \u00c1vila. Aqu\u00ed tienes algunas propuestas:<\/p>\n<ul>\n<li><a title=\"10 cosas que hacer en \u00c1vila\" href=\"https:\/\/www.rutasporespana.es\/blog\/que-ver-avila\/\" target=\"_blank\" rel=\"noopener noreferrer\">Los 10 pueblos m\u00e1s bonitos de la provincia de \u00c1vila<\/a><\/li>\n<li><a href=\"https:\/\/www.rutasporespana.es\/blog\/que-ver-en-madrigal-de-las-altas-torres\/\" target=\"_blank\" rel=\"noopener noreferrer\">Madrigal de las Altas Torres<\/a><\/li>\n<li><a href=\"https:\/\/www.rutasporespana.es\/blog\/ruta-por-la-provincia-de-avila-que-ver-en-candeleda\/\" target=\"_blank\" rel=\"noopener noreferrer\">Candeleda<\/a><\/li>\n<li><a href=\"https:\/\/www.rutasporespana.es\/blog\/ruta-por-la-provincia-de-avila-que-ver-en-el-barco-de-avila\/\" target=\"_blank\" rel=\"noopener noreferrer\">Ar\u00e9valo<\/a><\/li>\n<li><a href=\"https:\/\/www.rutasporespana.es\/blog\/ruta-por-provincia-avila-que-ver-en-piedrahita\/\" target=\"_blank\" rel=\"noopener noreferrer\">Piedrahita<\/a><\/li>\n<li><a href=\"https:\/\/www.rutasporespana.es\/blog\/ruta-por-valle-de-tietar-que-ver-en-arenas-de-san-pedro\/\" target=\"_blank\" rel=\"noopener noreferrer\">Arenas de San Pedro<\/a><\/li>\n<\/ul>\n<hr \/>\n<p><em>Los costes de este blog se sufragan mediante enlaces de afiliaci\u00f3n, que hacen que ganemos una peque\u00f1a comisi\u00f3n si reservas alg\u00fan producto a trav\u00e9s de los mismos. No tiene ning\u00fan coste adicional para ti y los enlaces solo son a sitios que recomendamos y que hemos utilizado nosotros mismos.<\/em><\/p>\n","protected":false},"excerpt":{"rendered":"<div class=\"mh-excerpt\"><p>Hoy te contamos que ver en El Barco de \u00c1vila. Situada entre la sierra de B\u00e9jar y el macizo de Gredos se levanta esta antigua <a class=\"mh-excerpt-more\" href=\"https:\/\/www.rutasporespana.es\/blog\/ruta-por-la-provincia-de-avila-que-ver-en-el-barco-de-avila\/\" title=\"Qu\u00e9 ver en El Barco de \u00c1vila, la entrada a Gredos\">[&#8230;]<\/a><\/p>\n<\/div>","protected":false},"author":1,"featured_media":11198,"comment_status":"open","ping_status":"open","sticky":false,"template":"","format":"standard","meta":{"_jetpack_memberships_contains_paid_content":false,"footnotes":"","jetpack_publicize_message":"","jetpack_publicize_feature_enabled":true,"jetpack_social_post_already_shared":true,"jetpack_social_options":{"image_generator_settings":{"template":"highway","default_image_id":0,"font":"","enabled":false},"version":2}},"categories":[168,12],"tags":[74],"class_list":["post-9998","post","type-post","status-publish","format-standard","has-post-thumbnail","hentry","category-avila","category-castilla-y-leon","tag-pueblos-con-encanto"],"aioseo_notices":[],"jetpack_publicize_connections":[],"jetpack_featured_media_url":"https:\/\/i0.wp.com\/www.rutasporespana.es\/blog\/wp-content\/uploads\/2018\/05\/El-Barco-de-Avila.jpg?fit=675%2C566&ssl=1","jetpack_sharing_enabled":true,"_links":{"self":[{"href":"https:\/\/www.rutasporespana.es\/blog\/wp-json\/wp\/v2\/posts\/9998","targetHints":{"allow":["GET"]}}],"collection":[{"href":"https:\/\/www.rutasporespana.es\/blog\/wp-json\/wp\/v2\/posts"}],"about":[{"href":"https:\/\/www.rutasporespana.es\/blog\/wp-json\/wp\/v2\/types\/post"}],"author":[{"embeddable":true,"href":"https:\/\/www.rutasporespana.es\/blog\/wp-json\/wp\/v2\/users\/1"}],"replies":[{"embeddable":true,"href":"https:\/\/www.rutasporespana.es\/blog\/wp-json\/wp\/v2\/comments?post=9998"}],"version-history":[{"count":0,"href":"https:\/\/www.rutasporespana.es\/blog\/wp-json\/wp\/v2\/posts\/9998\/revisions"}],"wp:featuredmedia":[{"embeddable":true,"href":"https:\/\/www.rutasporespana.es\/blog\/wp-json\/wp\/v2\/media\/11198"}],"wp:attachment":[{"href":"https:\/\/www.rutasporespana.es\/blog\/wp-json\/wp\/v2\/media?parent=9998"}],"wp:term":[{"taxonomy":"category","embeddable":true,"href":"https:\/\/www.rutasporespana.es\/blog\/wp-json\/wp\/v2\/categories?post=9998"},{"taxonomy":"post_tag","embeddable":true,"href":"https:\/\/www.rutasporespana.es\/blog\/wp-json\/wp\/v2\/tags?post=9998"}],"curies":[{"name":"wp","href":"https:\/\/api.w.org\/{rel}","templated":true}]}}