{"id":9893,"date":"2023-09-26T18:00:48","date_gmt":"2023-09-26T16:00:48","guid":{"rendered":"http:\/\/www.rutasporespana.es\/blog\/?p=9893"},"modified":"2025-10-08T13:03:00","modified_gmt":"2025-10-08T11:03:00","slug":"ruta-por-la-provincia-albacete-que-ver-en-albacete","status":"publish","type":"post","link":"https:\/\/www.rutasporespana.es\/blog\/ruta-por-la-provincia-albacete-que-ver-en-albacete\/","title":{"rendered":"15 rincones que ver en ALBACETE capital en un d\u00eda"},"content":{"rendered":"<p>La ciudad de Albacete es la ciudad con m\u00e1s poblada y desarrollada de Castilla La Mancha. A pesar de la mala reputaci\u00f3n que injustamente ha castigado a la ciudad, por sus excesos urban\u00edsticos, los alicientes tur\u00edsticos para visitar Albacete son innumerables, ya que conserva muchos edificios modernistas. Pero si hay una fecha clave para visitar Albacete es durante su Feria de Septiembre, una de los eventos m\u00e1s importantes de la ciudad. As\u00ed que si le quieren dar una oportunidad, te mostramos <strong>que ver en Albacete<\/strong> tanto si cuenta con un d\u00eda o pasas un fin de semana en la ciudad.<\/p>\n<p><!--more--><\/p>\n<h2>\u00bfC\u00f3mo llegar a Albacete?<\/h2>\n<ul>\n<li><strong>En coche<\/strong><\/li>\n<\/ul>\n<p>La forma m\u00e1s r\u00e1pida es por la AP-36 que une <a href=\"https:\/\/www.rutasporespana.es\/blog\/lugares-de-leyenda-de-la-villa-de-ocana-que-ver-en-ocana\/\" target=\"_blank\" rel=\"noopener noreferrer\">Oca\u00f1a<\/a> con La Roda. Pero si no quieres peajes puedes tomar desde Madrid, directamente la autov\u00eda A-31. Desde Murcia, por la A-30. Y por Andaluc\u00eda lo mejor es la N-322.<\/p>\n<ul>\n<li><strong>En transporte p\u00fablico<\/strong><\/li>\n<\/ul>\n<p>Podemos llegar a Albacete a trav\u00e9s de la l\u00ednea de autobuses ALSA que une <a href=\"https:\/\/www.rutasporespana.es\/blog\/que-ver-en-madrid-en-dos-dias\/\" target=\"_blank\" rel=\"noopener noreferrer\">Madrid<\/a> con <a href=\"https:\/\/www.rutasporespana.es\/blog\/lugares-con-encanto-costa-blanca-que-ver-alicante\/\" target=\"_blank\" rel=\"noopener noreferrer\">Alicante<\/a> y Murcia. Tambi\u00e9n podemos llegar en tren. Ambas estaciones se encuentra una al lado del otro y muy cerca del centro de la ciudad.<\/p>\n<h2>\u00bfQu\u00e9 ver en Albacete?<\/h2>\n<p>Bajo el nombre de Al-Basit (la Llanura, en \u00e1rabe) surge como una peque\u00f1a alquer\u00eda de Chinchilla. Albacete fue conquistada por Fernando III en 1241 pasando a integra en el concejo de Alarc\u00f3n, y posteriormente al se\u00f1or\u00edo del infante Don Manuel.<\/p>\n<p>Carlos I entrega la villa como regalo de bodas a su futura esposa la emperatriz Isabel de Portugal. Gracias a ello, se instalan en la zona de diversas \u00f3rdenes monacales, y se construye la Iglesia de San Juan. La Guerra de Sucesi\u00f3n espa\u00f1ola, da a Albacete el privilegio de \u201cFeria Franca\u201d gracias a su apoyo a Felipe V. Y finalmente con la Guerra Civil fue un importante nudo de comunicaciones gracias a su lejan\u00eda con el frente de guerra. Es por ello que fue elegida como cuartel general de las Brigadas Internacionales, lo provoc\u00f3 continuos bombardeos que acabaron con gran parte de su patrimonio.<\/p>\n<blockquote><p><em>Si quieres descubrir todos los secretos de Albacete, lo mejor es que reserves una visita guiada por Ciudad. Nosotros hicimos la <a href=\"https:\/\/www.civitatis.com\/es\/albacete\/visita-guiada-albacete\/?aid=2170\" target=\"_blank\" rel=\"nofollow noopener sponsored\">visita guiada con Civitatis<\/a> (si reservas con este enlace a ti te cuesta lo mismo y a nosotros nos permite seguir escribiendo, gracias)<\/em><\/p><\/blockquote>\n<h2>1. F\u00e1brica de Harinas<\/h2>\n<hr \/>\n<p>Partiendo desde la estaci\u00f3n de Albacete nuestra primera parada es el <strong>parque Lineal<\/strong>, una de las zonas verdes de la ciudad. Siguiendo el paseo llegamos a la antigua <strong>F\u00e1brica de Harinas<\/strong> (siglo XX). Su dise\u00f1o segu\u00eda el modelo europeo industrial de la \u00e9poca, que inclu\u00eda, adem\u00e1s de la f\u00e1brica, un complejo formado por viviendas para los trabajadores, muelles, talleres y almacenes, todo ello rodeado por una verja. La f\u00e1brica se convirti\u00f3 durante 50 a\u00f1os en una de las industrias m\u00e1s importantes y emblem\u00e1ticas de Albacete hasta que cerr\u00f3 en 1989.<\/p>\n<figure id=\"attachment_18211\" aria-describedby=\"caption-attachment-18211\" style=\"width: 675px\" class=\"wp-caption aligncenter\"><img data-recalc-dims=\"1\" loading=\"lazy\" decoding=\"async\" class=\"wp-image-18211 size-full\" src=\"https:\/\/i0.wp.com\/www.rutasporespana.es\/blog\/wp-content\/uploads\/2019\/09\/Albacete14.jpg?resize=675%2C450&#038;ssl=1\" alt=\"F\u00e1brica de Harinas - que ver en Albacete\" width=\"675\" height=\"450\" \/><figcaption id=\"caption-attachment-18211\" class=\"wp-caption-text\">F\u00e1brica de Harinas &#8211; que ver en Albacete<\/figcaption><\/figure>\n<figure id=\"attachment_18210\" aria-describedby=\"caption-attachment-18210\" style=\"width: 675px\" class=\"wp-caption aligncenter\"><img data-recalc-dims=\"1\" loading=\"lazy\" decoding=\"async\" class=\"wp-image-18210 size-full\" src=\"https:\/\/i0.wp.com\/www.rutasporespana.es\/blog\/wp-content\/uploads\/2019\/09\/Albacete13.jpg?resize=675%2C450&#038;ssl=1\" alt=\"F\u00e1brica de Harinas - que ver en Albacete\" width=\"675\" height=\"450\" \/><figcaption id=\"caption-attachment-18210\" class=\"wp-caption-text\">F\u00e1brica de Harinas &#8211; que ver en Albacete<\/figcaption><\/figure>\n<h2>2. Catedral de San Juan Bautista, el templo m\u00e1s importante que ver en Albacete<\/h2>\n<hr \/>\n<p>Volvemos sobre nuestros pasos, y nos adentramos al casco antiguo, El primero de los monumentos de mayor relevancia es la <strong>Catedral de San Juan Bautista<\/strong>, comenzada en 1515 y finalizada cinco siglos despu\u00e9s en 1949 con criterios muy alejados de los originales.<\/p>\n<figure id=\"attachment_18206\" aria-describedby=\"caption-attachment-18206\" style=\"width: 675px\" class=\"wp-caption aligncenter\"><img data-recalc-dims=\"1\" loading=\"lazy\" decoding=\"async\" class=\"wp-image-18206 size-full\" src=\"https:\/\/i0.wp.com\/www.rutasporespana.es\/blog\/wp-content\/uploads\/2019\/09\/Albacete12.jpg?resize=675%2C450&#038;ssl=1\" alt=\"Catedral de Albacete - que ver en Albacete\" width=\"675\" height=\"450\" \/><figcaption id=\"caption-attachment-18206\" class=\"wp-caption-text\">Catedral de Albacete &#8211; que ver en Albacete<\/figcaption><\/figure>\n<p>En su interior destaca sus cuatro columnas y sacrist\u00eda renacentistas, junto a las tablas que el llamado \u201cMaestro de Albacete\u201d prepar\u00f3 para el retablo de la capilla de la Virgen de los Llanos. Y como no, sus grandes lienzos pintados en las paredes que ocupan una superficie de 1000 m\u00b2 obra del pintor y sacerdote valenciano Casimiro Escrib\u00e1.<\/p>\n<figure id=\"attachment_18204\" aria-describedby=\"caption-attachment-18204\" style=\"width: 675px\" class=\"wp-caption aligncenter\"><img data-recalc-dims=\"1\" loading=\"lazy\" decoding=\"async\" class=\"wp-image-18204 size-full\" src=\"https:\/\/i0.wp.com\/www.rutasporespana.es\/blog\/wp-content\/uploads\/2019\/09\/Albacete10.jpg?resize=675%2C450&#038;ssl=1\" alt=\"Catedral de Albacete - que ver en Albacete\" width=\"675\" height=\"450\" \/><figcaption id=\"caption-attachment-18204\" class=\"wp-caption-text\">Catedral de Albacete &#8211; que ver en Albacete<\/figcaption><\/figure>\n<figure id=\"attachment_18203\" aria-describedby=\"caption-attachment-18203\" style=\"width: 675px\" class=\"wp-caption aligncenter\"><img data-recalc-dims=\"1\" loading=\"lazy\" decoding=\"async\" class=\"wp-image-18203 size-full\" src=\"https:\/\/i0.wp.com\/www.rutasporespana.es\/blog\/wp-content\/uploads\/2019\/09\/Albacete9.jpg?resize=675%2C450&#038;ssl=1\" alt=\"Catedral de Albacete- que ver en Albacete\" width=\"675\" height=\"450\" \/><figcaption id=\"caption-attachment-18203\" class=\"wp-caption-text\">Catedral de Albacete &#8211; que ver en Albacete<\/figcaption><\/figure>\n<h2>3. Museo de la Cuchiller\u00eda, un lugar \u00fanico que ver en Albacete<\/h2>\n<hr \/>\n<p>Dado el poder de la burgues\u00eda albacetense de principios del siglo XX, el modernismo dej\u00f3 su impronta en las inmediaciones de la catedral. El ejemplo m\u00e1s emblem\u00e1tico es la llamada Casa del Hortelano, palacio que alberga el <strong>Museo de la Cuchiller\u00eda<\/strong>, donde se muestra una excelente colecci\u00f3n de cuchillos y tijeras de la que tradicionalmente ha sido la principal artesan\u00eda de la ciudad.<\/p>\n<figure id=\"attachment_18214\" aria-describedby=\"caption-attachment-18214\" style=\"width: 675px\" class=\"wp-caption aligncenter\"><img data-recalc-dims=\"1\" loading=\"lazy\" decoding=\"async\" class=\"wp-image-18214 size-full\" src=\"https:\/\/i0.wp.com\/www.rutasporespana.es\/blog\/wp-content\/uploads\/2019\/09\/Albacete15.jpg?resize=675%2C450&#038;ssl=1\" alt=\"Museo de Cuchiller\u00eda - que ver en Albacete\" width=\"675\" height=\"450\" \/><figcaption id=\"caption-attachment-18214\" class=\"wp-caption-text\">Fachada del museo de Cuchiller\u00eda &#8211; que ver en Albacete<\/figcaption><\/figure>\n<figure id=\"attachment_18202\" aria-describedby=\"caption-attachment-18202\" style=\"width: 675px\" class=\"wp-caption aligncenter\"><img data-recalc-dims=\"1\" loading=\"lazy\" decoding=\"async\" class=\"wp-image-18202 size-full\" src=\"https:\/\/i0.wp.com\/www.rutasporespana.es\/blog\/wp-content\/uploads\/2019\/09\/Albacete8.jpg?resize=675%2C450&#038;ssl=1\" alt=\"Museo de Cuchiller\u00eda- que ver en Albacete\" width=\"675\" height=\"450\" \/><figcaption id=\"caption-attachment-18202\" class=\"wp-caption-text\">Interior museo de Cuchiller\u00eda &#8211; que ver en Albacete<\/figcaption><\/figure>\n<figure id=\"attachment_18208\" aria-describedby=\"caption-attachment-18208\" style=\"width: 675px\" class=\"wp-caption aligncenter\"><img data-recalc-dims=\"1\" loading=\"lazy\" decoding=\"async\" class=\"wp-image-18208 size-full\" src=\"https:\/\/i0.wp.com\/www.rutasporespana.es\/blog\/wp-content\/uploads\/2019\/09\/Albacete7.jpg?resize=675%2C450&#038;ssl=1\" alt=\"Museo de Cuchiller\u00eda- que ver en Albacete\" width=\"675\" height=\"450\" \/><figcaption id=\"caption-attachment-18208\" class=\"wp-caption-text\">Museo de Cuchiller\u00eda &#8211; que ver en Albacete<\/figcaption><\/figure>\n<figure id=\"attachment_18207\" aria-describedby=\"caption-attachment-18207\" style=\"width: 675px\" class=\"wp-caption aligncenter\"><img data-recalc-dims=\"1\" loading=\"lazy\" decoding=\"async\" class=\"wp-image-18207 size-full\" src=\"https:\/\/i0.wp.com\/www.rutasporespana.es\/blog\/wp-content\/uploads\/2019\/09\/Albacete6.jpg?resize=675%2C450&#038;ssl=1\" alt=\"Museo de Cuchiller\u00eda- que ver en Albacete\" width=\"675\" height=\"450\" \/><figcaption id=\"caption-attachment-18207\" class=\"wp-caption-text\">Navajas &#8211; que ver en Albacete<\/figcaption><\/figure>\n<div class=\"caja-info\">\n<p class=\"info\"><strong>M\u00e1s informaci\u00f3n<\/strong><\/p>\n<ul>\n<li><strong>Horario:<\/strong> De martes a domingo de 10:00 a 14:00 y de 17:00 a 20:00 (verano de 17:30 a 20:30). Festivos de 10:00 a 14:00.<\/li>\n<li><strong>Precio:<\/strong> 3 \u20ac general \/ 0,5 \u20ac jubilados \/ 1 \u20ac estudiantes \/ 2\u20ac grupos (+10)<\/li>\n<li><strong>Web:<\/strong> <a href=\"https:\/\/www.museocuchilleria.es\/\" target=\"_blank\" rel=\"nofollow noopener noreferrer\">https:\/\/www.museocuchilleria.es<\/a><\/li>\n<\/ul>\n<\/div>\n<h2>4. El Ayuntamiento<\/h2>\n<hr \/>\n<p>Junto al museo tenemos el actual el <strong>Auditorio de m\u00fasica<\/strong> y <strong>Ayuntamiento<\/strong>. Una construcci\u00f3n moderna coronado con un gran reloj y rodeada de jardines.<\/p>\n<figure id=\"attachment_18232\" aria-describedby=\"caption-attachment-18232\" style=\"width: 675px\" class=\"wp-caption aligncenter\"><img data-recalc-dims=\"1\" loading=\"lazy\" decoding=\"async\" class=\"wp-image-18232 size-full\" src=\"https:\/\/i0.wp.com\/www.rutasporespana.es\/blog\/wp-content\/uploads\/2019\/09\/Albacete30.jpg?resize=675%2C450&#038;ssl=1\" alt=\"Ayuntamiento de Albacete- que ver en Albacete\" width=\"675\" height=\"450\" \/><figcaption id=\"caption-attachment-18232\" class=\"wp-caption-text\">Ayuntamiento de Albacete- que ver en Albacete<\/figcaption><\/figure>\n<h2>5. Teatro Circo<\/h2>\n<hr \/>\n<p>Muy cerca encontramos el <strong>Teatro Circo<\/strong>, un hist\u00f3rico espacio esc\u00e9nico, siendo el \u00fanico teatro de Espa\u00f1a que mantiene una doble funcionalidad esc\u00e9nica y estructural tanto para teatro como para espect\u00e1culos circenses y uno de los seis teatros circo del siglo XIX existente en el mundo. En su seno se celebra cada a\u00f1o el prestigioso Festival Internacional de Circo de Albacete.<\/p>\n<figure id=\"attachment_18231\" aria-describedby=\"caption-attachment-18231\" style=\"width: 675px\" class=\"wp-caption aligncenter\"><img data-recalc-dims=\"1\" loading=\"lazy\" decoding=\"async\" class=\"wp-image-18231 size-full\" src=\"https:\/\/i0.wp.com\/www.rutasporespana.es\/blog\/wp-content\/uploads\/2019\/09\/Albacete29.jpg?resize=675%2C450&#038;ssl=1\" alt=\"Teatro Circo- que ver en Albacete\" width=\"675\" height=\"450\" \/><figcaption id=\"caption-attachment-18231\" class=\"wp-caption-text\">Teatro Circo- que ver en Albacete<\/figcaption><\/figure>\n<h2>6. Plaza del Altozano, un rinc\u00f3n \u00fanico que ver en Albacete<\/h2>\n<hr \/>\n<p>Nuestra siguiente parada es la <strong>plaza del Altozano<\/strong>, uno de los lugares m\u00e1s importantes para los albacete\u00f1os. En esta plaza rodeada de edificios modernistas, se encuentra el Antiguo Ayuntamiento, reconvertido en sede del Museo de Arte Popular del Mundo que ofrece exposiciones temporales. No podemos irnos sin fotografiar a las tres esculturas que habitan en la plaza: el monumento al Cuchillero, la Gran Dama Oferente y a la Bicha de Balazote (una reproducci\u00f3n de una escultura del siglo VI a. C. de arte Ibero encontrada en la localidad albacete\u00f1a de Balazote).<\/p>\n<figure id=\"attachment_18212\" aria-describedby=\"caption-attachment-18212\" style=\"width: 675px\" class=\"wp-caption aligncenter\"><img data-recalc-dims=\"1\" loading=\"lazy\" decoding=\"async\" class=\"wp-image-18212 size-full\" src=\"https:\/\/i0.wp.com\/www.rutasporespana.es\/blog\/wp-content\/uploads\/2019\/09\/Albacete3.jpg?resize=675%2C450&#038;ssl=1\" alt=\"Plaza del Altozano - que ver en Albacete\" width=\"675\" height=\"450\" \/><figcaption id=\"caption-attachment-18212\" class=\"wp-caption-text\">Plaza del Altozano &#8211; que ver en Albacete<\/figcaption><\/figure>\n<figure id=\"attachment_18209\" aria-describedby=\"caption-attachment-18209\" style=\"width: 675px\" class=\"wp-caption aligncenter\"><img data-recalc-dims=\"1\" loading=\"lazy\" decoding=\"async\" class=\"wp-image-18209 size-full\" src=\"https:\/\/i0.wp.com\/www.rutasporespana.es\/blog\/wp-content\/uploads\/2019\/09\/Albacete2.jpg?resize=675%2C450&#038;ssl=1\" alt=\"Plaza del Altozano - que ver en Albacete\" width=\"675\" height=\"450\" \/><figcaption id=\"caption-attachment-18209\" class=\"wp-caption-text\">Plaza del Altozano &#8211; que ver en Albacete<\/figcaption><\/figure>\n<h2>7. Pasaje de Lodares, parada imprescindible que ver en Albacete<\/h2>\n<hr \/>\n<p>Bajando por el Paseo de la Libertad, nos dirigimos a uno de los rincones m\u00e1s emblem\u00e1ticos de la ciudad, el <strong>Pasaje de Lodares<\/strong>. Fue mandado a construir en 1925 por Gabriel Lodares, alcalde de la ciudad, que se inspir\u00f3 en las galer\u00edas comerciales italianas para su dise\u00f1o. Se trata de una galer\u00eda comercial realizada en piedra, hierro y vidrio por el arquitecto valenciano Buenaventura Ferrando Castell.<\/p>\n<p>Une la calle Mayor con la calle del Tinte y sus dos fachadas son distintas, siendo la que da a la calle del Tinte la m\u00e1s monumental. Hoy es uno de los \u00faltimos ejemplos de galer\u00edas modernistas que quedan en Espa\u00f1a y uno de los rincones \u00fanicos que ver en Albacete.<\/p>\n<figure id=\"attachment_18213\" aria-describedby=\"caption-attachment-18213\" style=\"width: 675px\" class=\"wp-caption aligncenter\"><img data-recalc-dims=\"1\" loading=\"lazy\" decoding=\"async\" class=\"wp-image-18213 size-full\" src=\"https:\/\/i0.wp.com\/www.rutasporespana.es\/blog\/wp-content\/uploads\/2019\/09\/Albacete4.jpg?resize=675%2C450&#038;ssl=1\" alt=\"Pasaje Lodares - que ver en Albacete\" width=\"675\" height=\"450\" \/><figcaption id=\"caption-attachment-18213\" class=\"wp-caption-text\">Pasaje Lodares &#8211; que ver en Albacete<\/figcaption><\/figure>\n<figure id=\"attachment_18201\" aria-describedby=\"caption-attachment-18201\" style=\"width: 675px\" class=\"wp-caption aligncenter\"><img data-recalc-dims=\"1\" loading=\"lazy\" decoding=\"async\" class=\"wp-image-18201 size-full\" src=\"https:\/\/i0.wp.com\/www.rutasporespana.es\/blog\/wp-content\/uploads\/2019\/09\/Albacete5.jpg?resize=675%2C450&#038;ssl=1\" alt=\"Pasaje Lodares - que ver en Albacete\" width=\"675\" height=\"450\" \/><figcaption id=\"caption-attachment-18201\" class=\"wp-caption-text\">Pasaje Lodares &#8211; que ver en Albacete<\/figcaption><\/figure>\n<h2>8. Posada del Rosario<\/h2>\n<hr \/>\n<p>Al otro lado del pasaje encontramos la <strong>Posada del Rosario<\/strong>, vieja casona del siglo XVI de estilo g\u00f3tico-mud\u00e9jar con elementos renacentistas. Actualmente es una biblioteca municipal por lo que solo se puede acceder de lunes a viernes.<\/p>\n<figure id=\"attachment_18219\" aria-describedby=\"caption-attachment-18219\" style=\"width: 675px\" class=\"wp-caption aligncenter\"><img data-recalc-dims=\"1\" loading=\"lazy\" decoding=\"async\" class=\"wp-image-18219 size-full\" src=\"https:\/\/i0.wp.com\/www.rutasporespana.es\/blog\/wp-content\/uploads\/2019\/09\/Albacete27.jpg?resize=675%2C450&#038;ssl=1\" alt=\"Posada del Rosario - que ver en Albacete\" width=\"675\" height=\"450\" \/><figcaption id=\"caption-attachment-18219\" class=\"wp-caption-text\">Posada del Rosario &#8211; que ver en Albacete<\/figcaption><\/figure>\n<figure id=\"attachment_18218\" aria-describedby=\"caption-attachment-18218\" style=\"width: 675px\" class=\"wp-caption aligncenter\"><img data-recalc-dims=\"1\" loading=\"lazy\" decoding=\"async\" class=\"wp-image-18218 size-full\" src=\"https:\/\/i0.wp.com\/www.rutasporespana.es\/blog\/wp-content\/uploads\/2019\/09\/Albacete26.jpg?resize=675%2C450&#038;ssl=1\" alt=\"Posada del Rosario - que ver en Albacete\" width=\"675\" height=\"450\" \/><figcaption id=\"caption-attachment-18218\" class=\"wp-caption-text\">Posada del Rosario &#8211; que ver en Albacete<\/figcaption><\/figure>\n<h2>9. Museo Provincial, principal museo que ver en Albacete<\/h2>\n<hr \/>\n<p>Continuando por el Paseo de la Libertad, llegamos Parque de Abelardo S\u00e1nchez, un gran pulm\u00f3n verde, en cuyo interior se encuentra el <strong>Museo Provincial<\/strong>, que alberga el museo arqueol\u00f3gico con piezas como las mu\u00f1ecas de Ontur (figuras de \u00e1mbar y marfil de la \u00e9poca romana), la cabeza iberorromana del Tolmo o la Cruz de T\u00e9rmino (obra del siglo XV). Uno de los museos imprescindibles que ver en Albacete.<\/p>\n<figure id=\"attachment_18221\" aria-describedby=\"caption-attachment-18221\" style=\"width: 675px\" class=\"wp-caption aligncenter\"><img data-recalc-dims=\"1\" loading=\"lazy\" decoding=\"async\" class=\"wp-image-18221 size-full\" src=\"https:\/\/i0.wp.com\/www.rutasporespana.es\/blog\/wp-content\/uploads\/2019\/09\/Albacete21.jpg?resize=675%2C450&#038;ssl=1\" alt=\"Museo Municipal de Albacete- que ver en Albacete\" width=\"675\" height=\"450\" \/><figcaption id=\"caption-attachment-18221\" class=\"wp-caption-text\">Espacio del Museo Municipal<\/figcaption><\/figure>\n<figure id=\"attachment_18223\" aria-describedby=\"caption-attachment-18223\" style=\"width: 675px\" class=\"wp-caption aligncenter\"><img data-recalc-dims=\"1\" loading=\"lazy\" decoding=\"async\" class=\"wp-image-18223 size-full\" src=\"https:\/\/i0.wp.com\/www.rutasporespana.es\/blog\/wp-content\/uploads\/2019\/09\/Albacete23.jpg?resize=675%2C450&#038;ssl=1\" alt=\"Museo Municipal de Albacete- que ver en Albacete\" width=\"675\" height=\"450\" \/><figcaption id=\"caption-attachment-18223\" class=\"wp-caption-text\">Estatua ecuestre del Museo Municipal de Albacete<\/figcaption><\/figure>\n<figure id=\"attachment_18222\" aria-describedby=\"caption-attachment-18222\" style=\"width: 675px\" class=\"wp-caption aligncenter\"><img data-recalc-dims=\"1\" loading=\"lazy\" decoding=\"async\" class=\"wp-image-18222 size-full\" src=\"https:\/\/i0.wp.com\/www.rutasporespana.es\/blog\/wp-content\/uploads\/2019\/09\/Albacete22.jpg?resize=675%2C450&#038;ssl=1\" alt=\"Museo Municipal de Albacete- que ver en Albacete\" width=\"675\" height=\"450\" \/><figcaption id=\"caption-attachment-18222\" class=\"wp-caption-text\">Museo Municipal de Albacete- que ver en Albacete<\/figcaption><\/figure>\n<div class=\"caja-info\">\n<p class=\"info\"><strong>M\u00e1s informaci\u00f3n<\/strong><\/p>\n<ul>\n<li><strong>Horario:<\/strong>\n<ul>\n<li><strong>Del 18 de septiembre al 30 de junio<\/strong>: de martes a s\u00e1bados 10:00 a 14:00\u00a0 y 16:30 a 19:00. Domingos y festivos de 9:30 a 14:00.<\/li>\n<li><strong>Del 1 de julio al 17 de\u00a0 septiembre<\/strong>: de martes a s\u00e1bados de 10:00 a 14:00. Domingos y festivos de 9:30 a 14:00.<\/li>\n<\/ul>\n<\/li>\n<li><strong>Precio:<\/strong> 3 \u20ac general \/ 1,5 \u20ac reducida. Gratis: Mi\u00e9rcoles y s\u00e1bados de 16:30 a 19:00, y domingos de 9:30 a 14:00.<\/li>\n<li><strong>Web:\u00a0<\/strong><a href=\"https:\/\/cultura.castillalamancha.es\/museos\/nuestros-museos\/museo-de-albacete\" target=\"_blank\" rel=\"nofollow noopener noreferrer\">https:\/\/cultura.castillalamancha.es\/museos\/nuestros-museos\/museo-de-albacete<\/a><\/li>\n<\/ul>\n<\/div>\n<h2>10. Dep\u00f3sitos del Sol, uno de los sitios m\u00e1s curiosos que ver en Albacete<\/h2>\n<hr \/>\n<p>Por su singularidad merece la pena tomar la calle Calder\u00f3n de la Barca para llegar los <strong>Dep\u00f3sitos del Sol,<\/strong> unos antiguos dep\u00f3sitos de agua, que ahora alberga la Biblioteca Municipal y cuya rehabilitaci\u00f3n fue obra de obra del arquitecto Francisco Jurado Jim\u00e9nez.<\/p>\n<figure id=\"attachment_18224\" aria-describedby=\"caption-attachment-18224\" style=\"width: 675px\" class=\"wp-caption aligncenter\"><img data-recalc-dims=\"1\" loading=\"lazy\" decoding=\"async\" class=\"size-full wp-image-18224\" src=\"https:\/\/i0.wp.com\/www.rutasporespana.es\/blog\/wp-content\/uploads\/2019\/09\/Albacete24.jpg?resize=675%2C450&#038;ssl=1\" alt=\"Deposito del Sol - Albacete\" width=\"675\" height=\"450\" \/><figcaption id=\"caption-attachment-18224\" class=\"wp-caption-text\">Deposito del Sol &#8211; que ver en Albacete<\/figcaption><\/figure>\n<h2>11. Iglesia de la Pur\u00edsima Concepci\u00f3n<\/h2>\n<hr \/>\n<p>Si queremos hacer un alto en el camino, la mejor zona entre la calle Mayor y la calle del Tinte. Aqu\u00ed tambi\u00e9n encontramos la <strong>iglesia de la Pur\u00edsima Concepci\u00f3n<\/strong> con destaca un retablo de origen churrigueresco que se adorna con unas columnas de estilo salom\u00f3nico.<\/p>\n<figure id=\"attachment_18216\" aria-describedby=\"caption-attachment-18216\" style=\"width: 675px\" class=\"wp-caption aligncenter\"><img data-recalc-dims=\"1\" loading=\"lazy\" decoding=\"async\" class=\"wp-image-18216 size-full\" src=\"https:\/\/i0.wp.com\/www.rutasporespana.es\/blog\/wp-content\/uploads\/2019\/09\/Albacete19.jpg?resize=675%2C450&#038;ssl=1\" alt=\"Iglesia de la Pur\u00edsima Concepci\u00f3n - Albacete\" width=\"675\" height=\"450\" \/><figcaption id=\"caption-attachment-18216\" class=\"wp-caption-text\">Iglesia de la Pur\u00edsima Concepci\u00f3n &#8211; que ver en Albacete<\/figcaption><\/figure>\n<figure id=\"attachment_18220\" aria-describedby=\"caption-attachment-18220\" style=\"width: 675px\" class=\"wp-caption aligncenter\"><img data-recalc-dims=\"1\" loading=\"lazy\" decoding=\"async\" class=\"size-full wp-image-18220\" src=\"https:\/\/i0.wp.com\/www.rutasporespana.es\/blog\/wp-content\/uploads\/2019\/09\/Albacete20.jpg?resize=675%2C450&#038;ssl=1\" alt=\"Iglesia de la Pur\u00edsima Concepci\u00f3n - Albacete\" width=\"675\" height=\"450\" \/><figcaption id=\"caption-attachment-18220\" class=\"wp-caption-text\">Interior de la Iglesia de la Pur\u00edsima Concepci\u00f3n &#8211; que ver en Albacete<\/figcaption><\/figure>\n<h2>12. Molino de la Feria<\/h2>\n<hr \/>\n<p>Volvemos de nuevo a la Plaza de la Catedral y esta vez nos dirigimos a la calle de la Feria. Nuestra primera parada es la <strong>Casa Perona<\/strong>, un palacete de estilo rococ\u00f3 del siglo XVIII.<\/p>\n<p>M\u00e1s adelante llegamos al <strong>Molino de la Feria<\/strong> que no da entrada a lo que es la zona de la Feria de Albacete. Este monumento inaugurado en 1979 es uno de los m\u00e1s conocidos de la ciudad, fue realizada por un grupo de vecinos y del Ayuntamiento de Albacete, en homenaje al agua. Est\u00e1 formado por dos molinos unidos por una noria, que se mueve por la fuerza del agua de su fuente.<\/p>\n<figure id=\"attachment_18228\" aria-describedby=\"caption-attachment-18228\" style=\"width: 675px\" class=\"wp-caption aligncenter\"><img data-recalc-dims=\"1\" loading=\"lazy\" decoding=\"async\" class=\"wp-image-18228 size-full\" src=\"https:\/\/i0.wp.com\/www.rutasporespana.es\/blog\/wp-content\/uploads\/2019\/09\/Albacete28.jpg?resize=675%2C450&#038;ssl=1\" alt=\"Molino de la Feria - Albacete\" width=\"675\" height=\"450\" \/><figcaption id=\"caption-attachment-18228\" class=\"wp-caption-text\">Molino de la Feria &#8211; que ver en Albacete<\/figcaption><\/figure>\n<h2>13. Parque de los Jardincillos<\/h2>\n<hr \/>\n<p>Antes de llegar al recinto tenemos el <strong>parque de los Jardincillos<\/strong>, el parque m\u00e1s antiguo de la ciudad, tiene un bonito templete del siglo XIX, creado para realizar conciertos de m\u00fasica al aire libre. Sin duda uno de los parque m\u00e1s bonitos de Albacete.<\/p>\n<figure id=\"attachment_18215\" aria-describedby=\"caption-attachment-18215\" style=\"width: 675px\" class=\"wp-caption aligncenter\"><img data-recalc-dims=\"1\" loading=\"lazy\" decoding=\"async\" class=\"size-full wp-image-18215\" src=\"https:\/\/i0.wp.com\/www.rutasporespana.es\/blog\/wp-content\/uploads\/2019\/09\/Albacete18.jpg?resize=675%2C450&#038;ssl=1\" alt=\"Parque de los Jardincillos - Albacete\" width=\"675\" height=\"450\" \/><figcaption id=\"caption-attachment-18215\" class=\"wp-caption-text\">Parque de los Jardincillos &#8211; que ver en Albacete<\/figcaption><\/figure>\n<figure id=\"attachment_18227\" aria-describedby=\"caption-attachment-18227\" style=\"width: 675px\" class=\"wp-caption aligncenter\"><img data-recalc-dims=\"1\" loading=\"lazy\" decoding=\"async\" class=\"size-full wp-image-18227\" src=\"https:\/\/i0.wp.com\/www.rutasporespana.es\/blog\/wp-content\/uploads\/2019\/09\/Albacete17.jpg?resize=675%2C450&#038;ssl=1\" alt=\"Parque de los Jardincillos - Albacete\" width=\"675\" height=\"450\" \/><figcaption id=\"caption-attachment-18227\" class=\"wp-caption-text\">Templete del Parque de los Jardincillos &#8211; que ver en Albacete<\/figcaption><\/figure>\n<h2>14. Recinto Ferial, el lugar m\u00e1s famoso que ver en Albacete<\/h2>\n<hr \/>\n<p>Conocido tambi\u00e9n como La Sart\u00e9n o Los Redondeles, fue inaugurado el 7 de septiembre de 1783. Se construy\u00f3, seg\u00fan los planos del arquitecto albacete\u00f1o Josef L\u00f3pez Ximenez, solo con los muros exteriores y el c\u00edrculo interior. Al a\u00f1o siguiente se complet\u00f3, a\u00f1adiendo un segundo anillo y alargando la calle de entrada, que se conoce popularmente como el rabo de la sart\u00e9n. A lo largo de su historia ha sufrido varias modificaciones, como construir el quiosco c\u00edrculo, a\u00f1adir un tercer anillo, el sal\u00f3n de exposiciones, los dos pabellones y finalmente un aparcamiento subterr\u00e1neo.<\/p>\n<figure id=\"attachment_18226\" aria-describedby=\"caption-attachment-18226\" style=\"width: 675px\" class=\"wp-caption aligncenter\"><img data-recalc-dims=\"1\" loading=\"lazy\" decoding=\"async\" class=\"wp-image-18226 size-full\" src=\"https:\/\/i0.wp.com\/www.rutasporespana.es\/blog\/wp-content\/uploads\/2019\/09\/Albacete16.jpg?resize=675%2C450&#038;ssl=1\" alt=\"Feria de Albacete\" width=\"675\" height=\"450\" \/><figcaption id=\"caption-attachment-18226\" class=\"wp-caption-text\">Feria de Albacete &#8211; que ver en Albacete<\/figcaption><\/figure>\n<p>Alrededor del recinto, cada martes (menos en Feria) se realiza el <strong>Mercado de Los Invasores<\/strong>. En la explanada que rodea al Recinto Ferial, podr\u00e1s encontrar unos 550 puestos con todo tipo de cosas para el hogar, textil y juguetes, entre otras cosas. Y en el interior del Recinto Ferial la parte del mercado dedicada a la alimentaci\u00f3n y a productos t\u00edpicos de la zona.<\/p>\n<h2>15. Parque La Fiesta del \u00c1rbol<\/h2>\n<hr \/>\n<p>M\u00e1s adelante terminar\u00edamos con otro de los parques importantes, La <strong>Fiesta del \u00c1rbol<\/strong>. Fue creado en 1906, con motivo de la celebraci\u00f3n del D\u00eda de la Fiesta del \u00c1rbol. Lo m\u00e1s identificativo del parque es la Torre mirador que hay en su interior.<\/p>\n<figure id=\"attachment_18233\" aria-describedby=\"caption-attachment-18233\" style=\"width: 675px\" class=\"wp-caption aligncenter\"><img data-recalc-dims=\"1\" loading=\"lazy\" decoding=\"async\" class=\"size-full wp-image-18233\" src=\"https:\/\/i0.wp.com\/www.rutasporespana.es\/blog\/wp-content\/uploads\/2019\/09\/Albacete31.jpg?resize=675%2C450&#038;ssl=1\" alt=\"Fiesta del \u00c1rbol - Albacete\" width=\"675\" height=\"450\" \/><figcaption id=\"caption-attachment-18233\" class=\"wp-caption-text\">Fiesta del \u00c1rbol &#8211; que ver en Albacete<\/figcaption><\/figure>\n<p>Y aqu\u00ed terminamos nuestro recorrido por los <strong>rincones m\u00e1s bonitos que ver en Albacete<\/strong>.<\/p>\n<p><iframe loading=\"lazy\" title=\"mapa de albacete\" src=\"https:\/\/www.google.com\/maps\/d\/u\/0\/embed?mid=1tLsJtHyF0l7gc2GAkwXqf4vL-8fha72I\" width=\"675\" height=\"500\"><span style=\"display: inline-block; width: 0px; overflow: hidden; line-height: 0;\" data-mce-type=\"bookmark\" class=\"mce_SELRES_start\">\ufeff<\/span><span style=\"display: inline-block; width: 0px; overflow: hidden; line-height: 0;\" data-mce-type=\"bookmark\" class=\"mce_SELRES_start\">\ufeff<\/span><\/iframe><\/p>\n<div class=\"caja-info\">\n<h2 class=\"info\">M\u00e1s informaci\u00f3n sobre que ver en Albacete<\/h2>\n<p>Web turismo Albacete: <a href=\"https:\/\/www.albaceteturistico.es\/es\" target=\"_blank\" rel=\"noopener noreferrer\">https:\/\/www.albaceteturistico.es\/es<\/a><\/p>\n<h2 class=\"comida\">D\u00f3nde comer\u00a0en Albacete<\/h2>\n<p>La gastronom\u00eda albacete\u00f1a es muy variada, como manchego y de un pueblo muy cercano a la provincia de Albacete compartimos muchos platos t\u00edpicos, entre ellos podemos mencionar: ajo mataero, atascaburras, gazpacho manchego, queso frito con mermelada, pisto manchego, migas ruleras, lomo de orza, moje, gachas manchegas, los famosos miguelitos de la Roda, suspiros, queso manchego,\u2026<\/p>\n<p>As\u00ed que no hay escusa para no disfrutar de la gastronom\u00eda local. Son muchas las opciones para comer en Albacete, desde los bares de toda la vida, hasta opciones m\u00e1s innovadoras. Para empezar el mejor sitio es \u00abLa Zona\u00bb, entre las <strong>calle Concepci\u00f3n<\/strong> y la\u00a0<strong>calle Tejares, <\/strong>se encuentra la mayor concentraci\u00f3n de bares y restaurante de Albacete. La zona que m\u00e1s bares a\u00fana es la calle mayor con la calle del Tinte, as\u00ed que echa un vistazo seguro que encuentras algo que te guste.<\/p>\n<h2 class=\"hotel\">D\u00f3nde dormir\u00a0en Albacete<\/h2>\n<p>Si quieres descubrir la ciudad de Albacete o recorrer alguno de los pueblos m\u00e1s interesantes de la provincia. Te indicamos los alojamiento m\u00e1s interesantes de la ciudad:<\/p>\n<ul>\n<li><a href=\"https:\/\/booking.stay22.com\/rutasporespana\/sCaU3Spw-g\" target=\"_blank\" rel=\"nofollow noopener sponsored\">Ofertas de hoteles y hostales en Albacete<\/a><\/li>\n<\/ul>\n<\/div>\n<h3>Tambi\u00e9n te puede interesa&#8230;<\/h3>\n<ul>\n<li><a href=\"https:\/\/www.rutasporespana.es\/blog\/10-pueblos-mas-bonitos-provincia-albacete\/\" target=\"_blank\" rel=\"noopener noreferrer\">Los 10 pueblos m\u00e1s bonitos de la provincia de Albacete<\/a><\/li>\n<li><a href=\"https:\/\/www.rutasporespana.es\/blog\/que-ver-alcala-del-jucar\/\" target=\"_blank\" rel=\"noopener noreferrer\">Alcal\u00e1 del J\u00facar<\/a><\/li>\n<li><a href=\"https:\/\/www.rutasporespana.es\/blog\/ruta-por-la-provincia-de-albacete-que-ver-en-alcaraz\/\" target=\"_blank\" rel=\"noopener noreferrer\">Alcaraz<\/a><\/li>\n<li><a href=\"https:\/\/www.rutasporespana.es\/blog\/ruta-por-la-provincia-de-albacete-riopar-y-el-nacimiento-del-rio-mundo\/\" target=\"_blank\" rel=\"noopener noreferrer\">Ri\u00f3par y el Nacimiento del R\u00edo Mundo<\/a><\/li>\n<li><a href=\"https:\/\/www.rutasporespana.es\/blog\/ruta-por-la-provincia-de-albacete-que-ver-en-la-roda\/\" target=\"_blank\" rel=\"noopener noreferrer\">La Roda<\/a><\/li>\n<li><a href=\"https:\/\/www.rutasporespana.es\/blog\/ruta-amanecista-que-ver-en-ayna\/\" target=\"_blank\" rel=\"noopener noreferrer\">Ayna<\/a><\/li>\n<li><a href=\"https:\/\/www.rutasporespana.es\/blog\/ruta-amanecista-que-ver-en-lietor\/\" target=\"_blank\" rel=\"noopener noreferrer\">Li\u00e9tor<\/a><\/li>\n<li><a href=\"https:\/\/www.rutasporespana.es\/blog\/ruta-amanecista-que-ver-en-molinicos\/\" target=\"_blank\" rel=\"noopener noreferrer\">Molinicos<\/a><\/li>\n<li><a href=\"https:\/\/www.rutasporespana.es\/blog\/ruta-lagunas-ruidera\/\" target=\"_blank\" rel=\"noopener noreferrer\">Las Lagunas de Ruidera<\/a><\/li>\n<li><a href=\"https:\/\/www.rutasporespana.es\/blog\/10-miradores-para-descubrir-los-paisajes-de-la-sierra-del-segura\/\" target=\"_blank\" rel=\"noopener noreferrer\">10 miradores para descubrir los paisajes de la Sierra del Segura<\/a><\/li>\n<li><a href=\"https:\/\/www.rutasporespana.es\/blog\/ruta-por-provincia-albacete-estrecho-del-hocino\/\" target=\"_blank\" rel=\"noopener noreferrer\">El Estrecho del Hocino<\/a><\/li>\n<\/ul>\n<hr \/>\n<p><em>Los costes de este blog se sufragan mediante enlaces de afiliaci\u00f3n, que hacen que ganemos una peque\u00f1a comisi\u00f3n si reservas alg\u00fan producto a trav\u00e9s de los mismos. No tiene ning\u00fan coste adicional para ti y los enlaces solo son a sitios que recomendamos y que hemos utilizado nosotros mismos.<\/em><\/p>\n","protected":false},"excerpt":{"rendered":"<div class=\"mh-excerpt\"><p>La ciudad de Albacete es la ciudad con m\u00e1s poblada y desarrollada de Castilla La Mancha. A pesar de la mala reputaci\u00f3n que injustamente ha <a class=\"mh-excerpt-more\" href=\"https:\/\/www.rutasporespana.es\/blog\/ruta-por-la-provincia-albacete-que-ver-en-albacete\/\" title=\"15 rincones que ver en ALBACETE capital en un d\u00eda\">[&#8230;]<\/a><\/p>\n<\/div>","protected":false},"author":1,"featured_media":9896,"comment_status":"open","ping_status":"open","sticky":false,"template":"","format":"standard","meta":{"_jetpack_memberships_contains_paid_content":false,"footnotes":"","jetpack_publicize_message":"","jetpack_publicize_feature_enabled":true,"jetpack_social_post_already_shared":true,"jetpack_social_options":{"image_generator_settings":{"template":"highway","default_image_id":0,"font":"","enabled":false},"version":2}},"categories":[154,11],"tags":[99],"class_list":["post-9893","post","type-post","status-publish","format-standard","has-post-thumbnail","hentry","category-albacete","category-castilla-la-mancha","tag-ciudad-monumental"],"aioseo_notices":[],"jetpack_publicize_connections":[],"jetpack_featured_media_url":"https:\/\/i0.wp.com\/www.rutasporespana.es\/blog\/wp-content\/uploads\/2018\/03\/Albacete.jpg?fit=530%2C444&ssl=1","jetpack_sharing_enabled":true,"_links":{"self":[{"href":"https:\/\/www.rutasporespana.es\/blog\/wp-json\/wp\/v2\/posts\/9893","targetHints":{"allow":["GET"]}}],"collection":[{"href":"https:\/\/www.rutasporespana.es\/blog\/wp-json\/wp\/v2\/posts"}],"about":[{"href":"https:\/\/www.rutasporespana.es\/blog\/wp-json\/wp\/v2\/types\/post"}],"author":[{"embeddable":true,"href":"https:\/\/www.rutasporespana.es\/blog\/wp-json\/wp\/v2\/users\/1"}],"replies":[{"embeddable":true,"href":"https:\/\/www.rutasporespana.es\/blog\/wp-json\/wp\/v2\/comments?post=9893"}],"version-history":[{"count":0,"href":"https:\/\/www.rutasporespana.es\/blog\/wp-json\/wp\/v2\/posts\/9893\/revisions"}],"wp:featuredmedia":[{"embeddable":true,"href":"https:\/\/www.rutasporespana.es\/blog\/wp-json\/wp\/v2\/media\/9896"}],"wp:attachment":[{"href":"https:\/\/www.rutasporespana.es\/blog\/wp-json\/wp\/v2\/media?parent=9893"}],"wp:term":[{"taxonomy":"category","embeddable":true,"href":"https:\/\/www.rutasporespana.es\/blog\/wp-json\/wp\/v2\/categories?post=9893"},{"taxonomy":"post_tag","embeddable":true,"href":"https:\/\/www.rutasporespana.es\/blog\/wp-json\/wp\/v2\/tags?post=9893"}],"curies":[{"name":"wp","href":"https:\/\/api.w.org\/{rel}","templated":true}]}}