{"id":9849,"date":"2018-03-08T08:00:36","date_gmt":"2018-03-08T07:00:36","guid":{"rendered":"http:\/\/www.rutasporespana.es\/blog\/?p=9849"},"modified":"2025-08-31T23:23:40","modified_gmt":"2025-08-31T21:23:40","slug":"que-ver-en-ucles","status":"publish","type":"post","link":"https:\/\/www.rutasporespana.es\/blog\/que-ver-en-ucles\/","title":{"rendered":"Qu\u00e9 ver en Ucl\u00e9s, el escorial de La Mancha"},"content":{"rendered":"<p>Hoy te contamos que ver en Ucl\u00e9s, un pueblo manchego cuyo nombre est\u00e1 ligado irremediablemente a su monasterio. Su visita pasa por conocer su monasterio, uno de los edificios m\u00e1s importantes de la provincia de <a href=\"https:\/\/www.rutasporespana.es\/blog\/15-lugares-imprescindible-que-ver-cuenca\/\" target=\"_blank\" rel=\"noopener\">Cuenca<\/a>. Pero la villa de Ucl\u00e9s alberga mucho m\u00e1s lugares de inter\u00e9s que os vamos a ense\u00f1ar.<\/p>\n<p><!--more--><\/p>\n<h2>\u00bfC\u00f3mo llegar a Ucl\u00e9s?<\/h2>\n<p>Desde <a href=\"https:\/\/www.rutasporespana.es\/blog\/que-ver-en-madrid-en-dos-dias\/\" target=\"_blank\" rel=\"noopener\">Madrid<\/a> debemos tomamos la A3 direcci\u00f3n <a href=\"https:\/\/www.rutasporespana.es\/blog\/mas-alla-ciudad-de-las-artes-que-ver-en-valencia\/\" target=\"_blank\" rel=\"noopener\">Valencia<\/a> hasta la salida 90 (Tribaldos-Ucl\u00e9s). Nos incorporamos a la carretera CUV-7021, por la que recorreremos unos 7 km hasta Ucl\u00e9s.<\/p>\n<h2>\u00bfQu\u00e9 ver en Ucl\u00e9s?<\/h2>\n<p>El primer documento conservado es del a\u00f1o 893. En este tiempo el rey moro Mussa Ibn Zennun se retira desde Toledo a la fortaleza entonces llamada Uqlish. Que convirti\u00f3 en su nueva capital y dot\u00e1ndola de una alcazaba.<\/p>\n<p>Ya en 1085 la fortaleza es tomada por el rey Alfonso VI, que la pierde al a\u00f1o siguiente en la batalla de Sagrajas. De nuevo hacia el 1091 Alfonso VI se al\u00eda con el rey de la taifa de Sevilla Al-Mu\u2019tamid, que se lo entrega de nuevo. As\u00ed, acoge a sus nietos y a su nuera Zaida para protegerlos de los almor\u00e1vides.<\/p>\n<p>Viuda Zaida por haber sido asesinado su esposo por los almor\u00e1vides. Le dio a Alfonso VI un pr\u00edncipe heredero, Sancho Alfonsez, que lider\u00f3 los ej\u00e9rcitos (con tan solo quince a\u00f1os) durante la batalla de Ucl\u00e9s contra los almor\u00e1vides. Tras la derrota, el pr\u00edncipe se refugi\u00f3 en la localidad de Belinch\u00f3n donde fue asesinado.<\/p>\n<p>Siglo y medio despu\u00e9s, Ucl\u00e9s volvi\u00f3 a manos cristianas tras un acuerdo de intercambio de castillos entre Alfonso VIII y el rey Lobo de Murcia. Para asegurar la defensa de una fortaleza tan estrat\u00e9gica, el rey se la cedi\u00f3 a la Orden de Santiago, la m\u00e1s poderosa y rica del reino.<\/p>\n<h3>Construcci\u00f3n del Monasterio<\/h3>\n<p>En el siglo XVI inician la construcci\u00f3n del actual monasterio. Desde este momento y hasta el siglo XV, Ucl\u00e9s fue la residencia del maestre de la orden. Durante unos cuantos a\u00f1os, la Orden de Santiago dispuso de una sede en San Marcos (Le\u00f3n) que rivaliz\u00f3 con la de Ucl\u00e9s, hasta que Fernando III el Santo uni\u00f3 ambas en 1230. Desde entonces, a Ucl\u00e9s se la considera como la sede de esta orden a la que pertenecieron ilustres artistas como Vel\u00e1zquez o Quevedo.<\/p>\n<p>Su decadencia lleg\u00f3 cuando los Reyes Cat\u00f3licos acabaron con los maestrazgos y la Orden de Santiago pas\u00f3 a depender de la Corona.<\/p>\n<p>En sus tierras, se libr\u00f3 la batalla contra los ej\u00e9rcitos napole\u00f3nicos en 1809. La ciudadela call\u00f3 y fue saqueada, convirti\u00e9ndose el monasterio en un hospital de campa\u00f1a para el ej\u00e9rcito franc\u00e9s.<\/p>\n<p>Los monjes caballeros de Santiago abandonaron las instalaciones a mediados del siglo XIX, durante la Desamortizaci\u00f3n de Mendiz\u00e1bal. Durante la Guerra Civil, fue saqueado y arruinado por el bando republicano. Y tras la victoria nacional, se convirti\u00f3 en hospital, seminario menor, colegio, c\u00e1rcel de estado y finalmente su funci\u00f3n actual como bien de inter\u00e9s hist\u00f3rico art\u00edstico.<\/p>\n<h2>Exterior del Monasterio &#8211; que ver en Ucl\u00e9s<\/h2>\n<p>Empezamos por el <strong>Monasterio de Ucl\u00e9s<\/strong>. El conocido como El Escorial de la Mancha, recibe este nombre debido a que fue obra del conquense Francisco de Mora, disc\u00edpulo de Juan de Herrera. Es por ello que guarda mucha similitudes con El Escorial, aunque hay que decir que con unas dimensiones mucho menor.<\/p>\n<p>Aunque se conoce como monasterio, el <strong>conjunto est\u00e1 formado por un castillo, unas murallas y el monasterio<\/strong>. En su origen fue un castro romano, para despu\u00e9s pasar a ser ocupada por los visigodos. El castillo se debe a los musulmanes, que aprovecharon la fortificaci\u00f3n romana para sucesivamente ir reforz\u00e1ndola.<\/p>\n<p>Las <strong>murallas<\/strong> y defensas del castillo se extend\u00edan alrededor de un kil\u00f3metro cuadrado de superficie, pero el avance cristiano aceler\u00f3 la transformaci\u00f3n de Ucl\u00e9s en un monasterio, cuya construcci\u00f3n dur\u00f3 m\u00e1s de dos siglos.<\/p>\n<p>Al acercarnos al monasterio, atravesaremos la primera muralla que se encargaba de proteger los huertos situados junto al r\u00edo Bedija. Seguido de una segunda l\u00ednea de muralla, muy deteriorada, con trazado en forma de diente de sierra.<\/p>\n<p>Una vez aparcamos el coche a la entrada, nos recibe la <strong>fachada sur<\/strong> del monasterio (siglo XVIII) obra en estilo churrigueresco de Pedro de Ribera. En la parte superior destaca una imagen de Santiago de medio cuerpo con una espada de hierro en su mano y una inscripci\u00f3n en la que podemos leer \u00abFidei defensio\u00bb (Defensa de la Fe), mientras que en la otra mano lleva la cruz maestral.<\/p>\n<p>En la base se lee \u00abCaput ordinis\u00bb, lo que nos da a entender que nos encontramos en la sede la Orden de Santiago. Debajo de la imagen de Santiago un conjunto formado por dos leones rampantes que sujetan la Corona Real, encima el sol y a ambos lados dos bustos de moros sujetos con cadenas.<\/p>\n<p>&nbsp;<\/p>\n<figure id=\"attachment_17915\" aria-describedby=\"caption-attachment-17915\" style=\"width: 675px\" class=\"wp-caption aligncenter\"><img data-recalc-dims=\"1\" loading=\"lazy\" decoding=\"async\" class=\"size-full wp-image-17915\" src=\"https:\/\/i0.wp.com\/www.rutasporespana.es\/blog\/wp-content\/uploads\/2018\/03\/Ucles9.jpg?resize=675%2C450&#038;ssl=1\" alt=\"Fachada sur - que ver en Ucl\u00e9ss\" width=\"675\" height=\"450\" \/><figcaption id=\"caption-attachment-17915\" class=\"wp-caption-text\">Fachada sur &#8211; que ver en Ucl\u00e9s<\/figcaption><\/figure>\n<figure id=\"attachment_17916\" aria-describedby=\"caption-attachment-17916\" style=\"width: 675px\" class=\"wp-caption aligncenter\"><img data-recalc-dims=\"1\" loading=\"lazy\" decoding=\"async\" class=\"size-full wp-image-17916\" src=\"https:\/\/i0.wp.com\/www.rutasporespana.es\/blog\/wp-content\/uploads\/2018\/03\/Ucles10.jpg?resize=675%2C450&#038;ssl=1\" alt=\"Fachada sur - que ver en Ucl\u00e9s\" width=\"675\" height=\"450\" \/><figcaption id=\"caption-attachment-17916\" class=\"wp-caption-text\">Fachada sur &#8211; que ver en Ucl\u00e9s<\/figcaption><\/figure>\n<h2>Castillo de Ucl\u00e9s &#8211; que ver en Ucl\u00e9s<\/h2>\n<p>Enfrente sobre un pe\u00f1asco se levanta los restos del <strong>castillo de Ucl\u00e9s<\/strong>, una atalaya desde donde dominar el paso en la zona de Cuenca. Del castillo \u00e1rabe, solo quedan 3 torres de planta cuadrada, con el muro que las une.<\/p>\n<figure id=\"attachment_17917\" aria-describedby=\"caption-attachment-17917\" style=\"width: 675px\" class=\"wp-caption aligncenter\"><img data-recalc-dims=\"1\" loading=\"lazy\" decoding=\"async\" class=\"size-full wp-image-17917\" src=\"https:\/\/i0.wp.com\/www.rutasporespana.es\/blog\/wp-content\/uploads\/2018\/03\/Ucles11.jpg?resize=675%2C450&#038;ssl=1\" alt=\"Castillo - que ver en Ucl\u00e9s\" width=\"675\" height=\"450\" \/><figcaption id=\"caption-attachment-17917\" class=\"wp-caption-text\">Castillo &#8211; que ver en Ucl\u00e9s<\/figcaption><\/figure>\n<p>Antes de adentrarnos en el monasterio, merece la pena dar una vuelta por la parte posterior para disfrutar de las vistas del entorno y la fachdad del monasterio.<\/p>\n<figure id=\"attachment_17913\" aria-describedby=\"caption-attachment-17913\" style=\"width: 675px\" class=\"wp-caption aligncenter\"><img data-recalc-dims=\"1\" loading=\"lazy\" decoding=\"async\" class=\"size-full wp-image-17913\" src=\"https:\/\/i0.wp.com\/www.rutasporespana.es\/blog\/wp-content\/uploads\/2018\/03\/Ucles7.jpg?resize=675%2C450&#038;ssl=1\" alt=\"Monasterio - que ver en Ucl\u00e9s\" width=\"675\" height=\"450\" \/><figcaption id=\"caption-attachment-17913\" class=\"wp-caption-text\">Monasterio &#8211; que ver en Ucl\u00e9s<\/figcaption><\/figure>\n<figure id=\"attachment_17923\" aria-describedby=\"caption-attachment-17923\" style=\"width: 675px\" class=\"wp-caption aligncenter\"><img data-recalc-dims=\"1\" loading=\"lazy\" decoding=\"async\" class=\"size-full wp-image-17923\" src=\"https:\/\/i0.wp.com\/www.rutasporespana.es\/blog\/wp-content\/uploads\/2018\/03\/Ucles12.jpg?resize=675%2C450&#038;ssl=1\" alt=\"Monasterio - que ver en Ucl\u00e9s\" width=\"675\" height=\"450\" \/><figcaption id=\"caption-attachment-17923\" class=\"wp-caption-text\">Monasterio &#8211; que ver en Ucl\u00e9s<\/figcaption><\/figure>\n<h2>Interior del Monasterio &#8211; que ver en Ucl\u00e9s<\/h2>\n<p>Nos adentramos en el monasterio, y lo primero que vemos es su doble <strong>claustro<\/strong> compuesto por 36 arcos de medio punto apoyados en pilares rectangulares. En el centro del patio un pozo que ostenta por uno de los lados el escudo real y por el otro el escudo de la Orden.<\/p>\n<figure id=\"attachment_17914\" aria-describedby=\"caption-attachment-17914\" style=\"width: 675px\" class=\"wp-caption aligncenter\"><img data-recalc-dims=\"1\" loading=\"lazy\" decoding=\"async\" class=\"wp-image-17914 size-full\" src=\"https:\/\/i0.wp.com\/www.rutasporespana.es\/blog\/wp-content\/uploads\/2018\/03\/Ucles8.jpg?resize=675%2C450&#038;ssl=1\" alt=\"Claustro - que ver en Ucl\u00e9s\" width=\"675\" height=\"450\" \/><figcaption id=\"caption-attachment-17914\" class=\"wp-caption-text\">Claustro &#8211; que ver en Ucl\u00e9s<\/figcaption><\/figure>\n<figure id=\"attachment_17926\" aria-describedby=\"caption-attachment-17926\" style=\"width: 675px\" class=\"wp-caption aligncenter\"><img data-recalc-dims=\"1\" loading=\"lazy\" decoding=\"async\" class=\"size-full wp-image-17926\" src=\"https:\/\/i0.wp.com\/www.rutasporespana.es\/blog\/wp-content\/uploads\/2018\/03\/Monasterio-ucles15.jpg?resize=675%2C450&#038;ssl=1\" alt=\"Claustro - que ver en Ucl\u00e9s\" width=\"675\" height=\"450\" \/><figcaption id=\"caption-attachment-17926\" class=\"wp-caption-text\">Claustro &#8211; que ver en Ucl\u00e9s<\/figcaption><\/figure>\n<p>Desde aqu\u00ed accedemos al <strong>Refectorio<\/strong> con su artesonado tallado en madera de pino. En la primera fila podemos observar 36 bustos. El busto que preside el artesonado es el de Carlos V con los atributos imperiales. Tambi\u00e9n destaca un busto en forma de esqueleto con la inscripci\u00f3n \u00abNo perdono a nadie\u00bb.<\/p>\n<figure id=\"attachment_17922\" aria-describedby=\"caption-attachment-17922\" style=\"width: 675px\" class=\"wp-caption aligncenter\"><img data-recalc-dims=\"1\" loading=\"lazy\" decoding=\"async\" class=\"wp-image-17922 size-full\" src=\"https:\/\/i0.wp.com\/www.rutasporespana.es\/blog\/wp-content\/uploads\/2018\/03\/Ucles6.jpg?resize=675%2C450&#038;ssl=1\" alt=\"Refectorio - que ver en Ucl\u00e9s\" width=\"675\" height=\"450\" \/><figcaption id=\"caption-attachment-17922\" class=\"wp-caption-text\">Refectorio &#8211; que ver en Ucl\u00e9s<\/figcaption><\/figure>\n<p>Continuamos por la <strong>Sacrist\u00eda<\/strong> que hoy se utiliza como capilla. Destaca la decoraci\u00f3n de puertas y armarios con vivos colores entre ellos el azul celeste, presente en los interiores de los armarios alojados en los muros y en la puerta de acceso al presbiterio del altar mayor. Seg\u00fan nos contaron, su estado de conservaci\u00f3n es excepcional, teniendo en cuenta que fue hospital militar durante la Guerra Civil. Esto se debe a que los soldados dejaron los armarios cerrados para protegerlo por lo que no sufrieron el trasiego de los enfermos.<\/p>\n<figure id=\"attachment_17921\" aria-describedby=\"caption-attachment-17921\" style=\"width: 675px\" class=\"wp-caption aligncenter\"><img data-recalc-dims=\"1\" loading=\"lazy\" decoding=\"async\" class=\"wp-image-17921 size-full\" src=\"https:\/\/i0.wp.com\/www.rutasporespana.es\/blog\/wp-content\/uploads\/2018\/03\/Ucles5.jpg?resize=675%2C450&#038;ssl=1\" alt=\"Sacrist\u00eda - que ver en Ucl\u00e9s\" width=\"675\" height=\"450\" \/><figcaption id=\"caption-attachment-17921\" class=\"wp-caption-text\">Sacrist\u00eda &#8211; que ver en Ucl\u00e9s<\/figcaption><\/figure>\n<figure id=\"attachment_17927\" aria-describedby=\"caption-attachment-17927\" style=\"width: 675px\" class=\"wp-caption aligncenter\"><img data-recalc-dims=\"1\" loading=\"lazy\" decoding=\"async\" class=\"wp-image-17927 size-full\" src=\"https:\/\/i0.wp.com\/www.rutasporespana.es\/blog\/wp-content\/uploads\/2018\/03\/Monasterio-ucles16.jpg?resize=675%2C450&#038;ssl=1\" alt=\"Sacrist\u00eda - que ver en Ucl\u00e9s\" width=\"675\" height=\"450\" \/><figcaption id=\"caption-attachment-17927\" class=\"wp-caption-text\">Sacrist\u00eda &#8211; que ver en Ucl\u00e9s<\/figcaption><\/figure>\n<figure id=\"attachment_17928\" aria-describedby=\"caption-attachment-17928\" style=\"width: 675px\" class=\"wp-caption aligncenter\"><img data-recalc-dims=\"1\" loading=\"lazy\" decoding=\"async\" class=\"size-full wp-image-17928\" src=\"https:\/\/i0.wp.com\/www.rutasporespana.es\/blog\/wp-content\/uploads\/2018\/03\/Monasterio-ucles17.jpg?resize=675%2C506&#038;ssl=1\" alt=\"Sacrist\u00eda - que ver en Ucl\u00e9s\" width=\"675\" height=\"506\" srcset=\"https:\/\/i0.wp.com\/www.rutasporespana.es\/blog\/wp-content\/uploads\/2018\/03\/Monasterio-ucles17.jpg?w=675&amp;ssl=1 675w, https:\/\/i0.wp.com\/www.rutasporespana.es\/blog\/wp-content\/uploads\/2018\/03\/Monasterio-ucles17.jpg?resize=326%2C245&amp;ssl=1 326w, https:\/\/i0.wp.com\/www.rutasporespana.es\/blog\/wp-content\/uploads\/2018\/03\/Monasterio-ucles17.jpg?resize=80%2C60&amp;ssl=1 80w\" sizes=\"auto, (max-width: 675px) 100vw, 675px\" \/><figcaption id=\"caption-attachment-17928\" class=\"wp-caption-text\">Armarios de la Sacrist\u00eda &#8211; que ver en Ucl\u00e9s<\/figcaption><\/figure>\n<p>Llegamos a la <strong>Iglesia<\/strong> (siglo XVI) de una sola nave. Uno de los detalles m\u00e1s curiosos es su coro que ocupa dos de los cinco tramos de la iglesia, siguiendo las mismas proporciones que El Escorial.<\/p>\n<figure id=\"attachment_17919\" aria-describedby=\"caption-attachment-17919\" style=\"width: 675px\" class=\"wp-caption aligncenter\"><img data-recalc-dims=\"1\" loading=\"lazy\" decoding=\"async\" class=\"size-full wp-image-17919\" src=\"https:\/\/i0.wp.com\/www.rutasporespana.es\/blog\/wp-content\/uploads\/2018\/03\/Ucles3.jpg?resize=675%2C450&#038;ssl=1\" alt=\"Iglesia - que ver en Ucl\u00e9s\" width=\"675\" height=\"450\" \/><figcaption id=\"caption-attachment-17919\" class=\"wp-caption-text\">Iglesia &#8211; que ver en Ucl\u00e9s<\/figcaption><\/figure>\n<figure id=\"attachment_17920\" aria-describedby=\"caption-attachment-17920\" style=\"width: 675px\" class=\"wp-caption aligncenter\"><img data-recalc-dims=\"1\" loading=\"lazy\" decoding=\"async\" class=\"wp-image-17920 size-full\" src=\"https:\/\/i0.wp.com\/www.rutasporespana.es\/blog\/wp-content\/uploads\/2018\/03\/Ucles4.jpg?resize=675%2C450&#038;ssl=1\" alt=\"Iglesia - que ver en Ucl\u00e9s\" width=\"675\" height=\"450\" \/><figcaption id=\"caption-attachment-17920\" class=\"wp-caption-text\">Iglesia &#8211; que ver en Ucl\u00e9s<\/figcaption><\/figure>\n<p>En el altar mayor se encuentra un retablo del siglo XVII que conserva pinturas de la pasi\u00f3n de Cristo y la glorificaci\u00f3n del Salvador. En el centro hay un cuadro de Santiago Ap\u00f3stol (siglo XVII) de Francisco Ricci. Entre las l\u00e1pidas ilustren que descansan en esta iglesia encontramos las tumba del poeta Jorge Manrique y de su padre don Rodrigo Manrique, maestre de Santiago, y que muri\u00f3 en el cercano castillo de Garcimu\u00f1oz.<\/p>\n<p>Terminamos en la <strong>escalera principal<\/strong> presidida por un gran lienzo que representa la Aparici\u00f3n del Ap\u00f3stol Santiago en la batalla de Clavijo, obra de Antonio Gonz\u00e1lez Ruiz, pintor de c\u00e1mara de Fernando VI. Enfrente otro lienzo de la Inmaculada Concepci\u00f3n (siglo XVIII).<\/p>\n<figure id=\"attachment_17918\" aria-describedby=\"caption-attachment-17918\" style=\"width: 675px\" class=\"wp-caption aligncenter\"><img data-recalc-dims=\"1\" loading=\"lazy\" decoding=\"async\" class=\"wp-image-17918 size-full\" src=\"https:\/\/i0.wp.com\/www.rutasporespana.es\/blog\/wp-content\/uploads\/2018\/03\/Ucles2.jpg?resize=675%2C450&#038;ssl=1\" alt=\"Escalera principal - que ver en Ucl\u00e9s\" width=\"675\" height=\"450\" \/><figcaption id=\"caption-attachment-17918\" class=\"wp-caption-text\">Escalera principal &#8211; que ver en Ucl\u00e9s<\/figcaption><\/figure>\n<p>Finalizamos nuestra visita recordando alguna de las pel\u00edculas en las que el monasterio ha servido de escenario. Desde pel\u00edculas como Alatriste, Los cuatro mosqueteros, El rey pasmado, El puente de San Luis Rey\u2026 O series espa\u00f1olas como \u00c1guila Roja, el Ministerio del Tiempo o los Misterios de Laura, han pasado por los muros de este monasterio lleno de historia.<\/p>\n<div class=\"caja-info\">\n<p class=\"info\"><strong>M\u00e1s informaci\u00f3n<\/strong><\/p>\n<ul>\n<li><strong>Horario:<\/strong>\n<ul>\n<li><strong>Enero y febrero:<\/strong> de martes a s\u00e1bado de 10:00 a 17:00.<\/li>\n<li><strong>Marzo, abril y mayo:<\/strong> de martes a s\u00e1bado de 10:00 a 18:00.<\/li>\n<li><strong>Junio, julio y agosto:<\/strong> de martes a s\u00e1bado de 10:00 a 19:00.<\/li>\n<li><strong>Septiembre y octubre:<\/strong> de martes a s\u00e1bado de 10:00 a 18:00.<\/li>\n<li><strong>Noviembre y diciembre:<\/strong> de martes a s\u00e1bado de 10:00 a 17:00.<\/li>\n<\/ul>\n<\/li>\n<li><strong>Precio:<\/strong> 4,50 \u20ac general \/ 3,50 \u20ac reducida<\/li>\n<\/ul>\n<\/div>\n<h2>La Plaza Mayor &#8211; que ver en Ucl\u00e9s<\/h2>\n<p>Como la gran mayor\u00eda de localidades manchegas, la villa se desarrolla en torno a su Plaza Mayor. Aqu\u00ed encontramos el <strong>Ayuntamiento<\/strong> (siglo XVII) con p\u00f3rtico y arquer\u00eda.<\/p>\n<figure id=\"attachment_17924\" aria-describedby=\"caption-attachment-17924\" style=\"width: 675px\" class=\"wp-caption aligncenter\"><img data-recalc-dims=\"1\" loading=\"lazy\" decoding=\"async\" class=\"size-full wp-image-17924\" src=\"https:\/\/i0.wp.com\/www.rutasporespana.es\/blog\/wp-content\/uploads\/2018\/03\/Plaza-Mayor-Ucles.jpg?resize=675%2C503&#038;ssl=1\" alt=\"Plaza Mayor - que ver en Ucl\u00e9s\" width=\"675\" height=\"503\" srcset=\"https:\/\/i0.wp.com\/www.rutasporespana.es\/blog\/wp-content\/uploads\/2018\/03\/Plaza-Mayor-Ucles.jpg?w=675&amp;ssl=1 675w, https:\/\/i0.wp.com\/www.rutasporespana.es\/blog\/wp-content\/uploads\/2018\/03\/Plaza-Mayor-Ucles.jpg?resize=80%2C60&amp;ssl=1 80w\" sizes=\"auto, (max-width: 675px) 100vw, 675px\" \/><figcaption id=\"caption-attachment-17924\" class=\"wp-caption-text\">Plaza Mayor &#8211; que ver en Ucl\u00e9s<\/figcaption><\/figure>\n<p>Paseando por Ucl\u00e9s nos podemos encontrar adem\u00e1s numerosas casas palacio o casas solariegas. Por ejemplo, la <strong>de los Torre<\/strong> (siglo XVIII), <strong>la de los Pareja y Cedillo<\/strong> (siglos XV-XVI) o <strong>los Fern\u00e1ndez y Contreras<\/strong>. Este \u00faltimo edificio construido en el siglo XVI en el que destaca su fachada herreriana con el escudo nobiliario.<\/p>\n<h2>Fuente de los Cinco Ca\u00f1os &#8211; que ver en Ucl\u00e9s<\/h2>\n<p>Son tambi\u00e9n interesantes que ver en Ucl\u00e9s el edificio del <strong>antiguo P\u00f3sito<\/strong> (siglo XVI) y la <strong>Fuente de los Cinco Ca\u00f1os<\/strong>. El pil\u00f3n de esta fuente, de una sola pieza, muestra relieves antiguos que pertenecieron a otros edificios.<\/p>\n<figure id=\"attachment_17925\" aria-describedby=\"caption-attachment-17925\" style=\"width: 675px\" class=\"wp-caption aligncenter\"><img data-recalc-dims=\"1\" loading=\"lazy\" decoding=\"async\" class=\"size-full wp-image-17925\" src=\"https:\/\/i0.wp.com\/www.rutasporespana.es\/blog\/wp-content\/uploads\/2018\/03\/Fuente-Cinco-Canos.jpg?resize=675%2C472&#038;ssl=1\" alt=\"Fuente de los Cinco Ca\u00f1os - que ver en Ucl\u00e9s\" width=\"675\" height=\"472\" \/><figcaption id=\"caption-attachment-17925\" class=\"wp-caption-text\">Fuente de los Cinco Ca\u00f1os &#8211; que ver en Ucl\u00e9s<\/figcaption><\/figure>\n<p>Y aqu\u00ed terminamos nuestra visita por todo lo <strong>que hay que ver en Ucl\u00e9s<\/strong>, que lo disfrut\u00e9is.<\/p>\n<div class=\"caja-info\">\n<h2 class=\"info\">M\u00e1s informaci\u00f3n sobre que ver en Ucl\u00e9s<\/h2>\n<p>Web del monasterio: <a href=\"https:\/\/monasteriodeucles.es\/\" target=\"_blank\" rel=\"noopener noreferrer\">https:\/\/www.monasterioucles.com<\/a><\/p>\n<h2 class=\"hotel\">D\u00f3nde dormir en\u00a0Ucl\u00e9s<\/h2>\n<p>Si quieres conocer Ucl\u00e9s y su magnifico monasterio. A que esperas, te dejamos los mejores alojamientos de la zona:<\/p>\n<ul>\n<li><a href=\"https:\/\/booking.stay22.com\/rutasporespana\/KnS0lDyXX3\" target=\"_blank\" rel=\"nofollow noopener sponsored\">Ofertas de hoteles y hostales de \u00dacles<\/a><\/li>\n<\/ul>\n<h2>Tambi\u00e9n te puede interesar\u2026<\/h2>\n<p>Si quieres descubrir m\u00e1s pueblos interesantes de la provincia de Cuenca. Aqu\u00ed te dejo varias propuestas:<\/p>\n<ul>\n<li><a title=\"La ciudad Encantada\" href=\"https:\/\/www.rutasporespana.es\/blog\/la-ciudad-encantada\/\" target=\"_blank\" rel=\"noopener noreferrer\">La Ciudad Encantada<\/a><\/li>\n<li><a href=\"https:\/\/www.rutasporespana.es\/blog\/ruta-por-provincia-cuenca-lagunas-canada-de-hoyo\/\" target=\"_blank\" rel=\"noopener noreferrer\">Lagunas de Ca\u00f1ada de Hoyo<\/a><\/li>\n<li><a href=\"https:\/\/www.rutasporespana.es\/blog\/los-10-pueblos-mas-bonitos-provincia-cuenca\/\" target=\"_blank\" rel=\"noopener noreferrer\">Los 10 pueblos m\u00e1s bonitos de la provincia de Cuenca<\/a><\/li>\n<li><a href=\"https:\/\/www.rutasporespana.es\/blog\/ruta-por-provincia-de-cuenca-que-ver-en-el-provencio\/\" target=\"_blank\" rel=\"noopener noreferrer\">El Provencio<\/a><\/li>\n<li><a href=\"https:\/\/www.rutasporespana.es\/blog\/que-ver-en-buendia-ruta-de-las-caras\/\" target=\"_blank\" rel=\"noopener noreferrer\">Buend\u00eda y la ruta de las Caras<\/a><\/li>\n<li><a href=\"https:\/\/www.rutasporespana.es\/blog\/parque-arqueologico-segobriga\/\" target=\"_blank\" rel=\"noopener noreferrer\">Seg\u00f3briga<\/a><\/li>\n<li><a href=\"https:\/\/www.rutasporespana.es\/blog\/que-ver-alarcon\/\" target=\"_blank\" rel=\"noopener noreferrer\">Alarc\u00f3n<\/a><\/li>\n<li><a href=\"https:\/\/www.rutasporespana.es\/blog\/recorriendo-ruta-quijote-que-ver-en-belmonte\/\">Belmonte<\/a><\/li>\n<li><a href=\"https:\/\/www.rutasporespana.es\/blog\/ruta-por-la-provincia-de-cuenca-que-ver-en-huete\/\" target=\"_blank\" rel=\"noopener\">Huete<\/a><\/li>\n<li><a href=\"https:\/\/www.rutasporespana.es\/blog\/ruta-por-la-provincia-de-cuenca-que-ver-en-villanueva-de-la-jara\/\" target=\"_blank\" rel=\"noopener noreferrer\">Villanueva de la Jara<\/a><\/li>\n<li><a href=\"https:\/\/www.rutasporespana.es\/blog\/ruta-por-la-provincia-de-cuenca-que-ver-en-san-clemente\/\" target=\"_blank\" rel=\"noopener noreferrer\">San Clemente<\/a><\/li>\n<\/ul>\n<hr \/>\n<p><em>Los costes de este blog se sufragan mediante enlaces de afiliaci\u00f3n, que hacen que ganemos una peque\u00f1a comisi\u00f3n si reservas alg\u00fan producto a trav\u00e9s de los mismos. No tiene ning\u00fan coste adicional para ti y los enlaces solo son a sitios que recomendamos y que hemos utilizado nosotros mismos.<\/em><\/p>\n<\/div>\n","protected":false},"excerpt":{"rendered":"<div class=\"mh-excerpt\"><p>Hoy te contamos que ver en Ucl\u00e9s, un pueblo manchego cuyo nombre est\u00e1 ligado irremediablemente a su monasterio. Su visita pasa por conocer su monasterio, <a class=\"mh-excerpt-more\" href=\"https:\/\/www.rutasporespana.es\/blog\/que-ver-en-ucles\/\" title=\"Qu\u00e9 ver en Ucl\u00e9s, el escorial de La Mancha\">[&#8230;]<\/a><\/p>\n<\/div>","protected":false},"author":1,"featured_media":11446,"comment_status":"open","ping_status":"open","sticky":false,"template":"","format":"standard","meta":{"_jetpack_memberships_contains_paid_content":false,"footnotes":"","jetpack_publicize_message":"","jetpack_publicize_feature_enabled":true,"jetpack_social_post_already_shared":true,"jetpack_social_options":{"image_generator_settings":{"template":"highway","default_image_id":0,"font":"","enabled":false},"version":2}},"categories":[11,153],"tags":[],"class_list":["post-9849","post","type-post","status-publish","format-standard","has-post-thumbnail","hentry","category-castilla-la-mancha","category-cuenca"],"aioseo_notices":[],"jetpack_publicize_connections":[],"jetpack_featured_media_url":"https:\/\/i0.wp.com\/www.rutasporespana.es\/blog\/wp-content\/uploads\/2018\/03\/Monasterio-Ucles.jpg?fit=675%2C566&ssl=1","jetpack_sharing_enabled":true,"_links":{"self":[{"href":"https:\/\/www.rutasporespana.es\/blog\/wp-json\/wp\/v2\/posts\/9849","targetHints":{"allow":["GET"]}}],"collection":[{"href":"https:\/\/www.rutasporespana.es\/blog\/wp-json\/wp\/v2\/posts"}],"about":[{"href":"https:\/\/www.rutasporespana.es\/blog\/wp-json\/wp\/v2\/types\/post"}],"author":[{"embeddable":true,"href":"https:\/\/www.rutasporespana.es\/blog\/wp-json\/wp\/v2\/users\/1"}],"replies":[{"embeddable":true,"href":"https:\/\/www.rutasporespana.es\/blog\/wp-json\/wp\/v2\/comments?post=9849"}],"version-history":[{"count":0,"href":"https:\/\/www.rutasporespana.es\/blog\/wp-json\/wp\/v2\/posts\/9849\/revisions"}],"wp:featuredmedia":[{"embeddable":true,"href":"https:\/\/www.rutasporespana.es\/blog\/wp-json\/wp\/v2\/media\/11446"}],"wp:attachment":[{"href":"https:\/\/www.rutasporespana.es\/blog\/wp-json\/wp\/v2\/media?parent=9849"}],"wp:term":[{"taxonomy":"category","embeddable":true,"href":"https:\/\/www.rutasporespana.es\/blog\/wp-json\/wp\/v2\/categories?post=9849"},{"taxonomy":"post_tag","embeddable":true,"href":"https:\/\/www.rutasporespana.es\/blog\/wp-json\/wp\/v2\/tags?post=9849"}],"curies":[{"name":"wp","href":"https:\/\/api.w.org\/{rel}","templated":true}]}}