{"id":8304,"date":"2017-08-07T00:10:11","date_gmt":"2017-08-06T22:10:11","guid":{"rendered":"http:\/\/www.rutasporespana.es\/blog\/?p=8304"},"modified":"2025-10-23T23:03:50","modified_gmt":"2025-10-23T21:03:50","slug":"ruta-por-provincia-burgos-que-ver-en-medina-de-pomar","status":"publish","type":"post","link":"https:\/\/www.rutasporespana.es\/blog\/ruta-por-provincia-burgos-que-ver-en-medina-de-pomar\/","title":{"rendered":"Qu\u00e9 ver en Medina de Pomar, capital de las Merindades"},"content":{"rendered":"<p>Hoy te contamos <strong>que ver en Medina de Pomar<\/strong>, situada muy cerca del R\u00edo Trueba, la antigua Capital de las Merindades de Castilla fue lugar de paso del Emperador Carlos V y otros reyes en su camino hacia Laredo y el norte europeo; desprovista de su capitalidad, conserva su antiguo esplendor gracias al Alc\u00e1zar de los Velasco.<\/p>\n<p><!--more--><\/p>\n<h2>\u00bfC\u00f3mo llegar a Medina de Pomar?<\/h2>\n<ul>\n<li><strong>En coche<\/strong><\/li>\n<\/ul>\n<p>Para llegar Medina de Pomar desde <a href=\"https:\/\/www.rutasporespana.es\/blog\/ruta-dos-dias-burgos-que-ver-en-burgos\/\" target=\"_blank\" rel=\"noopener noreferrer\">Burgos<\/a> se pueden tomar las carreteras CL-629 \/ AP-1 \u00f3 N-1, llegaremos en menos de una hora y media a Medina de Pomar.<\/p>\n<ul>\n<li><strong>En transporte p\u00fablico<\/strong><\/li>\n<\/ul>\n<p>En autob\u00fas. La empresa de autobuses ALSA realiza la ruta <a href=\"https:\/\/www.rutasporespana.es\/blog\/que-ver-en-bilbao-en-dos-dias\/\" target=\"_blank\" rel=\"noopener noreferrer\">Bilbao<\/a>-Burgos con parada en la localidad.<\/p>\n<h2>\u00bfQu\u00e9 ver en Medina de Pomar?<\/h2>\n<p>La ciudad actual tiene su origen en la repoblaci\u00f3n de Castilla por grupos moz\u00e1rabes en la Edad Media. En durante el reinado de Alfonso VII, cuando recibe su primer fuero y en 1369 pasa a manos de Pedro Fern\u00e1ndez de Velasco.<\/p>\n<p>Los Velasco, futuros Condestables de Castilla, convierten la villa en el centro de su se\u00f1or\u00edo. Aqu\u00ed construyen su alc\u00e1zar de marcada influencia \u00e1rabe conocido popularmente como \u201cLas Torres\u201d, y su pante\u00f3n.<\/p>\n<p>Finalmente la Reina Mar\u00eda Cristina le otorga el t\u00edtulo de ciudad, siendo doblemente ciudad una por nombre (por su denominaci\u00f3n \u00e1rabe, Medina) y otra por t\u00edtulo.<\/p>\n<h2>Plaza del Buen Conde de Haro &#8211;\u00a0que ver en Medina de Pomar<\/h2>\n<p>Empezamos nuestra ruta por Medina de Pomar desde la <strong>Plaza del Buen Conde de Haro<\/strong>, presidido por una fuente en la que se alza la estatua de Juan de Salazar y Espinosa, el fundador de la capital de Paraguay.<\/p>\n<figure id=\"attachment_16639\" aria-describedby=\"caption-attachment-16639\" style=\"width: 675px\" class=\"wp-caption aligncenter\"><img data-recalc-dims=\"1\" loading=\"lazy\" decoding=\"async\" class=\"wp-image-16639 size-full\" src=\"https:\/\/i0.wp.com\/www.rutasporespana.es\/blog\/wp-content\/uploads\/2017\/08\/Medina-Pomar1.jpg?resize=675%2C500&#038;ssl=1\" alt=\"Plaza del Buen Conde de Haro - que ver en Medina de Pomar\" width=\"675\" height=\"500\" srcset=\"https:\/\/i0.wp.com\/www.rutasporespana.es\/blog\/wp-content\/uploads\/2017\/08\/Medina-Pomar1.jpg?w=675&amp;ssl=1 675w, https:\/\/i0.wp.com\/www.rutasporespana.es\/blog\/wp-content\/uploads\/2017\/08\/Medina-Pomar1.jpg?resize=80%2C60&amp;ssl=1 80w\" sizes=\"auto, (max-width: 675px) 100vw, 675px\" \/><figcaption id=\"caption-attachment-16639\" class=\"wp-caption-text\">Plaza del Buen Conde de Haro &#8211; que ver en Medina de Pomar<\/figcaption><\/figure>\n<h2>Recinto amurallado &#8211;\u00a0que ver en Medina de Pomar<\/h2>\n<p>Siguiendo la calle Mayor ascendemos al casco urbano. Aqu\u00ed encontramos los restos del primitivo <strong>recinto amurallado<\/strong> (siglo XIV), que cercaba el Alc\u00e1zar y la Parroquia de Santa Cruz. Este recinto relativamente peque\u00f1o ten\u00eda 5 puertas: la de la Villa, la de Rocamayor, la de Zaraza (estas han desaparecido), la del Condestable y la de la Cadena, que conserva los huecos donde se enganchaba la puerta que cerraba la ciudad.<\/p>\n<figure id=\"attachment_16642\" aria-describedby=\"caption-attachment-16642\" style=\"width: 675px\" class=\"wp-caption aligncenter\"><img data-recalc-dims=\"1\" loading=\"lazy\" decoding=\"async\" class=\"wp-image-16642 size-full\" src=\"https:\/\/i0.wp.com\/www.rutasporespana.es\/blog\/wp-content\/uploads\/2017\/08\/Medina-Pomar2.jpg?resize=675%2C450&#038;ssl=1\" alt=\"Puerta de la Cadena - que ver en Medina de Pomar\" width=\"675\" height=\"450\" \/><figcaption id=\"caption-attachment-16642\" class=\"wp-caption-text\">Puerta de la Cadena &#8211; que ver en Medina de Pomar<\/figcaption><\/figure>\n<p>Desde hace poco por la calle Mayor se han colocado una <strong>serie de cuadros<\/strong> que han permitido embellecer una de las zonas m\u00e1s degradadas de la ciudad.<\/p>\n<figure id=\"attachment_16653\" aria-describedby=\"caption-attachment-16653\" style=\"width: 675px\" class=\"wp-caption aligncenter\"><img data-recalc-dims=\"1\" loading=\"lazy\" decoding=\"async\" class=\"wp-image-16653 size-full\" src=\"https:\/\/i0.wp.com\/www.rutasporespana.es\/blog\/wp-content\/uploads\/2017\/08\/Medina-Pomar15.jpg?resize=675%2C450&#038;ssl=1\" alt=\"Cuadros de la calle Mayor - que ver en Medina de Pomar\" width=\"675\" height=\"450\" \/><figcaption id=\"caption-attachment-16653\" class=\"wp-caption-text\">Cuadros de la calle Mayor &#8211; que ver en Medina de Pomar<\/figcaption><\/figure>\n<h2>Iglesia de Santa Cruz &#8211;\u00a0que ver en Medina de Pomar<\/h2>\n<p>Adosada a la muralla, encontramos la<strong> Iglesia de Santa Cruz<\/strong> con un p\u00f3rtico neocl\u00e1sico (siglo XIX). Su interior alberga varios sepulcros prerrenacentistas y retablos barrocos.<\/p>\n<figure id=\"attachment_16643\" aria-describedby=\"caption-attachment-16643\" style=\"width: 675px\" class=\"wp-caption aligncenter\"><img data-recalc-dims=\"1\" loading=\"lazy\" decoding=\"async\" class=\"wp-image-16643 size-full\" src=\"https:\/\/i0.wp.com\/www.rutasporespana.es\/blog\/wp-content\/uploads\/2017\/08\/Medina-Pomar3.jpg?resize=675%2C450&#038;ssl=1\" alt=\"Iglesia de Santa Cruz - que ver en Medina de Pomar\" width=\"675\" height=\"450\" \/><figcaption id=\"caption-attachment-16643\" class=\"wp-caption-text\">Iglesia de Santa Cruz &#8211; que ver en Medina de Pomar<\/figcaption><\/figure>\n<figure id=\"attachment_16638\" aria-describedby=\"caption-attachment-16638\" style=\"width: 675px\" class=\"wp-caption aligncenter\"><img data-recalc-dims=\"1\" loading=\"lazy\" decoding=\"async\" class=\"wp-image-16638 size-full\" src=\"https:\/\/i0.wp.com\/www.rutasporespana.es\/blog\/wp-content\/uploads\/2017\/08\/Medina-Pomar6.jpg?resize=675%2C450&#038;ssl=1\" alt=\"Iglesia de Santa Cruz - que ver en Medina de Pomar\" width=\"675\" height=\"450\" \/><figcaption id=\"caption-attachment-16638\" class=\"wp-caption-text\">Altar mayor &#8211; que ver en Medina de Pomar<\/figcaption><\/figure>\n<figure id=\"attachment_16651\" aria-describedby=\"caption-attachment-16651\" style=\"width: 675px\" class=\"wp-caption aligncenter\"><img data-recalc-dims=\"1\" loading=\"lazy\" decoding=\"async\" class=\"wp-image-16651 size-full\" src=\"https:\/\/i0.wp.com\/www.rutasporespana.es\/blog\/wp-content\/uploads\/2017\/08\/Medina-Pomar13.jpg?resize=675%2C450&#038;ssl=1\" alt=\"Iglesia de Santa Cruz - que ver en Medina de Pomar\" width=\"675\" height=\"450\" \/><figcaption id=\"caption-attachment-16651\" class=\"wp-caption-text\">Capillas &#8211; que ver en Medina de Pomar<\/figcaption><\/figure>\n<h2>La Plaza Mayor &#8211;\u00a0que ver en Medina de Pomar<\/h2>\n<p>Llegamos a la <strong>Plaza Mayor <\/strong>rodeada por soportales y presidida por el <strong>Ayuntamiento<\/strong> (siglo XIX). En uno de los lados tenemos un mirador con una bella panor\u00e1mica de las huertas regadas por el r\u00edo Trueba.<\/p>\n<figure id=\"attachment_16646\" aria-describedby=\"caption-attachment-16646\" style=\"width: 675px\" class=\"wp-caption aligncenter\"><img data-recalc-dims=\"1\" loading=\"lazy\" decoding=\"async\" class=\"wp-image-16646 size-full\" src=\"https:\/\/i0.wp.com\/www.rutasporespana.es\/blog\/wp-content\/uploads\/2017\/08\/Medina-Pomar5.jpg?resize=675%2C450&#038;ssl=1\" alt=\"Plaza Mayor - que ver en Medina de Pomar\" width=\"675\" height=\"450\" \/><figcaption id=\"caption-attachment-16646\" class=\"wp-caption-text\">Plaza Mayor &#8211; que ver en Medina de Pomar<\/figcaption><\/figure>\n<figure id=\"attachment_16652\" aria-describedby=\"caption-attachment-16652\" style=\"width: 675px\" class=\"wp-caption aligncenter\"><img data-recalc-dims=\"1\" loading=\"lazy\" decoding=\"async\" class=\"wp-image-16652 size-full\" src=\"https:\/\/i0.wp.com\/www.rutasporespana.es\/blog\/wp-content\/uploads\/2017\/08\/Medina-Pomar14.jpg?resize=675%2C450&#038;ssl=1\" alt=\"Plaza Mayor - que ver en Medina de Pomar\" width=\"675\" height=\"450\" \/><figcaption id=\"caption-attachment-16652\" class=\"wp-caption-text\">Plaza Mayor &#8211; que ver en Medina de Pomar<\/figcaption><\/figure>\n<h2>Alc\u00e1zar de los Velasco, parada obligada que ver en Medina de Pomar<\/h2>\n<p>M\u00e1s adelante nos espera el<strong> Alc\u00e1zar de los Velasco<\/strong> (siglo XIV), formado por grandes torreones c\u00fabicos unidos por un cuerpo central de menor altura. El Alc\u00e1zar fue erigido por don Pedro Fern\u00e1ndez de Velasco, posteriormente los duques de Fr\u00edas lo ceden al Ayuntamiento.<\/p>\n<figure id=\"attachment_16645\" aria-describedby=\"caption-attachment-16645\" style=\"width: 675px\" class=\"wp-caption aligncenter\"><img data-recalc-dims=\"1\" loading=\"lazy\" decoding=\"async\" class=\"wp-image-16645 size-full\" src=\"https:\/\/i0.wp.com\/www.rutasporespana.es\/blog\/wp-content\/uploads\/2017\/08\/Alcazar-Velasco-Pomar.jpg?resize=675%2C450&#038;ssl=1\" alt=\"Alc\u00e1zar de los Velasco - que ver en Medina de Pomar\" width=\"675\" height=\"450\" \/><figcaption id=\"caption-attachment-16645\" class=\"wp-caption-text\">Alc\u00e1zar de los Velasco &#8211; que ver en Medina de Pomar<\/figcaption><\/figure>\n<p>Hoy es la sede del <strong>Museo Hist\u00f3rico de las Merindades<\/strong> que explica la historia, arqueolog\u00eda y patrimonio de la comarca.<\/p>\n<figure id=\"attachment_16649\" aria-describedby=\"caption-attachment-16649\" style=\"width: 675px\" class=\"wp-caption aligncenter\"><img data-recalc-dims=\"1\" loading=\"lazy\" decoding=\"async\" class=\"wp-image-16649 size-full\" src=\"https:\/\/i0.wp.com\/www.rutasporespana.es\/blog\/wp-content\/uploads\/2017\/08\/Medina-Pomar10.jpg?resize=675%2C450&#038;ssl=1\" alt=\"Museo de las Merindades - que ver en Medina de Pomar\" width=\"675\" height=\"450\" \/><figcaption id=\"caption-attachment-16649\" class=\"wp-caption-text\">Museo de las Merindades &#8211; que ver en Medina de Pomar<\/figcaption><\/figure>\n<figure id=\"attachment_16648\" aria-describedby=\"caption-attachment-16648\" style=\"width: 675px\" class=\"wp-caption aligncenter\"><img data-recalc-dims=\"1\" loading=\"lazy\" decoding=\"async\" class=\"wp-image-16648 size-full\" src=\"https:\/\/i0.wp.com\/www.rutasporespana.es\/blog\/wp-content\/uploads\/2017\/08\/Medina-Pomar9.jpg?resize=675%2C450&#038;ssl=1\" alt=\"Museo de las Merindades - que ver en Medina de Pomar\" width=\"675\" height=\"450\" \/><figcaption id=\"caption-attachment-16648\" class=\"wp-caption-text\">Museo de las Merindades &#8211; que ver en Medina de Pomar<\/figcaption><\/figure>\n<p>En la terraza superior tenemos tambi\u00e9n unas vistas panor\u00e1micas de la comarca.<\/p>\n<figure id=\"attachment_16647\" aria-describedby=\"caption-attachment-16647\" style=\"width: 675px\" class=\"wp-caption aligncenter\"><img data-recalc-dims=\"1\" loading=\"lazy\" decoding=\"async\" class=\"wp-image-16647 size-full\" src=\"https:\/\/i0.wp.com\/www.rutasporespana.es\/blog\/wp-content\/uploads\/2017\/08\/Medina-Pomar11.jpg?resize=675%2C450&#038;ssl=1\" alt=\"Museo de las Merindades - que ver en Medina de Pomar\" width=\"675\" height=\"450\" \/><figcaption id=\"caption-attachment-16647\" class=\"wp-caption-text\">Museo de las Merindades &#8211; que ver en Medina de Pomar<\/figcaption><\/figure>\n<div class=\"caja-info\">\n<p class=\"info\"><strong>M\u00e1s informaci\u00f3n<\/strong><\/p>\n<ul>\n<li><strong>Horario:<\/strong>\n<ul>\n<li><strong>Del 15 al 30 de junio y del 1 al 15 de septiembre: <\/strong>martes de 16:30 a 19:00. De mi\u00e9rcoles a s\u00e1bado de 10:00 a 14:00 y de 16:30 a 19:00. Domingos de 10:00 a 14:00.<\/li>\n<li><strong>Julio, agosto, Semana Santa y Puente de diciembre: <\/strong>de martes a domingo de 10:00 a 14:00 y de 16:30 a 19:00.<\/li>\n<li><strong>Resto del a\u00f1o: <\/strong>martes de 16:30 a 18:30. De mi\u00e9rcoles a s\u00e1bado de 10:30 a 14:00 y de 16:30 a 18:30. Domingos de 10:30 a 14:00.<\/li>\n<\/ul>\n<\/li>\n<li><strong>Precio:<\/strong> 3 \u20ac general \/ 1,5 \u20ac reducida<\/li>\n<li><strong>Web: <\/strong><a href=\"https:\/\/www.medinadepomar.net\/\" target=\"_blank\" rel=\"nofollow noopener noreferrer\">https:\/\/www.medinadepomar.net\/<\/a><\/li>\n<\/ul>\n<\/div>\n<h2>Ermita de San Mill\u00e1n &#8211; Centro de Interpretaci\u00f3n del Rom\u00e1nico de las Merindades<\/h2>\n<p>Fuera del casco urbano tenemos la <strong>Ermita de San Mill\u00e1n<\/strong> (siglo XII) de estilo rom\u00e1nico, es la sede del <strong>Centro de Interpretaci\u00f3n del Rom\u00e1nico de las Merindades<\/strong> con informaci\u00f3n sobre el centenar de templos de este estilo que hay en la comarca.<\/p>\n<figure id=\"attachment_16650\" aria-describedby=\"caption-attachment-16650\" style=\"width: 675px\" class=\"wp-caption aligncenter\"><img data-recalc-dims=\"1\" loading=\"lazy\" decoding=\"async\" class=\"wp-image-16650 size-full\" src=\"https:\/\/i0.wp.com\/www.rutasporespana.es\/blog\/wp-content\/uploads\/2017\/08\/Medina-Pomar12.jpg?resize=675%2C450&#038;ssl=1\" alt=\"Museo del rom\u00e1nico - que ver en Medina de Pomar\" width=\"675\" height=\"450\" \/><figcaption id=\"caption-attachment-16650\" class=\"wp-caption-text\">Museo del rom\u00e1nico &#8211; que ver en Medina de Pomar<\/figcaption><\/figure>\n<figure id=\"attachment_16640\" aria-describedby=\"caption-attachment-16640\" style=\"width: 675px\" class=\"wp-caption aligncenter\"><img data-recalc-dims=\"1\" loading=\"lazy\" decoding=\"async\" class=\"wp-image-16640 size-full\" src=\"https:\/\/i0.wp.com\/www.rutasporespana.es\/blog\/wp-content\/uploads\/2017\/08\/Medina-Pomar7.jpg?resize=675%2C450&#038;ssl=1\" alt=\"Museo del rom\u00e1nico - que ver en Medina de Pomar\" width=\"675\" height=\"450\" \/><figcaption id=\"caption-attachment-16640\" class=\"wp-caption-text\">Museo del rom\u00e1nico &#8211; que ver en Medina de Pomar<\/figcaption><\/figure>\n<div class=\"caja-info\">\n<p class=\"info\"><strong>M\u00e1s informaci\u00f3n<\/strong><\/p>\n<ul>\n<li><strong>Horario:<\/strong>\n<ul>\n<li><strong>Mayo y junio:<\/strong> viernes y s\u00e1bados a las 12:15 y a las 18:30.<\/li>\n<li><strong>De julio a septiembre:<ins><\/ins><\/strong> de mi\u00e9rcoles a s\u00e1bado a las 12:30 y a las 18:30. Domingos a las 12:30.<\/li>\n<li>Resto del a\u00f1o previa reserva con un m\u00ednimo de dos personas.<\/li>\n<\/ul>\n<\/li>\n<li><strong>Precio:<\/strong> 2 \u20ac general \/ 1 \u20ac reducida<\/li>\n<li><strong>Web: <\/strong><a href=\"https:\/\/www.medinadepomar.net\/\" target=\"_blank\" rel=\"nofollow noopener noreferrer\">https:\/\/www.medinadepomar.net\/<\/a><\/li>\n<\/ul>\n<\/div>\n<h2>Convento de Santa Clara, un lugar \u00fanico\u00a0que ver en Medina de Pomar<\/h2>\n<p>Justo al lado tenemos el <strong>Convento de Santa Clara<\/strong> (siglo XIV), fundado por Sancho S\u00e1nchez de Velasco y su esposa, para ejercer de pante\u00f3n de la familia de los Condestables.<\/p>\n<figure id=\"attachment_16654\" aria-describedby=\"caption-attachment-16654\" style=\"width: 675px\" class=\"wp-caption aligncenter\"><img data-recalc-dims=\"1\" loading=\"lazy\" decoding=\"async\" class=\"wp-image-16654 size-full\" src=\"https:\/\/i0.wp.com\/www.rutasporespana.es\/blog\/wp-content\/uploads\/2017\/08\/Medina-Pomar19.jpg?resize=675%2C450&#038;ssl=1\" alt=\"Convento de Santa Clara - que ver en Medina de Pomar\" width=\"675\" height=\"450\" \/><figcaption id=\"caption-attachment-16654\" class=\"wp-caption-text\">Convento de Santa Clara &#8211; que ver en Medina de Pomar<\/figcaption><\/figure>\n<p>En su interior alberga una iglesia, el pante\u00f3n familiar de los Fern\u00e1ndez de Velasco y el Museo de los Condestables de Castilla que desgrana la historia de los Condestables as\u00ed como la vida de las clarisas en el monasterio.<\/p>\n<figure id=\"attachment_16655\" aria-describedby=\"caption-attachment-16655\" style=\"width: 675px\" class=\"wp-caption aligncenter\"><img data-recalc-dims=\"1\" loading=\"lazy\" decoding=\"async\" class=\"wp-image-16655 size-full\" src=\"https:\/\/i0.wp.com\/www.rutasporespana.es\/blog\/wp-content\/uploads\/2017\/08\/Medina-Pomar16.jpg?resize=675%2C450&#038;ssl=1\" alt=\"Convento de Santa Clara - que ver en Medina de Pomar\" width=\"675\" height=\"450\" \/><figcaption id=\"caption-attachment-16655\" class=\"wp-caption-text\">Convento de Santa Clara &#8211; que ver en Medina de Pomar<\/figcaption><\/figure>\n<figure id=\"attachment_16657\" aria-describedby=\"caption-attachment-16657\" style=\"width: 675px\" class=\"wp-caption aligncenter\"><img data-recalc-dims=\"1\" loading=\"lazy\" decoding=\"async\" class=\"wp-image-16657 size-full\" src=\"https:\/\/i0.wp.com\/www.rutasporespana.es\/blog\/wp-content\/uploads\/2017\/08\/Medina-Pomar18.jpg?resize=675%2C450&#038;ssl=1\" alt=\"Convento de Santa Clara - que ver en Medina de Pomar\" width=\"675\" height=\"450\" \/><figcaption id=\"caption-attachment-16657\" class=\"wp-caption-text\">Convento de Santa Clara &#8211; que ver en Medina de Pomar<\/figcaption><\/figure>\n<p>El <span class=\"Arquitectura\">Museo del convento de Santa Clara<\/span> exhibe entre otras muchas piezas un magn\u00edfico Cristo yacente de Gregorio Fern\u00e1ndez.<\/p>\n<figure id=\"attachment_16656\" aria-describedby=\"caption-attachment-16656\" style=\"width: 675px\" class=\"wp-caption aligncenter\"><img data-recalc-dims=\"1\" loading=\"lazy\" decoding=\"async\" class=\"wp-image-16656 size-full\" src=\"https:\/\/i0.wp.com\/www.rutasporespana.es\/blog\/wp-content\/uploads\/2017\/08\/Medina-Pomar17.jpg?resize=675%2C450&#038;ssl=1\" alt=\"Convento de Santa Clara - que ver en Medina de Pomar\" width=\"675\" height=\"450\" \/><figcaption id=\"caption-attachment-16656\" class=\"wp-caption-text\">Convento de Santa Clara &#8211; que ver en Medina de Pomar<\/figcaption><\/figure>\n<div class=\"caja-info\">\n<p class=\"info\"><strong>M\u00e1s informaci\u00f3n<\/strong><\/p>\n<ul>\n<li><strong>Horario:<\/strong>\n<ul>\n<li><strong>Julio, agosto, Semana Santa y Puente de diciembre: <\/strong>De martes a s\u00e1bado de 10:30 a 14:00 y de 16:30 a 19:00. Domingo solo ma\u00f1ana.<\/li>\n<li><strong>Resto del a\u00f1o: <\/strong>martes a s\u00e1bados 11:00 a 13:30 h. y de 16:00 a 18:00. Domingo solo ma\u00f1ana.<\/li>\n<\/ul>\n<\/li>\n<li><strong>Precio:<\/strong> 2 \u20ac general \/ 1 \u20ac reducida. Gratis los martes a primera hora.<\/li>\n<li><strong>Web: <\/strong><a href=\"https:\/\/www.medinadepomar.net\/\" target=\"_blank\" rel=\"nofollow noopener noreferrer\">https:\/\/www.medinadepomar.net\/<\/a><\/li>\n<\/ul>\n<\/div>\n<h2><span style=\"font-size: 45px; margin: 0 9px 0 0; padding: 0 13px 0 0;\">&gt;&gt;<\/span>En los alrededores, despu\u00e9s de que ver en Medina de Pomar<\/h2>\n<hr \/>\n<p>Aqu\u00ed termina nuestra ruta por todo lo que hay que ver y hacer en Medina de Pomar, pero si te has quedado con ganas de m\u00e1s, a continuaci\u00f3n te mostramos los sitios m\u00e1s interesantes de la zona.<\/p>\n<h3>Cebolleros<\/h3>\n<p>Situado en el peque\u00f1o pueblo de <strong>Cebolleros<\/strong>, a 11 kil\u00f3metros de Medina de Pomar, encontramos este curioso edificio que simula la arquitectura de un castillo. Nada tiene que ver con otros imponentes castillos como el de <a href=\"https:\/\/www.rutasporespana.es\/blog\/que-ver-olite\/\" target=\"_blank\" rel=\"noopener noreferrer\"><strong>Olite<\/strong><\/a> o <a href=\"https:\/\/www.turismopenafiel.es\/\" target=\"_blank\" rel=\"noopener noreferrer\"><strong>Pe\u00f1afiel<\/strong><\/a>. Este edificio es obra de Seraf\u00edn Villar\u00e1n, utilizando guijarros del r\u00edo, quien comenz\u00f3 su construcci\u00f3n en 1978, dedicando a ello los fines de semana. Algo que nos recuerda bastante a la <a href=\"https:\/\/www.rutasporespana.es\/blog\/catedral-justo\/\" target=\"_blank\" rel=\"noopener noreferrer\">Catedral de Justo<\/a>. Seraf\u00edn falleci\u00f3 20 a\u00f1os despu\u00e9s y no pudo ver terminada su obra. De hecho, el Castillo de las Cuevas a\u00fan no est\u00e1 terminado.<\/p>\n<p>El Castillo se puede visitar y la entrada es gratuita, aunque aceptan donativos destinados a terminar la obra.<\/p>\n<figure id=\"attachment_16659\" aria-describedby=\"caption-attachment-16659\" style=\"width: 675px\" class=\"wp-caption aligncenter\"><img data-recalc-dims=\"1\" loading=\"lazy\" decoding=\"async\" class=\"wp-image-16659 size-full\" src=\"https:\/\/i0.wp.com\/www.rutasporespana.es\/blog\/wp-content\/uploads\/2017\/08\/Castillo-Cebollero.jpg?resize=675%2C450&#038;ssl=1\" alt=\"Castillo de cebolleros\" width=\"675\" height=\"450\" \/><figcaption id=\"caption-attachment-16659\" class=\"wp-caption-text\">Castillo de cebolleros<\/figcaption><\/figure>\n<h3>Fr\u00edas<\/h3>\n<p>Conocida como la ciudad m\u00e1s peque\u00f1a de Espa\u00f1a, se asienta junto al Ebro, a la entrada del valle de Tobalina, bajo la atenta mirada de la torre del Castillo de los Velasco que parece querer despe\u00f1arse sobre las casas. Un pueblo est\u00e1 construido sobre una roca llamada \u201cLa Muela\u201c, una extraordinaria conjunci\u00f3n de geolog\u00eda y arquitectura. Si quieres descubrir este precioso pueblo, puedes leer nuestro post: <a href=\"https:\/\/www.rutasporespana.es\/blog\/ruta-por-la-provincia-de-burgos-que-ver-en-frias\/\" target=\"_blank\" rel=\"noopener noreferrer\">Ruta por la provincia de Burgos: \u00bfQu\u00e9 ver en Fr\u00edas?<\/a><\/p>\n<figure id=\"attachment_11750\" aria-describedby=\"caption-attachment-11750\" style=\"width: 675px\" class=\"wp-caption aligncenter\"><img loading=\"lazy\" decoding=\"async\" class=\"jetpack-lazy-image jetpack-lazy-image--handled wp-image-11750 size-full\" src=\"https:\/\/i0.wp.com\/www.rutasporespana.es\/blog\/wp-content\/uploads\/2018\/08\/Torre-Frias.jpg?resize=675%2C450&#038;ssl=1\" alt=\"Torre de Fr\u00edas\" width=\"675\" height=\"450\" data-recalc-dims=\"1\" data-lazy-loaded=\"1\" \/><figcaption id=\"caption-attachment-11750\" class=\"wp-caption-text\">Torre de Fr\u00edas<\/figcaption><\/figure>\n<h3>Orbaneja del Castillo<\/h3>\n<p>Orbaneja del Castillo se encuentra a menos de una hora de Medina de Pomar, en el l\u00edmite entre <a href=\"https:\/\/www.rutasporespana.es\/blog\/los-10-pueblos-mas-bonitos-de-cantabria\/\" target=\"_blank\" rel=\"noopener noreferrer\">Cantabria<\/a> y Burgos. Est\u00e1 considerado <strong>uno de los pueblos m\u00e1s bonitos de la provincia de Burgos<\/strong>, caracterizado por su paisaje k\u00e1rstico, y su famosa cascada. El agua de esta cascada, nace de la Cueva del Agua para caer a 25 metros de altura recorriendo las t\u00edpicas casas de piedra del pueblo, para desembocar en el r\u00edo Ebro. Si quieres descubrir este precioso pueblo, puedes leer nuestro post: <a href=\"https:\/\/www.rutasporespana.es\/blog\/ruta-por-la-provincia-de-burgos-que-ver-en-orbaneja-del-castillo\/\" target=\"_blank\" rel=\"noopener noreferrer\">Ruta por la provincia de Burgos: \u00bfQu\u00e9 ver en Orbaneja de Castillo?<\/a><\/p>\n<figure id=\"attachment_12583\" aria-describedby=\"caption-attachment-12583\" style=\"width: 675px\" class=\"wp-caption aligncenter\"><img data-recalc-dims=\"1\" loading=\"lazy\" decoding=\"async\" class=\"size-full wp-image-12583\" src=\"https:\/\/i0.wp.com\/www.rutasporespana.es\/blog\/wp-content\/uploads\/2019\/04\/Orbaneja-Castillo.jpg?resize=675%2C450&#038;ssl=1\" alt=\"Orbaneja del Castillo\" width=\"675\" height=\"450\" \/><figcaption id=\"caption-attachment-12583\" class=\"wp-caption-text\">Orbaneja del Castillo<\/figcaption><\/figure>\n<figure id=\"attachment_16560\" aria-describedby=\"caption-attachment-16560\" style=\"width: 675px\" class=\"wp-caption aligncenter\"><img data-recalc-dims=\"1\" loading=\"lazy\" decoding=\"async\" class=\"size-full wp-image-16560\" src=\"https:\/\/i0.wp.com\/www.rutasporespana.es\/blog\/wp-content\/uploads\/2017\/07\/Orbaneja-Castillo13.jpg?resize=675%2C450&#038;ssl=1\" alt=\"Orbaneja del Castillo\" width=\"675\" height=\"450\" \/><figcaption id=\"caption-attachment-16560\" class=\"wp-caption-text\">Orbaneja del Castillo<\/figcaption><\/figure>\n<p><iframe loading=\"lazy\" src=\"https:\/\/www.google.com\/maps\/d\/embed?mid=1rfANns6kVn3CtnVS3D0V1R8wCHE\" width=\"675\" height=\"500\"><span style=\"display: inline-block; width: 0px; overflow: hidden; line-height: 0;\" data-mce-type=\"bookmark\" class=\"mce_SELRES_start\">\ufeff<\/span><\/iframe><\/p>\n<div class=\"caja-info\">\n<h3 class=\"comida\">D\u00f3nde comer en\u00a0Medina de Pomar<\/h3>\n<p>Los m\u00e1s recomendables:<\/p>\n<ul>\n<li><strong>Asador la Caba\u00f1a<\/strong> (Paseo la Estaci\u00f3n): el mejor sitio para comer carne a la brasa de la ciudad, est\u00e1 un poco alejado pero merece la pena.<\/li>\n<li><strong>Restaurante San Francisco<\/strong> (Calle Juan de Ortega 3): raciones generosas y a buen precio, qu\u00e9 m\u00e1s se puede pedir.<\/li>\n<\/ul>\n<h3 class=\"hotel\">D\u00f3nde dormir en Medina de Pomar<\/h3>\n<p>Si queremos recorrer las Merindades, este es un buen lugar para hacer un alto en el camino y hacer noche. Aqu\u00ed tienes algunas opciones donde dormir:<\/p>\n<ul>\n<li><a href=\"https:\/\/booking.stay22.com\/rutasporespana\/UR9AKe-YvQ\" target=\"_blank\" rel=\"nofollow noopener sponsored\">Oferta de Hoteles y hostales en Medina de Pomar<\/a><\/li>\n<\/ul>\n<\/div>\n<h3>Tambi\u00e9n te puede interesar&#8230;<\/h3>\n<p>Te has quedado con ganas de descubrir m\u00e1s pueblos interesantes de Burgos, aqu\u00ed te dejo unos cuantos:<\/p>\n<ul>\n<li><a href=\"https:\/\/www.rutasporespana.es\/blog\/ruta-dos-dias-burgos-que-ver-en-burgos\/\" target=\"_blank\" rel=\"noopener noreferrer\">Ruta por la provincia de Burgos: \u00bfQu\u00e9 ver en Burgos?<\/a><\/li>\n<li><a href=\"https:\/\/www.rutasporespana.es\/blog\/los-10-pueblos-mas-bonitos-provincia-burgos\/\" target=\"_blank\" rel=\"noopener noreferrer\">Los 10 pueblos m\u00e1s bonitos de la provincia de Burgos<\/a><\/li>\n<li><a href=\"https:\/\/www.rutasporespana.es\/blog\/ruta-por-la-provincia-de-burgos-que-ver-en-ona\/\" target=\"_blank\" rel=\"noopener noreferrer\">O\u00f1a<\/a><\/li>\n<li><a href=\"https:\/\/www.rutasporespana.es\/blog\/ruta-por-la-provincia-de-burgos-que-ver-en-poza-de-la-sal\/\" target=\"_blank\" rel=\"noopener noreferrer\">Poza de la Sal<\/a><\/li>\n<li><a href=\"https:\/\/www.rutasporespana.es\/blog\/ruta-por-la-provincia-de-burgos-que-ver-en-tobera\/\" target=\"_blank\" rel=\"noopener noreferrer\">Tobera<\/a><\/li>\n<li><a href=\"https:\/\/www.rutasporespana.es\/blog\/ruta-por-la-provincia-de-burgos-que-ver-en-lerma\/\" target=\"_blank\" rel=\"noopener noreferrer\">Lerma<\/a><\/li>\n<li><a href=\"https:\/\/www.rutasporespana.es\/blog\/ruta-por-provincia-burgos-que-ver-en-covarrubias\/\" target=\"_blank\" rel=\"noopener noreferrer\">Covarrubias<\/a><\/li>\n<li><a href=\"https:\/\/www.rutasporespana.es\/blog\/ruta-por-provincia-burgos-que-ver-santo-domingo-silos\/\" target=\"_blank\" rel=\"noopener noreferrer\">Santo Domingo de Silos<\/a><\/li>\n<li><a href=\"https:\/\/www.rutasporespana.es\/blog\/ruta-por-la-provincia-de-burgos-que-ver-en-puentedey\/\" target=\"_blank\" rel=\"noopener noreferrer\">Puentedey<\/a><\/li>\n<li><a href=\"https:\/\/www.rutasporespana.es\/blog\/ruta-por-la-provincia-de-burgos-que-ver-en-briviesca\/\" target=\"_blank\" rel=\"noopener noreferrer\">Briviesca<\/a><\/li>\n<li><a href=\"https:\/\/www.rutasporespana.es\/blog\/ruta-del-nacimiento-del-rio-cadagua-en-las-merindades\/\" target=\"_blank\" rel=\"noopener noreferrer\">Ruta del Nacimiento del R\u00edo Cadagua en las Merindades<\/a><\/li>\n<\/ul>\n<hr \/>\n<p><em>Los costes de este blog se sufragan mediante enlaces de afiliaci\u00f3n, que hacen que ganemos una peque\u00f1a comisi\u00f3n si reservas alg\u00fan producto a trav\u00e9s de los mismos. No tiene ning\u00fan coste adicional para ti y los enlaces solo son a sitios que recomendamos y que hemos utilizado nosotros mismos.<\/em><\/p>\n","protected":false},"excerpt":{"rendered":"<div class=\"mh-excerpt\"><p>Hoy te contamos que ver en Medina de Pomar, situada muy cerca del R\u00edo Trueba, la antigua Capital de las Merindades de Castilla fue lugar <a class=\"mh-excerpt-more\" href=\"https:\/\/www.rutasporespana.es\/blog\/ruta-por-provincia-burgos-que-ver-en-medina-de-pomar\/\" title=\"Qu\u00e9 ver en Medina de Pomar, capital de las Merindades\">[&#8230;]<\/a><\/p>\n<\/div>","protected":false},"author":1,"featured_media":11262,"comment_status":"open","ping_status":"open","sticky":false,"template":"","format":"standard","meta":{"_jetpack_memberships_contains_paid_content":false,"footnotes":"","jetpack_publicize_message":"","jetpack_publicize_feature_enabled":true,"jetpack_social_post_already_shared":false,"jetpack_social_options":{"image_generator_settings":{"template":"highway","default_image_id":0,"font":"","enabled":false},"version":2}},"categories":[164,12],"tags":[74],"class_list":["post-8304","post","type-post","status-publish","format-standard","has-post-thumbnail","hentry","category-burgos","category-castilla-y-leon","tag-pueblos-con-encanto"],"aioseo_notices":[],"jetpack_publicize_connections":[],"jetpack_featured_media_url":"https:\/\/i0.wp.com\/www.rutasporespana.es\/blog\/wp-content\/uploads\/2017\/08\/Medina-Pomar.jpg?fit=675%2C566&ssl=1","jetpack_sharing_enabled":true,"_links":{"self":[{"href":"https:\/\/www.rutasporespana.es\/blog\/wp-json\/wp\/v2\/posts\/8304","targetHints":{"allow":["GET"]}}],"collection":[{"href":"https:\/\/www.rutasporespana.es\/blog\/wp-json\/wp\/v2\/posts"}],"about":[{"href":"https:\/\/www.rutasporespana.es\/blog\/wp-json\/wp\/v2\/types\/post"}],"author":[{"embeddable":true,"href":"https:\/\/www.rutasporespana.es\/blog\/wp-json\/wp\/v2\/users\/1"}],"replies":[{"embeddable":true,"href":"https:\/\/www.rutasporespana.es\/blog\/wp-json\/wp\/v2\/comments?post=8304"}],"version-history":[{"count":0,"href":"https:\/\/www.rutasporespana.es\/blog\/wp-json\/wp\/v2\/posts\/8304\/revisions"}],"wp:featuredmedia":[{"embeddable":true,"href":"https:\/\/www.rutasporespana.es\/blog\/wp-json\/wp\/v2\/media\/11262"}],"wp:attachment":[{"href":"https:\/\/www.rutasporespana.es\/blog\/wp-json\/wp\/v2\/media?parent=8304"}],"wp:term":[{"taxonomy":"category","embeddable":true,"href":"https:\/\/www.rutasporespana.es\/blog\/wp-json\/wp\/v2\/categories?post=8304"},{"taxonomy":"post_tag","embeddable":true,"href":"https:\/\/www.rutasporespana.es\/blog\/wp-json\/wp\/v2\/tags?post=8304"}],"curies":[{"name":"wp","href":"https:\/\/api.w.org\/{rel}","templated":true}]}}