{"id":7738,"date":"2022-08-03T08:00:27","date_gmt":"2022-08-03T06:00:27","guid":{"rendered":"http:\/\/www.rutasporespana.es\/blog\/?p=7738"},"modified":"2025-09-22T21:01:42","modified_gmt":"2025-09-22T19:01:42","slug":"ruta-por-la-provincia-de-burgos-que-ver-en-ona","status":"publish","type":"post","link":"https:\/\/www.rutasporespana.es\/blog\/ruta-por-la-provincia-de-burgos-que-ver-en-ona\/","title":{"rendered":"Qu\u00e9 ver en O\u00f1a, una bonita villa medieval"},"content":{"rendered":"<p>Hoy te mostramos <strong>que ver en O\u00f1a<\/strong>, una bella localidad que se asiente sobre un meandro del r\u00edo Oca, por donde se extiende sus caser\u00edos por calles empinadas ante el grandioso Monasterio de San Salvador, lugar donde descansan reyes, condes e infantes de Castilla, Le\u00f3n y Navarra.<\/p>\n<p><!--more--><\/p>\n<h2>\u00bfC\u00f3mo llegar a O\u00f1a?<\/h2>\n<p>Desde <a href=\"https:\/\/www.rutasporespana.es\/blog\/ruta-dos-dias-burgos-que-ver-en-burgos\/\" target=\"_blank\" rel=\"noopener noreferrer\">Burgos<\/a> tomamos la BU-502 y despu\u00e9s cogemos la N-232, tras unos 20 minutos nos encontraremos con la localidad de O\u00f1a. Para aparcar el coche os recomendamos que cruc\u00e9is el r\u00edo, ya que suele haber huecos por ese lado y no tardar\u00e9is m\u00e1s de cinco minutos en llegar a la plaza.<\/p>\n<h2>\u00bfQu\u00e9 ver en O\u00f1a?<\/h2>\n<p>Al comienzo de la Repoblaci\u00f3n de Castilla, el conde Sancho Garc\u00eda funda en el a\u00f1o 1011 el Monasterio benedictino de San Salvador para su hija Tigridia, y crea en O\u00f1a el Se\u00f1or\u00edo Infantado m\u00e1s importante de Castilla. Cuyo aire medieval todav\u00eda se conserva en plazas y calle como la de Barruso y de la Antigua Juder\u00eda.<\/p>\n<h2>Real Monasterio de San Salvador de O\u00f1a, parada obligada que ver en O\u00f1a<\/h2>\n<p>El principal monumento que hay que ver en O\u00f1a es el <strong>monasterio de San Salvador<\/strong> (siglo XI), es una construcci\u00f3n g\u00f3tica, sobre otra anterior rom\u00e1nica de la que quedan algunos restos en los muros laterales y en el interior.<\/p>\n<p>En la capilla mayor se encuentran los sepulcros de los Condes y Reyes de Castilla, dos panteones de madera labrada del siglo XV. Aqu\u00ed descansan el conde Sancho Garc\u00eda, su esposa Urraca y su hijo Garc\u00eda, \u00faltimos condes de Castilla; Sancho el Mayor de Navarra y su esposa do\u00f1a Munia, y Sancho II el Fuerte, rey de Castilla, entre otros.<\/p>\n<figure id=\"attachment_16573\" aria-describedby=\"caption-attachment-16573\" style=\"width: 675px\" class=\"wp-caption aligncenter\"><img data-recalc-dims=\"1\" loading=\"lazy\" decoding=\"async\" class=\"wp-image-16573 size-full\" src=\"https:\/\/i0.wp.com\/www.rutasporespana.es\/blog\/wp-content\/uploads\/2017\/08\/Ona5.jpg?resize=675%2C450&#038;ssl=1\" alt=\"Monasterio de San Salvador - Qu\u00e9 ver en O\u00f1a\" width=\"675\" height=\"450\" \/><figcaption id=\"caption-attachment-16573\" class=\"wp-caption-text\">Monasterio de San Salvador &#8211; que ver en O\u00f1a<\/figcaption><\/figure>\n<p>En el monasterio no se da misa desde la desamortizaci\u00f3n de Mendiz\u00e1bal. Pero en verano los vecinos de O\u00f1a, realizan aqu\u00ed una representaci\u00f3n teatral sobre los or\u00edgenes de Castilla llamado <a href=\"https:\/\/www.elcronicondeona.com\/\" target=\"_blank\" rel=\"nofollow noopener noreferrer\">el Cronic\u00f3n de O\u00f1a<\/a>.<\/p>\n<figure id=\"attachment_16572\" aria-describedby=\"caption-attachment-16572\" style=\"width: 675px\" class=\"wp-caption aligncenter\"><img data-recalc-dims=\"1\" loading=\"lazy\" decoding=\"async\" class=\"wp-image-16572 size-full\" src=\"https:\/\/i0.wp.com\/www.rutasporespana.es\/blog\/wp-content\/uploads\/2017\/08\/Ona4.jpg?resize=675%2C450&#038;ssl=1\" alt=\"Monasterio de San Salvador - Qu\u00e9 ver en O\u00f1a\" width=\"675\" height=\"450\" \/><figcaption id=\"caption-attachment-16572\" class=\"wp-caption-text\">Monasterio de San Salvador &#8211; que ver en O\u00f1a<\/figcaption><\/figure>\n<figure id=\"attachment_16581\" aria-describedby=\"caption-attachment-16581\" style=\"width: 675px\" class=\"wp-caption aligncenter\"><img data-recalc-dims=\"1\" loading=\"lazy\" decoding=\"async\" class=\"wp-image-16581 size-full\" src=\"https:\/\/i0.wp.com\/www.rutasporespana.es\/blog\/wp-content\/uploads\/2017\/08\/Ona11.jpg?resize=675%2C468&#038;ssl=1\" alt=\"Monasterio de San Salvador - Qu\u00e9 ver en O\u00f1a\" width=\"675\" height=\"468\" \/><figcaption id=\"caption-attachment-16581\" class=\"wp-caption-text\">Monasterio de San Salvador &#8211; que ver en O\u00f1a<\/figcaption><\/figure>\n<p>Uno de los elementos m\u00e1s llamativos es la torre conocida como <strong>Torre de Ad\u00e1n,<\/strong> que hasta 1610 fue c\u00e1rcel de los monjes.<\/p>\n<figure id=\"attachment_23039\" aria-describedby=\"caption-attachment-23039\" style=\"width: 675px\" class=\"wp-caption aligncenter\"><img data-recalc-dims=\"1\" loading=\"lazy\" decoding=\"async\" class=\"size-full wp-image-23039\" src=\"https:\/\/i0.wp.com\/www.rutasporespana.es\/blog\/wp-content\/uploads\/2017\/08\/Ona11-1.jpg?resize=675%2C450&#038;ssl=1\" alt=\"Torre de Ad\u00e1n - O\u00f1a\" width=\"675\" height=\"450\" \/><figcaption id=\"caption-attachment-23039\" class=\"wp-caption-text\">Torre de Ad\u00e1n &#8211; que ver en O\u00f1a<\/figcaption><\/figure>\n<div class=\"caja-info\">\n<p class=\"info\"><strong>M\u00e1s informaci\u00f3n<\/strong><\/p>\n<ul>\n<li><strong>Horario:<\/strong> Del 27 de Octubre al 28 de marzo de martes a domingo de 10:30 a 13:30 y 16:00 a 18:00 (resto del a\u00f1o media hora m\u00e1s).<\/li>\n<li><strong>Precio:<\/strong> 4 \u20ac general \/ 3 \u20ac reducida<\/li>\n<li><strong>Web:\u00a0<\/strong><a href=\"https:\/\/www.monasteriodeo\u00f1a.com\" target=\"_blank\" rel=\"nofollow noopener noreferrer\">https:\/\/www.monasteriodeo\u00f1a.com<\/a><\/li>\n<\/ul>\n<\/div>\n<h2>La Iglesia de San Juan <strong>Bautista &#8211; que ver en O\u00f1a<\/strong><\/h2>\n<p>Enfrente del monasterio se encuentra la<strong> iglesia de San Juan,<\/strong> edificada como parroquia de O\u00f1a en el siglo XII con a\u00f1adidos posteriores en los siglos XIV-XV, destaca la bella portada abocinada y la torre cercana al soportal.<\/p>\n<figure id=\"attachment_16576\" aria-describedby=\"caption-attachment-16576\" style=\"width: 675px\" class=\"wp-caption aligncenter\"><img data-recalc-dims=\"1\" loading=\"lazy\" decoding=\"async\" class=\"wp-image-16576 size-full\" src=\"https:\/\/i0.wp.com\/www.rutasporespana.es\/blog\/wp-content\/uploads\/2017\/08\/Ona2.jpg?resize=675%2C450&#038;ssl=1\" alt=\"Iglesia de San Juan - Qu\u00e9 ver en O\u00f1a\" width=\"675\" height=\"450\" \/><figcaption id=\"caption-attachment-16576\" class=\"wp-caption-text\">Iglesia de San Juan &#8211; que ver en O\u00f1a<\/figcaption><\/figure>\n<h2 class=\"wp-block-heading\">Torre de San Juan o Museo de la resina de O\u00f1a<strong>\u00a0&#8211; que ver en O\u00f1a<\/strong><\/h2>\n<p>En la Torre de la iglesia de San Juan encontramos el <strong>museo de la resina,<\/strong> que fue la principal actividad econ\u00f3mica de la comarca, hoy desaparecido. El museo nos cuenta en que consist\u00eda este oficio tradicional mediante objetos, herramientas y fotograf\u00edas hist\u00f3ricas.<\/p>\n<p>Otro de los motivos por los que merece la visita es por su <strong>mirador <\/strong>con vistas de O\u00f1a de 360 grados.<\/p>\n<figure id=\"attachment_23038\" aria-describedby=\"caption-attachment-23038\" style=\"width: 675px\" class=\"wp-caption aligncenter\"><img data-recalc-dims=\"1\" loading=\"lazy\" decoding=\"async\" class=\"size-full wp-image-23038\" src=\"https:\/\/i0.wp.com\/www.rutasporespana.es\/blog\/wp-content\/uploads\/2017\/08\/Ona10-1.jpg?resize=675%2C450&#038;ssl=1\" alt=\"Torre de San Juan - O\u00f1a\" width=\"675\" height=\"450\" \/><figcaption id=\"caption-attachment-23038\" class=\"wp-caption-text\">Torre de San Juan &#8211; que ver en O\u00f1a<\/figcaption><\/figure>\n<h2 class=\"wp-block-heading\">Barrio jud\u00edo &#8211; que ver en O\u00f1a<\/h2>\n<p>Durante la Edad Media se form\u00f3 una importante juder\u00eda en <strong>Calle Barruso <\/strong>donde vivieron 23 familias.<\/p>\n<p>Al comienzo de la calle Barruso y junto a la Plaza Mayor, encontrar\u00e1s el Arco de la Estrella, <strong>una de las puertas que cercaban la villa<\/strong> durante la Edad Media.<\/p>\n<figure id=\"attachment_16575\" aria-describedby=\"caption-attachment-16575\" style=\"width: 675px\" class=\"wp-caption aligncenter\"><img data-recalc-dims=\"1\" loading=\"lazy\" decoding=\"async\" class=\"wp-image-16575 size-full\" src=\"https:\/\/i0.wp.com\/www.rutasporespana.es\/blog\/wp-content\/uploads\/2017\/08\/Ona1.jpg?resize=675%2C450&#038;ssl=1\" alt=\"Calles de O\u00f1a - Qu\u00e9 ver en O\u00f1a\" width=\"675\" height=\"450\" \/><figcaption id=\"caption-attachment-16575\" class=\"wp-caption-text\">Calles &#8211; que ver en O\u00f1a<\/figcaption><\/figure>\n<figure id=\"attachment_16579\" aria-describedby=\"caption-attachment-16579\" style=\"width: 675px\" class=\"wp-caption aligncenter\"><img data-recalc-dims=\"1\" loading=\"lazy\" decoding=\"async\" class=\"wp-image-16579 size-full\" src=\"https:\/\/i0.wp.com\/www.rutasporespana.es\/blog\/wp-content\/uploads\/2017\/08\/Ona8.jpg?resize=675%2C450&#038;ssl=1\" alt=\"Calles de O\u00f1a - que ver en O\u00f1a\" width=\"675\" height=\"450\" \/><figcaption id=\"caption-attachment-16579\" class=\"wp-caption-text\">Calles &#8211; que ver en O\u00f1a<\/figcaption><\/figure>\n<h2>El Arco de la Estrella, un bello rinc\u00f3n que ver en O\u00f1a<\/h2>\n<p>Junto a la iglesia se encuentra una de las puertas de O\u00f1a, el <strong>arco de la Estrella<\/strong>. La cual formaba parte de la muralla que defend\u00eda la villa, construida en los siglos XIV y XV, cerca del antiguo barrio jud\u00edo.<\/p>\n<figure id=\"attachment_16580\" aria-describedby=\"caption-attachment-16580\" style=\"width: 675px\" class=\"wp-caption aligncenter\"><img data-recalc-dims=\"1\" loading=\"lazy\" decoding=\"async\" class=\"wp-image-16580 size-full\" src=\"https:\/\/i0.wp.com\/www.rutasporespana.es\/blog\/wp-content\/uploads\/2017\/08\/Ona12.jpg?resize=675%2C448&#038;ssl=1\" alt=\"Arco de la Estrella - que ver en O\u00f1a\" width=\"675\" height=\"448\" \/><figcaption id=\"caption-attachment-16580\" class=\"wp-caption-text\">Arco de la Estrella &#8211; que ver en O\u00f1a<\/figcaption><\/figure>\n<h2>La Plaza Mayor de O\u00f1a, el rinc\u00f3n m\u00e1s bonito que ver en O\u00f1a<\/h2>\n<p>Una vez recorrido los puntos principales de O\u00f1a, lo mejor es dar un paseo por sus calles, empezando desde la Plaza Mayor, para descubrir todo lo que hay que ver y hacer en O\u00f1a; y como no de la tranquilidad de este pueblo.<\/p>\n<figure id=\"attachment_16578\" aria-describedby=\"caption-attachment-16578\" style=\"width: 675px\" class=\"wp-caption aligncenter\"><img data-recalc-dims=\"1\" loading=\"lazy\" decoding=\"async\" class=\"wp-image-16578 size-full\" src=\"https:\/\/i0.wp.com\/www.rutasporespana.es\/blog\/wp-content\/uploads\/2017\/08\/Ona7.jpg?resize=675%2C450&#038;ssl=1\" alt=\"Plaza Mayor de O\u00f1a - Qu\u00e9 ver en O\u00f1a\" width=\"675\" height=\"450\" \/><figcaption id=\"caption-attachment-16578\" class=\"wp-caption-text\">Plaza Mayor &#8211; que ver en O\u00f1a<\/figcaption><\/figure>\n<div class=\"mceTemp\"><\/div>\n<h2>El Jard\u00edn Secreto, el bello rinc\u00f3n que ver en O\u00f1a<\/h2>\n<p>Cerca del monasterio tenemos el<strong> Jard\u00edn Secreto<\/strong>. Con este nombre tan rom\u00e1ntico encontramos los antiguos jardines benedictinos adyacentes al templo, reconvertidos hoy en un espacio de divulgaci\u00f3n art\u00edstica formado por construcciones hist\u00f3ricas, naturaleza y lo que era el antiguo manicomio de O\u00f1a. Cuando estuvimos estaban en obras de restauraci\u00f3n, as\u00ed que tenerlo en cuenta.<\/p>\n<p><iframe loading=\"lazy\" src=\"https:\/\/www.google.com\/maps\/d\/embed?mid=1VTtjm2MYbw3P5M_VClqEKcXYiR0\" width=\"675\" height=\"500\"><span style=\"display: inline-block; width: 0px; overflow: hidden; line-height: 0;\" data-mce-type=\"bookmark\" class=\"mce_SELRES_start\">\ufeff<\/span><\/iframe><\/p>\n<h2><span style=\"font-size: 45px; margin: 0 9px 0 0; padding: 0 13px 0 0;\">&gt;&gt;<\/span>Por los alrededores, despu\u00e9s de que ver en O\u00f1a<\/h2>\n<hr \/>\n<p>O\u00f1a forma parte de la <strong><a href=\"https:\/\/www.raicesdecastilla.com\/\" target=\"_blank\" rel=\"nofollow noopener noreferrer\">Mancomunidad Ra\u00edces de Castilla<\/a><\/strong>. Una iniciativa para potenciar el tur\u00edsticos de tres peque\u00f1as poblaciones de gran belleza y muy cercanas entre s\u00ed. Hoy hemos recorrido el peque\u00f1o pueblo de O\u00f1a, pero todav\u00eda te quedan otros dos pueblos por conocer:<\/p>\n<h3>Poza de la Sal<\/h3>\n<p>Conocido por ser el lugar de nacimiento de uno de los naturista m\u00e1s importantes de Espa\u00f1a, <strong>F\u00e9lix Rodr\u00edguez de la Fuente<\/strong>. Se asienta sobre un curioso fen\u00f3meno geol\u00f3gico dio origen a un inmenso cr\u00e1ter diap\u00edrico de 2,5 km de di\u00e1metro fruto de la sal acumulada de un antiguo mar.<\/p>\n<p>Un proceso tan singular que solo existes tres lugares en el mundo. Si quieres saber m\u00e1s de este precioso pueblo, puede leer nuestro post: <a href=\"https:\/\/www.rutasporespana.es\/blog\/ruta-por-la-provincia-de-burgos-que-ver-en-poza-de-la-sal\/\" target=\"_blank\" rel=\"noopener noreferrer\">Ruta por la provincia de Burgos: \u00bfQu\u00e9 ver en Poza de la Sal?<\/a><\/p>\n<figure id=\"attachment_16392\" aria-describedby=\"caption-attachment-16392\" style=\"width: 675px\" class=\"wp-caption aligncenter\"><img data-recalc-dims=\"1\" loading=\"lazy\" decoding=\"async\" class=\"size-full wp-image-16392\" src=\"https:\/\/i0.wp.com\/www.rutasporespana.es\/blog\/wp-content\/uploads\/2018\/09\/Plaza-Poza-Sal.jpg?resize=675%2C450&#038;ssl=1\" alt=\"Plaza Mayor de Poza de la Sal\" width=\"675\" height=\"450\" \/><figcaption id=\"caption-attachment-16392\" class=\"wp-caption-text\">Plaza Mayor de Poza de la Sal<\/figcaption><\/figure>\n<figure id=\"attachment_16391\" aria-describedby=\"caption-attachment-16391\" style=\"width: 675px\" class=\"wp-caption aligncenter\"><img data-recalc-dims=\"1\" loading=\"lazy\" decoding=\"async\" class=\"size-full wp-image-16391\" src=\"https:\/\/i0.wp.com\/www.rutasporespana.es\/blog\/wp-content\/uploads\/2018\/09\/Calles-Poza-Sal.jpg?resize=675%2C450&#038;ssl=1\" alt=\"Calles de Poza de la Sal\" width=\"675\" height=\"450\" \/><figcaption id=\"caption-attachment-16391\" class=\"wp-caption-text\">Calles de Poza de la Sal<\/figcaption><\/figure>\n<h3>Fr\u00edas<\/h3>\n<p>Conocida como la ciudad m\u00e1s peque\u00f1a de Espa\u00f1a, se asienta junto al Ebro, a la entrada del valle de Tobalina, bajo la atenta mirada de la torre del Castillo de los Velasco que parece querer despe\u00f1arse sobre las casas.<\/p>\n<p>Un pueblo est\u00e1 construido sobre una roca llamada \u201cLa Muela\u201c, una extraordinaria conjunci\u00f3n de geolog\u00eda y arquitectura. Si quieres descubrir este precioso pueblo, puedes leer nuestro post: <a href=\"https:\/\/www.rutasporespana.es\/blog\/ruta-por-la-provincia-de-burgos-que-ver-en-frias\/\" target=\"_blank\" rel=\"noopener noreferrer\">Ruta por la provincia de Burgos: \u00bfQu\u00e9 ver en Fr\u00edas?<\/a><\/p>\n<figure id=\"attachment_11750\" aria-describedby=\"caption-attachment-11750\" style=\"width: 675px\" class=\"wp-caption aligncenter\"><img data-recalc-dims=\"1\" loading=\"lazy\" decoding=\"async\" class=\"size-full wp-image-11750\" src=\"https:\/\/i0.wp.com\/www.rutasporespana.es\/blog\/wp-content\/uploads\/2018\/08\/Torre-Frias.jpg?resize=675%2C450&#038;ssl=1\" alt=\"Torre de Fr\u00edas\" width=\"675\" height=\"450\" \/><figcaption id=\"caption-attachment-11750\" class=\"wp-caption-text\">Torre de Fr\u00edas<\/figcaption><\/figure>\n<figure id=\"attachment_11749\" aria-describedby=\"caption-attachment-11749\" style=\"width: 675px\" class=\"wp-caption aligncenter\"><img data-recalc-dims=\"1\" loading=\"lazy\" decoding=\"async\" class=\"size-full wp-image-11749\" src=\"https:\/\/i0.wp.com\/www.rutasporespana.es\/blog\/wp-content\/uploads\/2018\/08\/Casas-Frias.jpg?resize=675%2C450&#038;ssl=1\" alt=\"Casas de Fr\u00edas\" width=\"675\" height=\"450\" \/><figcaption id=\"caption-attachment-11749\" class=\"wp-caption-text\">Casas de Fr\u00edas<\/figcaption><\/figure>\n<div class=\"caja-info\">\n<p>Con esto terminamos nuestra visita por todo lo <strong>que hay que ver y hacer en O\u00f1a<\/strong>. Si te has quedado con ganas de m\u00e1s propuestas de pueblos que descubrir en Burgos, aqu\u00ed te dejo unos cuantos:<\/p>\n<ul>\n<li><a href=\"https:\/\/www.rutasporespana.es\/blog\/ruta-por-provincia-burgos-que-ver-en-belorado\/\" target=\"_blank\" rel=\"noopener noreferrer\">Belorado<\/a><\/li>\n<li><a href=\"https:\/\/www.rutasporespana.es\/blog\/ruta-por-la-provincia-de-burgos-que-ver-en-puentedey\/\" target=\"_blank\" rel=\"noopener noreferrer\">Puentedey<\/a><\/li>\n<li><a href=\"https:\/\/www.rutasporespana.es\/blog\/ruta-por-provincia-burgos-que-ver-en-medina-de-pomar\/\" target=\"_blank\" rel=\"noopener noreferrer\">Medina de Pomar<\/a><\/li>\n<li><a href=\"https:\/\/www.rutasporespana.es\/blog\/ruta-por-la-provincia-de-burgos-que-ver-en-tobera\/\" target=\"_blank\" rel=\"noopener noreferrer\">Tobera<\/a><\/li>\n<li><a href=\"https:\/\/www.rutasporespana.es\/blog\/ruta-por-la-provincia-de-burgos-que-ver-en-lerma\/\" target=\"_blank\" rel=\"noopener noreferrer\">Lerma<\/a><\/li>\n<li><a href=\"https:\/\/www.rutasporespana.es\/blog\/ruta-por-provincia-burgos-que-ver-en-covarrubias\/\" target=\"_blank\" rel=\"noopener noreferrer\">Covarrubias<\/a><\/li>\n<li><a href=\"https:\/\/www.rutasporespana.es\/blog\/ruta-por-provincia-burgos-que-ver-santo-domingo-silos\/\" target=\"_blank\" rel=\"noopener noreferrer\">Santo Domingo de Silos<\/a><\/li>\n<li><a href=\"https:\/\/www.rutasporespana.es\/blog\/ruta-por-la-provincia-de-burgos-que-ver-en-briviesca\/\" target=\"_blank\" rel=\"noopener noreferrer\">Briviesca<\/a><\/li>\n<\/ul>\n<h2 class=\"info\">M\u00e1s informaci\u00f3n sobre que ver en O\u00f1a<\/h2>\n<p>Web de O\u00f1a: <a href=\"https:\/\/ayuntamientoona.com\/\" target=\"_blank\" rel=\"nofollow noopener noreferrer\">https:\/\/ayuntamientoona.com<\/a><\/p>\n<h2 class=\"comida\">D\u00f3nde comer en O\u00f1a<\/h2>\n<p>Los m\u00e1s recomendables:<\/p>\n<ul>\n<li><strong>Restaurante Blanco y Negro<\/strong> (Calle Agua 23): es un restaurante curioso, ya que no esperas encontrar aqu\u00ed un restaurante que fusiona la comida senegalesa y espa\u00f1ola.<\/li>\n<li><strong>El Rinc\u00f3n del Convento<\/strong> (Calle Convento 16): tienen un men\u00fa por 15\u20ac que est\u00e1 bastante bien. Buen trato y la comida est\u00e1 estupenda.<\/li>\n<\/ul>\n<h2 class=\"hotel\">D\u00f3nde dormir en O\u00f1a<\/h2>\n<p>Si quieres pasar un fin de semana aqu\u00ed y recorrer las Ra\u00edces de Castilla, aqu\u00ed tienes alguna opci\u00f3n para dormir:<\/p>\n<ul>\n<li><a href=\"https:\/\/booking.stay22.com\/rutasporespana\/cYQ2x6if5v\" target=\"_blank\" rel=\"nofollow noopener sponsored\">Ofertas de hostales y casa rurales en O\u00f1a<\/a><\/li>\n<\/ul>\n<\/div>\n<h2>Tambi\u00e9n te puede Interesar&#8230;<\/h2>\n<ul>\n<li><a href=\"https:\/\/www.rutasporespana.es\/blog\/ruta-dos-dias-burgos-que-ver-en-burgos\/\" target=\"_blank\" rel=\"noopener noreferrer\">Gu\u00eda pr\u00e1ctica para visitar el Yacimiento de Atapuerca<\/a><\/li>\n<li><a href=\"https:\/\/www.rutasporespana.es\/blog\/los-10-pueblos-mas-bonitos-provincia-burgos\/\" target=\"_blank\" rel=\"noopener noreferrer\">Los 10 pueblos m\u00e1s bonitos de la provincia de Burgos<\/a><\/li>\n<li><a href=\"https:\/\/www.rutasporespana.es\/blog\/ruta-por-la-provincia-de-burgos-que-ver-en-lerma\/\" target=\"_blank\" rel=\"noopener\">Aranda de Duero<\/a><\/li>\n<\/ul>\n<hr \/>\n<p><em>Los costes de este blog se sufragan mediante enlaces de afiliaci\u00f3n, que hacen que ganemos una peque\u00f1a comisi\u00f3n si reservas alg\u00fan producto a trav\u00e9s de los mismos. No tiene ning\u00fan coste adicional para ti y los enlaces solo son a sitios que recomendamos y que hemos utilizado nosotros mismos.<\/em><\/p>\n<p>&nbsp;<\/p>\n","protected":false},"excerpt":{"rendered":"<div class=\"mh-excerpt\"><p>Hoy te mostramos que ver en O\u00f1a, una bella localidad que se asiente sobre un meandro del r\u00edo Oca, por donde se extiende sus caser\u00edos <a class=\"mh-excerpt-more\" href=\"https:\/\/www.rutasporespana.es\/blog\/ruta-por-la-provincia-de-burgos-que-ver-en-ona\/\" title=\"Qu\u00e9 ver en O\u00f1a, una bonita villa medieval\">[&#8230;]<\/a><\/p>\n<\/div>","protected":false},"author":1,"featured_media":11249,"comment_status":"open","ping_status":"open","sticky":false,"template":"","format":"standard","meta":{"_jetpack_memberships_contains_paid_content":false,"footnotes":"","jetpack_publicize_message":"","jetpack_publicize_feature_enabled":true,"jetpack_social_post_already_shared":true,"jetpack_social_options":{"image_generator_settings":{"template":"highway","default_image_id":0,"font":"","enabled":false},"version":2}},"categories":[164,12],"tags":[74],"class_list":["post-7738","post","type-post","status-publish","format-standard","has-post-thumbnail","hentry","category-burgos","category-castilla-y-leon","tag-pueblos-con-encanto"],"aioseo_notices":[],"jetpack_publicize_connections":[],"jetpack_featured_media_url":"https:\/\/i0.wp.com\/www.rutasporespana.es\/blog\/wp-content\/uploads\/2017\/08\/Ona.jpg?fit=675%2C566&ssl=1","jetpack_sharing_enabled":true,"_links":{"self":[{"href":"https:\/\/www.rutasporespana.es\/blog\/wp-json\/wp\/v2\/posts\/7738","targetHints":{"allow":["GET"]}}],"collection":[{"href":"https:\/\/www.rutasporespana.es\/blog\/wp-json\/wp\/v2\/posts"}],"about":[{"href":"https:\/\/www.rutasporespana.es\/blog\/wp-json\/wp\/v2\/types\/post"}],"author":[{"embeddable":true,"href":"https:\/\/www.rutasporespana.es\/blog\/wp-json\/wp\/v2\/users\/1"}],"replies":[{"embeddable":true,"href":"https:\/\/www.rutasporespana.es\/blog\/wp-json\/wp\/v2\/comments?post=7738"}],"version-history":[{"count":0,"href":"https:\/\/www.rutasporespana.es\/blog\/wp-json\/wp\/v2\/posts\/7738\/revisions"}],"wp:featuredmedia":[{"embeddable":true,"href":"https:\/\/www.rutasporespana.es\/blog\/wp-json\/wp\/v2\/media\/11249"}],"wp:attachment":[{"href":"https:\/\/www.rutasporespana.es\/blog\/wp-json\/wp\/v2\/media?parent=7738"}],"wp:term":[{"taxonomy":"category","embeddable":true,"href":"https:\/\/www.rutasporespana.es\/blog\/wp-json\/wp\/v2\/categories?post=7738"},{"taxonomy":"post_tag","embeddable":true,"href":"https:\/\/www.rutasporespana.es\/blog\/wp-json\/wp\/v2\/tags?post=7738"}],"curies":[{"name":"wp","href":"https:\/\/api.w.org\/{rel}","templated":true}]}}