{"id":6343,"date":"2016-12-08T08:00:31","date_gmt":"2016-12-08T07:00:31","guid":{"rendered":"http:\/\/www.rutasporespana.es\/blog\/?p=6343"},"modified":"2025-10-06T12:42:48","modified_gmt":"2025-10-06T10:42:48","slug":"ruta-por-los-caminos-de-pasion-que-ver-en-carmona","status":"publish","type":"post","link":"https:\/\/www.rutasporespana.es\/blog\/ruta-por-los-caminos-de-pasion-que-ver-en-carmona\/","title":{"rendered":"Qu\u00e9 ver en Carmona, el lucero de Europa"},"content":{"rendered":"<p>Hoy te contamos <strong>que ver en Carmona, <\/strong>situada en unas lomas llamadas <strong>Los Alcores<\/strong>, que dominan la campi\u00f1a del r\u00edo Corbones en el valle del Guadalquivir. Carmona posee cinco mil a\u00f1os de historia, estuvo habitada por tartesos, para posteriormente convertirse en colonia fenicia. Siglos despu\u00e9s, se establecieron los romanos y \u00e1rabes, civilizaciones que han dejado su huella en el legado monumental de la ciudad. Es por eso que se\u00a0le conoce como el<b> \u00ablucero de Europa\u00bb <\/b>por su rico legado patrimonial y por ser una de las<b> ciudades m\u00e1s antiguas del continente<\/b>.<\/p>\n<p><!--more--><\/p>\n<h2>\u00bfC\u00f3mo llegar a Carmona?<\/h2>\n<ul>\n<li><strong>En coche<\/strong><\/li>\n<\/ul>\n<p>Desde <a href=\"https:\/\/www.rutasporespana.es\/blog\/que-ver-en-madrid-en-dos-dias\/\" target=\"_blank\" rel=\"noopener noreferrer\">Madrid<\/a> y <a href=\"https:\/\/www.rutasporespana.es\/blog\/que-ver-en-cordoba\/\" target=\"_blank\" rel=\"noopener noreferrer\">C\u00f3rdoba<\/a> podemos llegar por la nacional IV, se encuentra a 30 km antes de llegar a Sevilla.<\/p>\n<ul>\n<li><strong>En transporte p\u00fablico<\/strong><\/li>\n<\/ul>\n<p>Dispone de autobuses desde <a href=\"https:\/\/www.rutasporespana.es\/blog\/10-planes-para-hacer-esta-navidad-en-sevilla\/\" target=\"_blank\" rel=\"noopener noreferrer\">Sevilla<\/a>.<\/p>\n<h2>\u00bfQu\u00e9 ver en Carmona?<\/h2>\n<h2>Puerta de C\u00f3rdoba &#8211; que ver en Carmona<\/h2>\n<p>Empezamos la visita a Carmona desde la <strong>Puerta de C\u00f3rdoba<\/strong>, edificada originalmente en el siglo I; era el punto donde se cobraba el impuesto de la alcabala por las mercanc\u00edas introducidas. A lo largo de su historia ha sufrido modificaciones seg\u00fan las diferentes \u00e9pocas, hasta su actual aspecto barroco, que se debe a la reforma de 1688.<\/p>\n<figure id=\"attachment_19697\" aria-describedby=\"caption-attachment-19697\" style=\"width: 675px\" class=\"wp-caption aligncenter\"><img data-recalc-dims=\"1\" loading=\"lazy\" decoding=\"async\" class=\"wp-image-19697 size-full\" src=\"https:\/\/i0.wp.com\/www.rutasporespana.es\/blog\/wp-content\/uploads\/2016\/12\/Carmona10.jpg?resize=675%2C450&#038;ssl=1\" alt=\"Puerta de C\u00f3rdoba - que ver en Carmona\" width=\"675\" height=\"450\" \/><figcaption id=\"caption-attachment-19697\" class=\"wp-caption-text\">Puerta de C\u00f3rdoba &#8211; que ver en Carmona<\/figcaption><\/figure>\n<h2>Alc\u00e1zar del rey don Pedro &#8211; que ver en Carmona<\/h2>\n<p>Bajamos por la calle Calatrava en direcci\u00f3n al <strong>Alc\u00e1zar del rey don Pedro<\/strong> o \u201cAlc\u00e1zar de Arriba\u201d, construido para ser residencia del rey taifa de Carmona y restaurada en el siglo XIV por el rey Pedro I de Castilla. Hoy sin embargo forma parte de la red de <strong>Paradores Nacionales.<\/strong> Destaca su patio de armas y su amplia terraza, desde donde se puede disfrutar de unas de las mejores vistas de Carmona.<\/p>\n<figure id=\"attachment_19696\" aria-describedby=\"caption-attachment-19696\" style=\"width: 675px\" class=\"wp-caption aligncenter\"><img data-recalc-dims=\"1\" loading=\"lazy\" decoding=\"async\" class=\"wp-image-19696 size-full\" src=\"https:\/\/i0.wp.com\/www.rutasporespana.es\/blog\/wp-content\/uploads\/2016\/12\/Carmona9.jpg?resize=675%2C450&#038;ssl=1\" alt=\"Alc\u00e1zar del rey don Pedro - que ver en Carmona\" width=\"675\" height=\"450\" \/><figcaption id=\"caption-attachment-19696\" class=\"wp-caption-text\">Alc\u00e1zar del rey don Pedro &#8211; que ver en Carmona<\/figcaption><\/figure>\n<h2>Convento de Santa Clara &#8211; que ver en Carmona<\/h2>\n<p>De vuelta a la zona monumental, nos acercamos al <strong>Convento de Santa Clara<\/strong> (siglo XV). A pesar de su exterior austero, es uno de los conventos m\u00e1s importantes de la campi\u00f1a sevillana. Desde su construcci\u00f3n en 1460, cont\u00f3 con el apoyo de la nobleza y del clero. Esto se tradujo en donaciones continuas que enriquecieron su interior, por lo que es una combinaci\u00f3n de estilos que van del Mud\u00e9jar, Renacimiento al Barroco.<\/p>\n<p>En la visita podremos conocer el <strong>claustro<\/strong>, la <strong>iglesia<\/strong>, la <strong>zona del coro<\/strong> y subir a su\u00a0<strong>torre-mirador<\/strong> (siglo XVIII). La iglesia construida a finales del siglo XV, cuenta con muchos detalles y ornamentos. Tras la visita podr\u00e1s comprar <strong>dulces artesanales<\/strong> a las hermanas clarisas.<\/p>\n<h2>Iglesia Prioral de Santa Mar\u00eda &#8211; que ver en Carmona<\/h2>\n<p>Seguimos con la <strong>iglesia Prioral de Santa Mar\u00eda <\/strong>(entre los siglos XV y XIX).\u00a0Esta iglesia es de estilo <strong>tardo g\u00f3tico andaluz<\/strong> y fue construido sobre la mezquita mayor.<\/p>\n<p>Destaca su gran altar mayor, el patio de los naranjos de la antigua mezquita, sus numerosas capillas y pinturas de Zurbar\u00e1n, y su torre campanario. Adem\u00e1s de ser la sede de la Patrona de Carmona, Nuestra Se\u00f1ora de Gracia.<\/p>\n<figure id=\"attachment_19707\" aria-describedby=\"caption-attachment-19707\" style=\"width: 675px\" class=\"wp-caption aligncenter\"><img data-recalc-dims=\"1\" loading=\"lazy\" decoding=\"async\" class=\"size-full wp-image-19707\" src=\"https:\/\/i0.wp.com\/www.rutasporespana.es\/blog\/wp-content\/uploads\/2016\/12\/Carmona14.jpg?resize=675%2C450&#038;ssl=1\" alt=\"Iglesia Prioral de Santa Mar\u00eda - que ver en Carmona\" width=\"675\" height=\"450\" \/><figcaption id=\"caption-attachment-19707\" class=\"wp-caption-text\">Iglesia Prioral de Santa Mar\u00eda &#8211; que ver en Carmona<\/figcaption><\/figure>\n<figure id=\"attachment_19695\" aria-describedby=\"caption-attachment-19695\" style=\"width: 675px\" class=\"wp-caption aligncenter\"><img data-recalc-dims=\"1\" loading=\"lazy\" decoding=\"async\" class=\"wp-image-19695 size-full\" src=\"https:\/\/i0.wp.com\/www.rutasporespana.es\/blog\/wp-content\/uploads\/2016\/12\/Carmona8.jpg?resize=675%2C450&#038;ssl=1\" alt=\"Iglesia Prioral de Santa Mar\u00eda - que ver en Carmona\" width=\"675\" height=\"450\" \/><figcaption id=\"caption-attachment-19695\" class=\"wp-caption-text\">Iglesia Prioral de Santa Mar\u00eda &#8211; que ver en Carmona<\/figcaption><\/figure>\n<h2>Monasterio de las Descalzas &#8211; que ver en Carmona<\/h2>\n<p>Justo enfrente tenemos el <strong>Monasterio de las Descalzas<\/strong>, fundado contra la voluntad del Cabildo de Carmona por encontrarse muy cerca de la prioral de Santa Mar\u00eda. Aun as\u00ed, todav\u00eda sigue habitado por una congregaci\u00f3n de monjas Agustinas Descalzas Recoletas. Su iglesia es barroca, con un retablo mayor inconcluso.<\/p>\n<figure id=\"attachment_19694\" aria-describedby=\"caption-attachment-19694\" style=\"width: 675px\" class=\"wp-caption aligncenter\"><img data-recalc-dims=\"1\" loading=\"lazy\" decoding=\"async\" class=\"wp-image-19694 size-full\" src=\"https:\/\/i0.wp.com\/www.rutasporespana.es\/blog\/wp-content\/uploads\/2016\/12\/Carmona7.jpg?resize=675%2C450&#038;ssl=1\" alt=\"Monasterio de las Descalzas - que ver en Carmona\" width=\"675\" height=\"450\" \/><figcaption id=\"caption-attachment-19694\" class=\"wp-caption-text\">Monasterio de las Descalzas &#8211; que ver en Carmona<\/figcaption><\/figure>\n<h2>Centro de Interpretaci\u00f3n y Museo de la Ciudad &#8211; que ver en Carmona<\/h2>\n<p>En la <strong>Casa del marqu\u00e9s de las Torres<\/strong> (siglo XVI), se ubica actualmente el <strong>Centro de Interpretaci\u00f3n y Museo<\/strong> <strong>de la Ciudad.<\/strong> El museo es de arqueolog\u00eda e historia y en sus diferentes salas es posible ver una exposici\u00f3n muy interesante que muestra objetos arqueol\u00f3gicos desde la\u00a0 prehistoria hasta la actualidad, haciendo un recorrido por todas las culturas que habitaron Carmona.<\/p>\n<figure id=\"attachment_19706\" aria-describedby=\"caption-attachment-19706\" style=\"width: 675px\" class=\"wp-caption aligncenter\"><img data-recalc-dims=\"1\" loading=\"lazy\" decoding=\"async\" class=\"size-full wp-image-19706\" src=\"https:\/\/i0.wp.com\/www.rutasporespana.es\/blog\/wp-content\/uploads\/2016\/12\/Carmona13.jpg?resize=675%2C450&#038;ssl=1\" alt=\"Casa del marqu\u00e9s de las Torres - que ver en Carmona\" width=\"675\" height=\"450\" \/><figcaption id=\"caption-attachment-19706\" class=\"wp-caption-text\">Casa del marqu\u00e9s de las Torres &#8211; que ver en Carmona<\/figcaption><\/figure>\n<figure id=\"attachment_19693\" aria-describedby=\"caption-attachment-19693\" style=\"width: 675px\" class=\"wp-caption aligncenter\"><img data-recalc-dims=\"1\" loading=\"lazy\" decoding=\"async\" class=\"wp-image-19693 size-full\" src=\"https:\/\/i0.wp.com\/www.rutasporespana.es\/blog\/wp-content\/uploads\/2016\/12\/Carmona6.jpg?resize=675%2C450&#038;ssl=1\" alt=\"Centro de Interpretaci\u00f3n y Museo de la Ciudad - Carmona\" width=\"675\" height=\"450\" \/><figcaption id=\"caption-attachment-19693\" class=\"wp-caption-text\">Centro de Interpretaci\u00f3n y Museo de la Ciudad &#8211; que ver en Carmona<\/figcaption><\/figure>\n<h2>Plaza de San Fernando &#8211; que ver en Carmona<\/h2>\n<p>Llegamos a la <strong>Plaza de San Fernando<\/strong> o \u201cPlaza de Arriba\u201d, sobre el antiguo foro romano rectangular se construy\u00f3 una plaza circular con casas desde cuyos balcones las familias principales de la localidad contemplaban los espect\u00e1culos taurinos, procesiones y ejecuciones. De entre sus edificios destacan la <strong>Casa de la Antigua<\/strong> <strong>Audiencia<\/strong>, el <strong>Convento de Madre de Dios<\/strong> y el <strong>Ayuntamiento<\/strong>.<\/p>\n<figure id=\"attachment_19698\" aria-describedby=\"caption-attachment-19698\" style=\"width: 675px\" class=\"wp-caption aligncenter\"><img data-recalc-dims=\"1\" loading=\"lazy\" decoding=\"async\" class=\"wp-image-19698 size-full\" src=\"https:\/\/i0.wp.com\/www.rutasporespana.es\/blog\/wp-content\/uploads\/2016\/12\/Carmona2.jpg?resize=675%2C450&#038;ssl=1\" alt=\"Plaza de San Fernando - que ver en Carmona\" width=\"675\" height=\"450\" \/><figcaption id=\"caption-attachment-19698\" class=\"wp-caption-text\">Plaza de San Fernando &#8211; que ver en Carmona<\/figcaption><\/figure>\n<figure id=\"attachment_19708\" aria-describedby=\"caption-attachment-19708\" style=\"width: 675px\" class=\"wp-caption aligncenter\"><img data-recalc-dims=\"1\" loading=\"lazy\" decoding=\"async\" class=\"size-full wp-image-19708\" src=\"https:\/\/i0.wp.com\/www.rutasporespana.es\/blog\/wp-content\/uploads\/2016\/12\/Carmona15.jpg?resize=675%2C450&#038;ssl=1\" alt=\"Plaza de San Fernando - que ver en Carmona\" width=\"675\" height=\"450\" \/><figcaption id=\"caption-attachment-19708\" class=\"wp-caption-text\">Farola de la Plaza de San Fernando &#8211; que ver en Carmona<\/figcaption><\/figure>\n<h2>Plaza de Abastos &#8211; que ver en Carmona<\/h2>\n<p>Muy cerca de la plaza se encuentra otra plaza, la <strong>Plaza de Abastos<\/strong>, levantada sobre el solar del antiguo convento de Santa Catalina, que tras la desamortizaci\u00f3n paso a convertirse en plaza p\u00fablica para la venta de productos frescos.<\/p>\n<p>La plaza es un gran patio rectangular de 35 x 45 metros y se compone de 4 galer\u00edas porticadas de estilo neocl\u00e1sica donde se ubican los puestos de los comercios.<\/p>\n<figure id=\"attachment_19700\" aria-describedby=\"caption-attachment-19700\" style=\"width: 675px\" class=\"wp-caption aligncenter\"><img data-recalc-dims=\"1\" loading=\"lazy\" decoding=\"async\" class=\"wp-image-19700 size-full\" src=\"https:\/\/i0.wp.com\/www.rutasporespana.es\/blog\/wp-content\/uploads\/2016\/12\/Carmona4.jpg?resize=675%2C450&#038;ssl=1\" alt=\"Mercado Abastos - que ver en Carmona\" width=\"675\" height=\"450\" \/><figcaption id=\"caption-attachment-19700\" class=\"wp-caption-text\">Mercado Abastos &#8211; que ver en Carmona<\/figcaption><\/figure>\n<h2>Iglesia de San Bartolom\u00e9 &#8211; que ver en Carmona<\/h2>\n<p>Seguimos bajando hasta la <strong>Iglesia de San Bartolom\u00e9<\/strong> (siglo XV) de estilo barroco. Destaca su curiosa torre-fachada y su capilla de Jes\u00fas Nazareno.<\/p>\n<figure id=\"attachment_19702\" aria-describedby=\"caption-attachment-19702\" style=\"width: 675px\" class=\"wp-caption aligncenter\"><img data-recalc-dims=\"1\" loading=\"lazy\" decoding=\"async\" class=\"size-full wp-image-19702\" src=\"https:\/\/i0.wp.com\/www.rutasporespana.es\/blog\/wp-content\/uploads\/2016\/12\/Carmona11.jpg?resize=675%2C450&#038;ssl=1\" alt=\"Iglesia de San Bartolom\u00e9 - que ver en Carmona\" width=\"675\" height=\"450\" \/><figcaption id=\"caption-attachment-19702\" class=\"wp-caption-text\">Iglesia de San Bartolom\u00e9 &#8211; que ver en Carmona<\/figcaption><\/figure>\n<h2>Alc\u00e1zar de la Puerta de Sevilla &#8211; que ver en Carmona<\/h2>\n<p>Llegamos al segundo de los alc\u00e1zares de Carmona, el <strong>Alc\u00e1zar de la Puerta de Sevilla<\/strong>. Edificado sobre cimientos tart\u00e9sicos y cartagineses, fue remodelado por romanos y musulmanes.<\/p>\n<p>Consta de la <strong>Patio del Aljibe<\/strong>, el <strong>Sal\u00f3n de los Presos Bajo<\/strong>, la <strong>torre del Homenaje<\/strong> y la <strong>Torre del Oro<\/strong>, adem\u00e1s de una doble puerta con dos arcos de diferente tama\u00f1o. Dice la tradici\u00f3n popular que si pasas por el arco menor con los ojos cerrados y la nariz tapada y pides un deseo, \u00e9ste se te concede; y si haces lo mismo por el arco mayor, te casas. As\u00ed que ya sab\u00e9is, pero cuidado con no chocaros con la gente.<\/p>\n<figure id=\"attachment_19699\" aria-describedby=\"caption-attachment-19699\" style=\"width: 675px\" class=\"wp-caption aligncenter\"><img data-recalc-dims=\"1\" loading=\"lazy\" decoding=\"async\" class=\"wp-image-19699 size-full\" src=\"https:\/\/i0.wp.com\/www.rutasporespana.es\/blog\/wp-content\/uploads\/2016\/12\/Carmona3.jpg?resize=675%2C450&#038;ssl=1\" alt=\"Alc\u00e1zar de la Puerta de Sevilla - que ver en Carmona\" width=\"675\" height=\"450\" \/><figcaption id=\"caption-attachment-19699\" class=\"wp-caption-text\">Alc\u00e1zar de la Puerta de Sevilla &#8211; que ver en Carmona<\/figcaption><\/figure>\n<figure id=\"attachment_19703\" aria-describedby=\"caption-attachment-19703\" style=\"width: 675px\" class=\"wp-caption aligncenter\"><img data-recalc-dims=\"1\" loading=\"lazy\" decoding=\"async\" class=\"size-full wp-image-19703\" src=\"https:\/\/i0.wp.com\/www.rutasporespana.es\/blog\/wp-content\/uploads\/2016\/12\/Carmona12.jpg?resize=675%2C450&#038;ssl=1\" alt=\"Alc\u00e1zar de la Puerta de Sevilla - que ver en Carmona\" width=\"675\" height=\"450\" \/><figcaption id=\"caption-attachment-19703\" class=\"wp-caption-text\">Alc\u00e1zar de la Puerta de Sevilla &#8211; que ver en Carmona<\/figcaption><\/figure>\n<h2>Iglesia de San Pedro &#8211; que ver en Carmona<\/h2>\n<p>Desde lo alto del alc\u00e1zar tenemos unas vistas espectaculares de la <strong>Iglesia de San Pedro<\/strong> (siglo XV) de la que destaca su torre llamada la Giraldilla, por su parecido con la Giralda de Sevilla.<\/p>\n<p>En su interior destaca el retablo mayor, la c\u00fapula barroca, el coro, la pila bautismal y la capilla sacramental barroca del siglo XVIII.<\/p>\n<figure id=\"attachment_19701\" aria-describedby=\"caption-attachment-19701\" style=\"width: 675px\" class=\"wp-caption aligncenter\"><img data-recalc-dims=\"1\" loading=\"lazy\" decoding=\"async\" class=\"wp-image-19701 size-full\" src=\"https:\/\/i0.wp.com\/www.rutasporespana.es\/blog\/wp-content\/uploads\/2016\/12\/Carmona5.jpg?resize=675%2C450&#038;ssl=1\" alt=\"Iglesia de San Pedro - que ver en Carmona\" width=\"675\" height=\"450\" \/><figcaption id=\"caption-attachment-19701\" class=\"wp-caption-text\">Iglesia de San Pedro &#8211; que ver en Carmona<\/figcaption><\/figure>\n<h2>Necr\u00f3polis &#8211; que ver en Carmona<\/h2>\n<p>Ya a las afueras, no podemos irnos sin visitar la<strong> Necr\u00f3polis<\/strong>, descubierta casualmente en 1868. El conjunto funerario est\u00e1 compuesto por varios centenares de c\u00e1maras sepulcrales, excavadas en la roca de los Alcores<strong>,<\/strong> en las que se practicaba el rito de la incineraci\u00f3n.<\/p>\n<p>Destacan la tumba del Elefante, la tumba de Servilia, la tumba del Mausoleo Circular, la tumba de los Cuatro Departamentos, siendo un total de 9 tumbas.<\/p>\n<p>Justo enfrente de la necr\u00f3polis, encontramos el <strong>anfiteatro Romano<\/strong> del siglo I a.C. Este anfiteatro fue descubierto a finales del <strong>siglo XIX<\/strong>, aunque su estado no es muy bueno.<\/p>\n<p><iframe loading=\"lazy\" src=\"https:\/\/www.google.com\/maps\/d\/embed?mid=1kQ4xpANxieg2-kZ3dfvXEkpLDe8\" width=\"675\" height=\"500\"><\/iframe><\/p>\n<div class=\"caja-info\">\n<h2 class=\"info\">M\u00e1s informaci\u00f3n sobre que ver en Carmona<\/h2>\n<ul>\n<li>Web de Turismo de Carmona: <a href=\"https:\/\/turismo.carmona.org\/\" target=\"_blank\" rel=\"nofollow noopener noreferrer\">https:\/\/turismo.carmona.org\/<\/a><\/li>\n<li>Caminos de Pasi\u00f3n: <a href=\"https:\/\/www.caminosdepasion.com\/carmona\/\" target=\"_blank\" rel=\"nofollow noopener noreferrer\">https:\/\/www.caminosdepasion.com\/carmona\/<\/a><\/li>\n<\/ul>\n<h2 class=\"comida\">D\u00f3nde comer en Carmona<\/h2>\n<p>Los m\u00e1s recomendables son:<\/p>\n<ul>\n<li><strong>Bar-Taberna Mingalario<\/strong> (Calle Salvador, 7): un local muy castizo donde podremos tomar tapas como el montadito de pring\u00e1, cochinillo confitado, las espinacas con garbanzos o la milhojas de carne. Evitar el pescado no estaba muy bueno cuando fuimos.<\/li>\n<li><strong>La Almazara<\/strong> (Calle Santa Ana, 33): dispone de barra con tapas y restaurante. Se suele llenar as\u00ed que reservar o ir pronto.<\/li>\n<li><strong>Bar Goya<\/strong> (Calle Prim, 2): situado en un edificio con fachada mud\u00e9jar del siglo XV. Excelentes tapas caseras.<\/li>\n<\/ul>\n<h2 class=\"hotel\">D\u00f3nde dormir en Carmona<\/h2>\n<p>Nosotros nos alojamos en la Posada San Fernando, situado en la Plaza hom\u00f3nima, en un hermoso edificio del siglo XIV. Lo mejor es su decoraci\u00f3n rustica y su ba\u00f1era antigua de patas. Este y otros alojamientos de la ciudad los pod\u00e9is reservar aqu\u00ed.<\/p>\n<ul>\n<li><a href=\"https:\/\/booking.stay22.com\/rutasporespana\/d4CyVFetZr\" target=\"_blank\" rel=\"nofollow noopener sponsored\">Ofertas de hoteles y hostales en Carmona<\/a><\/li>\n<\/ul>\n<h2 class=\"info\">Fiestas<\/h2>\n<ul>\n<li><strong>Su Semana Santa <\/strong>de gran importancia.<\/li>\n<li>La <strong>Feria de Mayo<\/strong> (tercera semana de mayo) en el Paseo de la Feria.<\/li>\n<li><strong>Romer\u00eda de la Virgen de Gracia<\/strong> (primer domingo de septiembre).<\/li>\n<li><strong>Fiestas patronales<\/strong> (del 8 al 16 de septiembre)<\/li>\n<\/ul>\n<\/div>\n<h2>Tambi\u00e9n te puede interesar\u2026<\/h2>\n<p>Si quieres descubrir m\u00e1s pueblo bonitos de Sevilla. Aqu\u00ed tienes algunas recomendaciones:<\/p>\n<ul>\n<li><a href=\"https:\/\/www.rutasporespana.es\/blog\/ruta-por-los-caminos-de-pasion-que-ver-en-ecija\/\" target=\"_blank\" rel=\"noopener noreferrer\">\u00c9cija<\/a><\/li>\n<li><a href=\"https:\/\/www.rutasporespana.es\/blog\/ruta-por-los-caminos-de-pasion-que-ver-en-carmona\/\" target=\"_blank\" rel=\"noopener noreferrer\">Carmona<\/a><\/li>\n<li><a href=\"https:\/\/www.rutasporespana.es\/blog\/ruta-por-los-caminos-de-pasion-que-ver-en-osuna\/\" target=\"_blank\" rel=\"noopener noreferrer\">Osuna<\/a><\/li>\n<li><a href=\"https:\/\/www.rutasporespana.es\/blog\/ruta-por-caminos-de-pasion-que-ver-en-utrera\/\" target=\"_blank\" rel=\"noopener noreferrer\">Utrera<\/a><\/li>\n<\/ul>\n<hr \/>\n<p><em>Los costes de este blog se sufragan mediante enlaces de afiliaci\u00f3n, que hacen que ganemos una peque\u00f1a comisi\u00f3n si reservas alg\u00fan producto a trav\u00e9s de los mismos. No tiene ning\u00fan coste adicional para ti y los enlaces solo son a sitios que recomendamos y que hemos utilizado nosotros mismos.<\/em><\/p>\n","protected":false},"excerpt":{"rendered":"<div class=\"mh-excerpt\"><p>Hoy te contamos que ver en Carmona, situada en unas lomas llamadas Los Alcores, que dominan la campi\u00f1a del r\u00edo Corbones en el valle del <a class=\"mh-excerpt-more\" href=\"https:\/\/www.rutasporespana.es\/blog\/ruta-por-los-caminos-de-pasion-que-ver-en-carmona\/\" title=\"Qu\u00e9 ver en Carmona, el lucero de Europa\">[&#8230;]<\/a><\/p>\n<\/div>","protected":false},"author":1,"featured_media":11624,"comment_status":"open","ping_status":"open","sticky":false,"template":"","format":"standard","meta":{"_jetpack_memberships_contains_paid_content":false,"footnotes":"","jetpack_publicize_message":"","jetpack_publicize_feature_enabled":true,"jetpack_social_post_already_shared":true,"jetpack_social_options":{"image_generator_settings":{"template":"highway","default_image_id":0,"font":"","enabled":false},"version":2}},"categories":[50,175],"tags":[74],"class_list":["post-6343","post","type-post","status-publish","format-standard","has-post-thumbnail","hentry","category-andalucia","category-sevilla","tag-pueblos-con-encanto"],"aioseo_notices":[],"jetpack_publicize_connections":[],"jetpack_featured_media_url":"https:\/\/i0.wp.com\/www.rutasporespana.es\/blog\/wp-content\/uploads\/2016\/12\/Carmona.jpg?fit=675%2C566&ssl=1","jetpack_sharing_enabled":true,"_links":{"self":[{"href":"https:\/\/www.rutasporespana.es\/blog\/wp-json\/wp\/v2\/posts\/6343","targetHints":{"allow":["GET"]}}],"collection":[{"href":"https:\/\/www.rutasporespana.es\/blog\/wp-json\/wp\/v2\/posts"}],"about":[{"href":"https:\/\/www.rutasporespana.es\/blog\/wp-json\/wp\/v2\/types\/post"}],"author":[{"embeddable":true,"href":"https:\/\/www.rutasporespana.es\/blog\/wp-json\/wp\/v2\/users\/1"}],"replies":[{"embeddable":true,"href":"https:\/\/www.rutasporespana.es\/blog\/wp-json\/wp\/v2\/comments?post=6343"}],"version-history":[{"count":0,"href":"https:\/\/www.rutasporespana.es\/blog\/wp-json\/wp\/v2\/posts\/6343\/revisions"}],"wp:featuredmedia":[{"embeddable":true,"href":"https:\/\/www.rutasporespana.es\/blog\/wp-json\/wp\/v2\/media\/11624"}],"wp:attachment":[{"href":"https:\/\/www.rutasporespana.es\/blog\/wp-json\/wp\/v2\/media?parent=6343"}],"wp:term":[{"taxonomy":"category","embeddable":true,"href":"https:\/\/www.rutasporespana.es\/blog\/wp-json\/wp\/v2\/categories?post=6343"},{"taxonomy":"post_tag","embeddable":true,"href":"https:\/\/www.rutasporespana.es\/blog\/wp-json\/wp\/v2\/tags?post=6343"}],"curies":[{"name":"wp","href":"https:\/\/api.w.org\/{rel}","templated":true}]}}