{"id":4812,"date":"2016-01-21T08:00:24","date_gmt":"2016-01-21T07:00:24","guid":{"rendered":"http:\/\/www.rutasporespana.es\/blog\/?p=4812"},"modified":"2025-09-22T19:36:27","modified_gmt":"2025-09-22T17:36:27","slug":"un-castillo-de-cuento-que-ver-en-medina-del-campo","status":"publish","type":"post","link":"https:\/\/www.rutasporespana.es\/blog\/un-castillo-de-cuento-que-ver-en-medina-del-campo\/","title":{"rendered":"Qu\u00e9 ver en Medina del Campo, la Villa de las Ferias"},"content":{"rendered":"<p>En nuestra segunda visita a la ciudad de <a href=\"https:\/\/www.rutasporespana.es\/blog\/que-ver-en-valladolid\/\" target=\"_blank\" rel=\"noopener\">Valladolid<\/a>, decidimos hacer una parada en el camino para contarte <strong>que ver en Medina del Campo<\/strong>. La segunda ciudad m\u00e1s importante de la provincia. Pero sobre todo lo que quer\u00edamos ver de cerca era el castillo de la Mota, uno de nuestros <a href=\"https:\/\/www.rutasporespana.es\/blog\/10-castillos-que-parecen-de-cuento-en-espana\/\">10 castillos que parecen de cuento<\/a>.<\/p>\n<p><!--more--><\/p>\n<h2>\u00bfC\u00f3mo llegar a Medina del Campo?<\/h2>\n<ul>\n<li><strong>En coche<\/strong><\/li>\n<\/ul>\n<p>Tomar\u00edamos la A-6 direcci\u00f3n <a href=\"https:\/\/www.rutasporespana.es\/blog\/que-ver-en-a-coruna-un-dia\/\" target=\"_blank\" rel=\"noopener\">A Coru\u00f1a<\/a>.<\/p>\n<ul>\n<li><strong>En transporte p\u00fablico<\/strong><\/li>\n<\/ul>\n<p>La forma de llegar a Medina del Campo es f\u00e1cil. Ya que es parada obligada para las rutas de tren y autob\u00fas que se dirigen a Valladolid.<\/p>\n<h2>\u00bfQu\u00e9 ver en Medina del Campo?<\/h2>\n<h2>Castillo de la Mota &#8211; que ver en Medina del Campo<\/h2>\n<p>Desde la estaci\u00f3n de tren, la Avenida del castillo nos lleva directamente al <strong>Castillo de la Mota<\/strong>. Llamado as\u00ed por su situaci\u00f3n sobre una peque\u00f1a colina o mota. Adquiri\u00f3 su m\u00e1ximo esplendor con la llegada de los Reyes Cat\u00f3licos y siglos m\u00e1s tarde se convirti\u00f3 en prisi\u00f3n del Estado.<\/p>\n<figure id=\"attachment_15963\" aria-describedby=\"caption-attachment-15963\" style=\"width: 675px\" class=\"wp-caption aligncenter\"><img data-recalc-dims=\"1\" loading=\"lazy\" decoding=\"async\" class=\"size-full wp-image-15963\" src=\"https:\/\/i0.wp.com\/www.rutasporespana.es\/blog\/wp-content\/uploads\/2016\/01\/castillo-mota3.jpg?resize=675%2C450&#038;ssl=1\" alt=\"Castillo de la Mota - Medina del Campo\" width=\"675\" height=\"450\" \/><figcaption id=\"caption-attachment-15963\" class=\"wp-caption-text\">Castillo de la Mota &#8211; que ver en Medina del Campo<\/figcaption><\/figure>\n<p>Para poder visitar el castillo, tenemos varias opciones:<\/p>\n<ul>\n<li>Ver el exterior y el patio de armas de forma gratuita.<\/li>\n<li>Hacer la visita guiada general por el interior del castillo. Incluye el yacimiento arqueol\u00f3gico que hay bajo el centro de visitantes, el patio de armas, las galer\u00edas subterr\u00e1neas, la capilla y la sala de Juan de la cosa.<\/li>\n<li>Hacer la visita guiada a la Torre del Homenaje.<\/li>\n<\/ul>\n<p>Antes de nada, es muy recomendable, hacer reserva previa si vamos a hacer las visitas guiadas, ya que los grupos son peque\u00f1os y con que llegue un autob\u00fas de turista ya te quedas fuera (s\u00ed, nosotros no pudimos hacer la visita de la Torre del Homenaje).<\/p>\n<p>La visita general, empieza por el <strong>yacimiento prehist\u00f3rico de la Edad de Hierro<\/strong>, situado en la parte baja de la oficina de turismo del Castillo.<\/p>\n<figure id=\"attachment_15956\" aria-describedby=\"caption-attachment-15956\" style=\"width: 675px\" class=\"wp-caption aligncenter\"><img data-recalc-dims=\"1\" loading=\"lazy\" decoding=\"async\" class=\"wp-image-15956 size-full\" src=\"https:\/\/i0.wp.com\/www.rutasporespana.es\/blog\/wp-content\/uploads\/2016\/01\/Yacimiento-Castillo-Mota.jpg?resize=675%2C450&#038;ssl=1\" alt=\"Yacimiento de la Edad de Hierro - Medina del Campo\" width=\"675\" height=\"450\" \/><figcaption id=\"caption-attachment-15956\" class=\"wp-caption-text\">Yacimiento de la Edad de Hierro &#8211; que ver en Medina del Campo<\/figcaption><\/figure>\n<p>Despu\u00e9s pasamos al castillo, uno de los \u00faltimos castillos que se construyeron en Espa\u00f1a. Se fabric\u00f3 \u00edntegramente en <strong>ladrillo<\/strong>, el motivo es que aguanta mejor el impacto de las balas de ca\u00f1\u00f3n, ya que lo erosiona pero no provoca una brecha como ocurre con los castillos en piedra.<\/p>\n<figure id=\"attachment_15957\" aria-describedby=\"caption-attachment-15957\" style=\"width: 675px\" class=\"wp-caption aligncenter\"><img data-recalc-dims=\"1\" loading=\"lazy\" decoding=\"async\" class=\"wp-image-15957 size-full\" src=\"https:\/\/i0.wp.com\/www.rutasporespana.es\/blog\/wp-content\/uploads\/2016\/01\/castillo-mota.jpg?resize=675%2C450&#038;ssl=1\" alt=\"castillo de la Mota - que ver en Medina del Campo\" width=\"675\" height=\"450\" \/><figcaption id=\"caption-attachment-15957\" class=\"wp-caption-text\">castillo de la Mota &#8211; que ver en Medina del Campo<\/figcaption><\/figure>\n<p>Otra curiosidad es la <strong>forma en codo<\/strong> de la entrada, una soluci\u00f3n t\u00e1ctica para frenar la velocidad de los soldados intentaban tirar la puerta con un <strong>ariete<\/strong> cogiendo carrerilla.<\/p>\n<h3>Interior del Castillo de la Mota<\/h3>\n<p>Una vez en el <strong>patio de armas<\/strong>, nos dirigimos a una de las <strong>entradas subterr\u00e1neas.<\/strong> Estas galer\u00edas altas y estrechas eran donde se situaban los soldados para poder disparar. Te preguntar\u00e1s que siendo el \u201cmacho ib\u00e9rico\u201d por definici\u00f3n bajito, para que tanta altura. Aqu\u00ed es una cuesti\u00f3n pr\u00e1ctica, ya que los ca\u00f1ones provocaban tal humareda, que el humo se acumulaba en la parte alta, por encima de las cabezas de los soldados para que no les afectara a la visi\u00f3n. Sin contar los pozos de agua que se utilizaban para enfriar los ca\u00f1ones por cada disparo que provocaba una masa de vapor considerable.<\/p>\n<figure id=\"attachment_15958\" aria-describedby=\"caption-attachment-15958\" style=\"width: 675px\" class=\"wp-caption aligncenter\"><img data-recalc-dims=\"1\" loading=\"lazy\" decoding=\"async\" class=\"wp-image-15958 size-full\" src=\"https:\/\/i0.wp.com\/www.rutasporespana.es\/blog\/wp-content\/uploads\/2016\/01\/castillo-mota2.jpg?resize=675%2C450&#038;ssl=1\" alt=\"Galer\u00edas subterr\u00e1neas - que ver en Medina del Campo\" width=\"675\" height=\"450\" \/><figcaption id=\"caption-attachment-15958\" class=\"wp-caption-text\">Galer\u00edas subterr\u00e1neas &#8211; que ver en Medina del Campo<\/figcaption><\/figure>\n<p>Otro de los lugares curiosos, es un pozo, llamado <strong>la pudridera<\/strong>, un nombre no muy hermoso para definir al lugar donde arrojaban a los soldados enemigos para que se pudrieran ah\u00ed abajo hasta que murieran o sirvieran de moneda de cambio, en un intercambio de rehenes.<\/p>\n<p>Finalmente llegamos a la parte del castillo que todav\u00eda se utiliza, y a la capilla.<\/p>\n<figure id=\"attachment_15964\" aria-describedby=\"caption-attachment-15964\" style=\"width: 675px\" class=\"wp-caption aligncenter\"><img data-recalc-dims=\"1\" loading=\"lazy\" decoding=\"async\" class=\"wp-image-15964 size-full\" src=\"https:\/\/i0.wp.com\/www.rutasporespana.es\/blog\/wp-content\/uploads\/2016\/01\/castillo-mota4.jpg?resize=675%2C450&#038;ssl=1\" alt=\"Castillo de la Mota - que ver en Medina del Campo\" width=\"675\" height=\"450\" \/><figcaption id=\"caption-attachment-15964\" class=\"wp-caption-text\">Castillo de la Mota &#8211; que ver en Medina del Campo<\/figcaption><\/figure>\n<h3><b>Beatriz Galindo<\/b> &#8211; La Latina<\/h3>\n<p>Esta <strong>fachada<\/strong> tiene una an\u00e9cdota muy curiosa, si eres de Madrid. Ya que es una r\u00e9plica de la que podemos ver en la faculta de Arquitectura de la UCM. Y su origen es muy revelador.<\/p>\n<p>En \u00e9poca de Isabel La Cat\u00f3lica, \u00e9sta ten\u00eda una profesora de lat\u00edn llamada <b>Beatriz Galindo<\/b>. La cual tras terminar su servicio se traslad\u00f3 a Madrid, donde fund\u00f3 un hospital con est\u00e1 fachada, el hospital se llam\u00f3 La Latina (por razones obvias) y aunque ya no queda nada de \u00e9l, si le dio nombre al barrio donde se encontraba, <strong>La Latina<\/strong>.<\/p>\n<p>Es curioso que haya tenido que ir a un sitio con el castillo de La Mota, para descubrir el origen de uno de los barrios m\u00e1s castizos de Madrid.<\/p>\n<figure id=\"attachment_15959\" aria-describedby=\"caption-attachment-15959\" style=\"width: 675px\" class=\"wp-caption aligncenter\"><img data-recalc-dims=\"1\" loading=\"lazy\" decoding=\"async\" class=\"wp-image-15959 size-full\" src=\"https:\/\/i0.wp.com\/www.rutasporespana.es\/blog\/wp-content\/uploads\/2016\/01\/Fachada-Latina.jpg?resize=675%2C450&#038;ssl=1\" alt=\"Fachada de La Latina - Medina del Campo\" width=\"675\" height=\"450\" \/><figcaption id=\"caption-attachment-15959\" class=\"wp-caption-text\">Fachada de La Latina &#8211; que ver en Medina del Campo<\/figcaption><\/figure>\n<div class=\"caja-info\">\n<p class=\"info\"><strong>M\u00e1s informaci\u00f3n<\/strong><\/p>\n<ul>\n<li><strong>Horario Centro de Recepci\u00f3n:<\/strong>\n<ul>\n<li><em>Verano<\/em>: Lunes de 11:00 a 14:00 y 16:00 a 19:00. De martes a s\u00e1bados de 10:00 a 14:00 y 15:45 a 19:00. Domingos y festivos de 10:00 a 14:30.<\/li>\n<li><em>Invierno<\/em>: Lunes de 11:00 a 14.00 y 16:00 a 19:00. Martes a s\u00e1bados: 10:00 a 14:00 y 15:45 a 18:00. Domingos y festivos de 10:00 a 14:30.<\/li>\n<\/ul>\n<\/li>\n<li><strong>Precio: <\/strong>Visita guiada: general 4 \u20ac \/ reducida 3 \u20ac;\u00a0 Visita torre del homenaje: general 4 \u20ac<\/li>\n<li><strong>Web:<\/strong> <a href=\"https:\/\/www.castillodelamota.es\" target=\"_blank\" rel=\"nofollow noopener noreferrer\">http:\/\/www.castillodelamota.es<\/a><\/li>\n<\/ul>\n<\/div>\n<h2>Mercado de Abastos &#8211; que ver en Medina del Campo<\/h2>\n<p>Bueno, ya nos hemos alargado mucho en el castillo, as\u00ed que toca visitar la ciudad. Una ciudad que tuvo mucha importancia en la Edad Media, alcanzando una poblaci\u00f3n de 20.000 habitantes. Gracias a la cantidad de ferias que se realizaban aqu\u00ed cuando <strong>Valladolid era la capital del Reino<\/strong>. Aunque cuando dejo de serlo la poblaci\u00f3n cay\u00f3 estrepitosamente, hasta los 80 que volvi\u00f3 a su poblaci\u00f3n original gracias a su posici\u00f3n de <strong>principal nudo de comunicaci\u00f3n<\/strong> entre el centro y norte de la pen\u00ednsula.<\/p>\n<p>Desde el castillo, deberemos cruzar las v\u00edas del tren por un paso subterr\u00e1neo para llegar al otro lado. Una de los primero lugares que podemos ver es el <strong>mercado de Abastos<\/strong>. Que pese a su antig\u00fcedad, lo que m\u00e1s nos interesa es un bar que hay dentro con unas tapas caseras estupendas y a buen precio.<\/p>\n<figure id=\"attachment_15960\" aria-describedby=\"caption-attachment-15960\" style=\"width: 675px\" class=\"wp-caption aligncenter\"><img data-recalc-dims=\"1\" loading=\"lazy\" decoding=\"async\" class=\"wp-image-15960 size-full\" src=\"https:\/\/i0.wp.com\/www.rutasporespana.es\/blog\/wp-content\/uploads\/2016\/01\/Mercado-Abastos-Medina.jpg?resize=675%2C450&#038;ssl=1\" alt=\"Mercado de Abastos - que ver en Medina del Campo\" width=\"675\" height=\"450\" \/><figcaption id=\"caption-attachment-15960\" class=\"wp-caption-text\">Mercado de Abastos &#8211; Medina del Campo<\/figcaption><\/figure>\n<figure id=\"attachment_15971\" aria-describedby=\"caption-attachment-15971\" style=\"width: 675px\" class=\"wp-caption aligncenter\"><img data-recalc-dims=\"1\" loading=\"lazy\" decoding=\"async\" class=\"size-full wp-image-15971\" src=\"https:\/\/i0.wp.com\/www.rutasporespana.es\/blog\/wp-content\/uploads\/2016\/01\/Mercado-Abasto-Medina.jpg?resize=675%2C450&#038;ssl=1\" alt=\"Mercado de Abastos - que ver en Medina del Campo\" width=\"675\" height=\"450\" \/><figcaption id=\"caption-attachment-15971\" class=\"wp-caption-text\">Mercado de Abastos &#8211; que ver en Medina del Campo<\/figcaption><\/figure>\n<h2>Plaza Mayor de la Hispanidad &#8211; que ver en Medina del Campo<\/h2>\n<p>Llegamos a la <strong>Plaza Mayor de la Hispanidad.<\/strong> Considerada una de las mayores de Espa\u00f1a con una hect\u00e1rea y media de extensi\u00f3n, fue el lugar de celebraci\u00f3n de las ferias en los siglos XV y XVI.<\/p>\n<figure id=\"attachment_15967\" aria-describedby=\"caption-attachment-15967\" style=\"width: 675px\" class=\"wp-caption aligncenter\"><img data-recalc-dims=\"1\" loading=\"lazy\" decoding=\"async\" class=\"size-full wp-image-15967\" src=\"https:\/\/i0.wp.com\/www.rutasporespana.es\/blog\/wp-content\/uploads\/2016\/01\/Plaza-Mayor-Hispanidad.jpg?resize=675%2C450&#038;ssl=1\" alt=\"Plaza Mayor de la Hispanidad - Medina del Campo\" width=\"675\" height=\"450\" \/><figcaption id=\"caption-attachment-15967\" class=\"wp-caption-text\">Plaza Mayor de la Hispanidad &#8211; que ver en Medina del Campo<\/figcaption><\/figure>\n<p>Esta plaza esta rodeado de edificios interesante. El primero es la <strong><span class=\"Arquitectura\">Casa del Peso <\/span><\/strong><span class=\"Arquitectura\">(siglo XVII)<\/span>, actual sede de la Oficina de Turismo. Enfrente nos sorprende la incre\u00edble figura de la <span class=\"Arquitectura\">Iglesia Colegiata de San Antol\u00edn<\/span>. Data del siglo XVI y XVIII y su parte m\u00e1s interesantes son su gran altar mayor, y su torre del reloj, donde aparecen las figuras de \u201clos maragatos\u201d.<\/p>\n<figure id=\"attachment_15961\" aria-describedby=\"caption-attachment-15961\" style=\"width: 675px\" class=\"wp-caption aligncenter\"><img data-recalc-dims=\"1\" loading=\"lazy\" decoding=\"async\" class=\"wp-image-15961 size-full\" src=\"https:\/\/i0.wp.com\/www.rutasporespana.es\/blog\/wp-content\/uploads\/2016\/01\/Colegiata-Antolin-Medina.jpg?resize=675%2C450&#038;ssl=1\" alt=\"Colegiata de San Antol\u00edn - que ver en Medina del Campo\" width=\"675\" height=\"450\" \/><figcaption id=\"caption-attachment-15961\" class=\"wp-caption-text\">Colegiata de San Antol\u00edn &#8211; que ver en Medina del Campo<\/figcaption><\/figure>\n<figure id=\"attachment_15966\" aria-describedby=\"caption-attachment-15966\" style=\"width: 675px\" class=\"wp-caption aligncenter\"><img data-recalc-dims=\"1\" loading=\"lazy\" decoding=\"async\" class=\"size-full wp-image-15966\" src=\"https:\/\/i0.wp.com\/www.rutasporespana.es\/blog\/wp-content\/uploads\/2016\/01\/Colegiata-San-Antolin.jpg?resize=675%2C450&#038;ssl=1\" alt=\"Colegiata de San Antol\u00edn - que ver en Medina del Campo\" width=\"675\" height=\"450\" \/><figcaption id=\"caption-attachment-15966\" class=\"wp-caption-text\">Colegiata de San Antol\u00edn &#8211; que ver en Medina del Campo<\/figcaption><\/figure>\n<p>A su lado, el <strong><span class=\"Arquitectura\">Ayuntamiento<\/span><\/strong><span class=\"Arquitectura\"> (siglo XVII)<\/span>, un edificio con fachada barroca que forma un conjunto arm\u00f3nico con la <strong><span class=\"Arquitectura\">Casa de los Arcos<\/span><\/strong> del siglo XVII.<\/p>\n<figure id=\"attachment_15965\" aria-describedby=\"caption-attachment-15965\" style=\"width: 675px\" class=\"wp-caption aligncenter\"><img data-recalc-dims=\"1\" loading=\"lazy\" decoding=\"async\" class=\"size-full wp-image-15965\" src=\"https:\/\/i0.wp.com\/www.rutasporespana.es\/blog\/wp-content\/uploads\/2016\/01\/Ayuntamiento-Medina-Campo.jpg?resize=675%2C450&#038;ssl=1\" alt=\"Ayuntamiento - que ver en Medina del Campo\" width=\"675\" height=\"450\" \/><figcaption id=\"caption-attachment-15965\" class=\"wp-caption-text\">Ayuntamiento &#8211; que ver en Medina del Campo<\/figcaption><\/figure>\n<blockquote><p><em>Si quieres descubrir todos los secretos de la villa, lo mejor es que reserves una visita guiada por Medina del Campo. Nosotros hicimos la <a href=\"https:\/\/www.civitatis.com\/es\/medina-del-campo\/free-tour-medina-campo\/?aid=2170\" target=\"_blank\" rel=\"nofollow noopener sponsored\">visita guiada con Civitatis<\/a> (si reservas con este enlace a ti te cuesta lo mismo y a nosotros nos permite seguir escribiendo, gracias)<\/em><\/p><\/blockquote>\n<h2>Palacio Real Testamentario &#8211; que ver en Medina del Campo<\/h2>\n<p>Pero uno de los grandes personajes hist\u00f3ricos que dejaron su marca en la ciudad fue <strong>Isabel La Cat\u00f3lica<\/strong>, que muri\u00f3, junto a esta plaza en el interior del <strong><a href=\"https:\/\/www.palaciorealtestamentario.es\/\" target=\"_blank\" rel=\"nofollow noopener noreferrer\">Palacio Real Testamentario<\/a><\/strong>. Hoy podemos ver las dependencias de la reina y el testamento en el que marcaba las indicaciones que daba a su marido y a sus hijos.<\/p>\n<figure id=\"attachment_15962\" aria-describedby=\"caption-attachment-15962\" style=\"width: 675px\" class=\"wp-caption aligncenter\"><img data-recalc-dims=\"1\" loading=\"lazy\" decoding=\"async\" class=\"wp-image-15962 size-full\" src=\"https:\/\/i0.wp.com\/www.rutasporespana.es\/blog\/wp-content\/uploads\/2016\/01\/Palacio-Testamentario.jpg?resize=675%2C450&#038;ssl=1\" alt=\"Palacio Real Testamentario - Medina del Campo\" width=\"675\" height=\"450\" \/><figcaption id=\"caption-attachment-15962\" class=\"wp-caption-text\">Palacio Real Testamentario &#8211; que ver en Medina del Campo<\/figcaption><\/figure>\n<figure id=\"attachment_15968\" aria-describedby=\"caption-attachment-15968\" style=\"width: 675px\" class=\"wp-caption aligncenter\"><img data-recalc-dims=\"1\" loading=\"lazy\" decoding=\"async\" class=\"size-full wp-image-15968\" src=\"https:\/\/i0.wp.com\/www.rutasporespana.es\/blog\/wp-content\/uploads\/2016\/01\/Palacio-Testamentario-1.jpg?resize=675%2C450&#038;ssl=1\" alt=\"Palacio Real Testamentario - Medina del Campo\" width=\"675\" height=\"450\" \/><figcaption id=\"caption-attachment-15968\" class=\"wp-caption-text\">Palacio Real Testamentario &#8211; que ver en Medina del Campo<\/figcaption><\/figure>\n<div class=\"caja-info\">\n<p class=\"info\"><strong>M\u00e1s informaci\u00f3n<\/strong><\/p>\n<ul>\n<li><strong>Horario: <\/strong>De martes a s\u00e1bados de 10:00 a 14:00 y 16:00 a 19:00. Lunes, domingos y festivos de 11:00 a 14:30.<\/li>\n<li><strong>Precio: <\/strong>general 2,5 \u20ac \/ reducida 1,5 \u20ac<\/li>\n<li><strong>Web:<\/strong> <a href=\"http:\/\/medinadelcampo.es\/palacio-real-testamentario\/\" target=\"_blank\" rel=\"nofollow noopener noreferrer\">http:\/\/medinadelcampo.es\/palacio-real-testamentario\/<\/a><\/li>\n<\/ul>\n<\/div>\n<h2><span class=\"Arquitectura\">Convento de los Padres Carmelitas &#8211; que ver en Medina del Campo<\/span><\/h2>\n<p>Salimos por la calle que sale del Palacio Real, para llegar hasta la magn\u00edfica fachada del <strong><span class=\"Arquitectura\">Palacio del Almirante<\/span><\/strong> y continuar por el <strong><span class=\"Arquitectura\">Convento de los Padres Carmelitas<\/span><\/strong>, que alberga la <span class=\"Arquitectura\">Iglesia de la Inmaculada Concepci\u00f3n<\/span>, del siglo XVII en estilo barroco con influencias herrerianas.<\/p>\n<figure id=\"attachment_15969\" aria-describedby=\"caption-attachment-15969\" style=\"width: 675px\" class=\"wp-caption aligncenter\"><img data-recalc-dims=\"1\" loading=\"lazy\" decoding=\"async\" class=\"size-full wp-image-15969\" src=\"https:\/\/i0.wp.com\/www.rutasporespana.es\/blog\/wp-content\/uploads\/2016\/01\/Convento-Padres-Carmelitas.jpg?resize=675%2C506&#038;ssl=1\" alt=\"Convento de los Padres Carmelitas - que ver en Medina del Campo\" width=\"675\" height=\"506\" srcset=\"https:\/\/i0.wp.com\/www.rutasporespana.es\/blog\/wp-content\/uploads\/2016\/01\/Convento-Padres-Carmelitas.jpg?w=675&amp;ssl=1 675w, https:\/\/i0.wp.com\/www.rutasporespana.es\/blog\/wp-content\/uploads\/2016\/01\/Convento-Padres-Carmelitas.jpg?resize=326%2C245&amp;ssl=1 326w, https:\/\/i0.wp.com\/www.rutasporespana.es\/blog\/wp-content\/uploads\/2016\/01\/Convento-Padres-Carmelitas.jpg?resize=80%2C60&amp;ssl=1 80w\" sizes=\"auto, (max-width: 675px) 100vw, 675px\" \/><figcaption id=\"caption-attachment-15969\" class=\"wp-caption-text\">Convento de los Padres Carmelitas &#8211; que ver en Medina del Campo<\/figcaption><\/figure>\n<h2>Museo de las Ferias &#8211; que ver en Medina del Campo<\/h2>\n<p>Siguiendo la calle, llegamos hasta el <strong><span class=\"Arquitectura\">Palacio del Marquesado de Falces<\/span><\/strong>, hoy Casa de Cultura. Al lado se halla el <strong>Museo de las Ferias<\/strong>, en el interior de la iglesia de San Mart\u00edn. Un lugar que nos recuerda la gran importancia internacional que tuvo las ferias en Medina del Campo durante los siglos XV y XVI.<\/p>\n<figure id=\"attachment_15970\" aria-describedby=\"caption-attachment-15970\" style=\"width: 675px\" class=\"wp-caption aligncenter\"><img data-recalc-dims=\"1\" loading=\"lazy\" decoding=\"async\" class=\"size-full wp-image-15970\" src=\"https:\/\/i0.wp.com\/www.rutasporespana.es\/blog\/wp-content\/uploads\/2016\/01\/Museo-Feria-Medina.jpg?resize=675%2C506&#038;ssl=1\" alt=\"Museo de las Ferias - que ver en Medina del Campo\" width=\"675\" height=\"506\" srcset=\"https:\/\/i0.wp.com\/www.rutasporespana.es\/blog\/wp-content\/uploads\/2016\/01\/Museo-Feria-Medina.jpg?w=675&amp;ssl=1 675w, https:\/\/i0.wp.com\/www.rutasporespana.es\/blog\/wp-content\/uploads\/2016\/01\/Museo-Feria-Medina.jpg?resize=326%2C245&amp;ssl=1 326w, https:\/\/i0.wp.com\/www.rutasporespana.es\/blog\/wp-content\/uploads\/2016\/01\/Museo-Feria-Medina.jpg?resize=80%2C60&amp;ssl=1 80w\" sizes=\"auto, (max-width: 675px) 100vw, 675px\" \/><figcaption id=\"caption-attachment-15970\" class=\"wp-caption-text\">Museo de las Ferias &#8211; que ver en Medina del Campo<\/figcaption><\/figure>\n<p>El horario de visita es de martes a s\u00e1bado de 10:00 a 13:30 y de 16:00 a 19:00 horas, domingos y festivos de 11:00 a 14:00 horas y los lunes cerrado.<\/p>\n<div class=\"caja-info\">\n<p class=\"info\"><strong>M\u00e1s informaci\u00f3n<\/strong><\/p>\n<ul>\n<li><strong>Horario: <\/strong>De martes a s\u00e1bado de 10:00 a 13:30 y de 16:00 a 19:00. Domingos y festivos de 11:00 a 14:00.<\/li>\n<li><strong>Precio: <\/strong>general 2 \u20ac \/ reducida 1 \u20ac<\/li>\n<li><strong>Web:<\/strong> <a href=\"http:\/\/medinadelcampo.es\/museo-de-las-ferias\/\" target=\"_blank\" rel=\"nofollow noopener noreferrer\">http:\/\/medinadelcampo.es\/museo-de-las-ferias\/<\/a><\/li>\n<\/ul>\n<\/div>\n<p>Y con esto terminamos nuestra visita a Medina del Campo, y gracias a nuestro colaborador <a href=\"https:\/\/www.expedia.es\/Vuelos-Baratos\" target=\"_blank\" rel=\"noopener sponsored noreferrer\">Expedia<\/a> que nos ha permitido contar nuestra experiencia.<\/p>\n<p><iframe loading=\"lazy\" src=\"https:\/\/mapsengine.google.com\/map\/embed?mid=z2nNrAWx-zvc.kmDggUlv2J0I\" width=\"675\" height=\"500\"><\/iframe><\/p>\n<div class=\"caja-info\">\n<h2 class=\"info\">M\u00e1s informaci\u00f3n sobre Medina del Campo<\/h2>\n<p>Web de Turismo de Medina del Campo: <a href=\"http:\/\/www.medinadelcampo.es\/\" target=\"_blank\" rel=\"nofollow noopener noreferrer\">http:\/\/www.medinadelcampo.es<\/a><\/p>\n<h2 class=\"hotel\">D\u00f3nde dormir en Medina del Campo<\/h2>\n<p>La zona monumental de Medina del Campo se puede ver perfectamente en una ma\u00f1ana. Por lo que no ser\u00e1 necesario hacer noche. Pero si vas a visitar varios lugares de la provincia, seguramente Medina del Campo sea una buena opci\u00f3n y m\u00e1s barata que la capital. Aqu\u00ed podr\u00e1s reservar tu alojamiento ideal para tu visita:<\/p>\n<ul>\n<li><a href=\"https:\/\/www.booking.com\/searchresults.es.html?city=-391729&amp;aid=864316&amp;no_rooms=1&amp;group_adults=2&amp;label=MedinaCampo\" target=\"_blank\" rel=\"nofollow noopener sponsored noreferrer\">Ofertas de hoteles y hostales en Medina del Campo<\/a><\/li>\n<\/ul>\n<h2 class=\"comida\">D\u00f3nde comer en Medina del Campo<\/h2>\n<p>En esta ocasi\u00f3n, os podemos decir que en la <strong>Plaza Mayor<\/strong> est\u00e1n los restaurantes donde se come mejor (no es lo habitual, pero en este caso s\u00ed). Adem\u00e1s del Mercado de Abasto que ya comentamos antes, aqu\u00ed tienes los m\u00e1s recomendables:<\/p>\n<ul>\n<li><strong>Restaurante M\u00f3naco<\/strong> (Plaza Mayor de la Hispanidad, 26): en plena plaza Mayor tienes este restaurante donde comer de tapas o de men\u00fa, comida de calidad a buen precio.<\/li>\n<li><strong>Villa de Ferias<\/strong> ( Avda. del V Centenario de Isabel la Cat\u00f3lica, 4): en el hotel encontramos este restaurante donde tanto a la carta o de men\u00fa comer\u00e1s bien a buen precio.<\/li>\n<li><strong>Taberna Mohino <\/strong>(Calle Nueva del Cuartel, 2): pese a ser una peque\u00f1a taberna siempre la encontrar\u00e1s llena, por qu\u00e9 ser\u00e1.<\/li>\n<\/ul>\n<\/div>\n<h2>Tambi\u00e9n te puede interesar\u2026<\/h2>\n<p>Si quieres descubrir otros rincones bonitos de Valladolid. Aqu\u00ed tienes algunas propuestas:<\/p>\n<ul>\n<li><a title=\"viaje a Valladolid\" href=\"https:\/\/www.rutasporespana.es\/blog\/que-ver-en-valladolid\/\" target=\"_blank\" rel=\"noopener noreferrer\">Los 10 pueblos m\u00e1s bonitos de la provincia de Valladolid<\/a><\/li>\n<li><a href=\"https:\/\/www.rutasporespana.es\/blog\/que-ver-en-penafiel\/\" target=\"_blank\" rel=\"noopener noreferrer\">Pe\u00f1afiel<\/a><\/li>\n<li><a href=\"https:\/\/www.rutasporespana.es\/blog\/ruta-por-provincia-valladolid-que-ver-en-olmedo\/\" target=\"_blank\" rel=\"noopener noreferrer\">Olmedo<\/a><\/li>\n<li><a href=\"https:\/\/www.rutasporespana.es\/blog\/ruta-provincia-valladolid-que-ver-en-uruena\/\" target=\"_blank\" rel=\"noopener noreferrer\">Urue\u00f1a<\/a><\/li>\n<li><a href=\"https:\/\/www.rutasporespana.es\/blog\/ruta-por-provincia-valladolid-que-ver-en-tordesillas\/\" target=\"_blank\" rel=\"noopener noreferrer\">Tordesillas<\/a><\/li>\n<li><a href=\"https:\/\/www.rutasporespana.es\/blog\/ruta-por-la-provincia-de-valladolid-que-ver-en-simancas\/\" target=\"_blank\" rel=\"noopener noreferrer\">Simancas<\/a><\/li>\n<li><a href=\"https:\/\/www.rutasporespana.es\/blog\/ruta-por-provincia-valladolid-que-ver-en-medina-de-rioseco\/\" target=\"_blank\" rel=\"noopener\">Medina de Rioseco<\/a><\/li>\n<\/ul>\n<hr \/>\n<p><em>Los costes de este blog se sufragan mediante enlaces de afiliaci\u00f3n, que hacen que ganemos una peque\u00f1a comisi\u00f3n si reservas alg\u00fan producto a trav\u00e9s de los mismos. No tiene ning\u00fan coste adicional para ti y los enlaces solo son a sitios que recomendamos y que hemos utilizado nosotros mismos.<\/em><\/p>\n","protected":false},"excerpt":{"rendered":"<div class=\"mh-excerpt\"><p>En nuestra segunda visita a la ciudad de Valladolid, decidimos hacer una parada en el camino para contarte que ver en Medina del Campo. La <a class=\"mh-excerpt-more\" href=\"https:\/\/www.rutasporespana.es\/blog\/un-castillo-de-cuento-que-ver-en-medina-del-campo\/\" title=\"Qu\u00e9 ver en Medina del Campo, la Villa de las Ferias\">[&#8230;]<\/a><\/p>\n<\/div>","protected":false},"author":1,"featured_media":11185,"comment_status":"open","ping_status":"open","sticky":false,"template":"","format":"standard","meta":{"_jetpack_memberships_contains_paid_content":false,"footnotes":"","jetpack_publicize_message":"","jetpack_publicize_feature_enabled":true,"jetpack_social_post_already_shared":true,"jetpack_social_options":{"image_generator_settings":{"template":"highway","default_image_id":0,"font":"","enabled":false},"version":2}},"categories":[12,169],"tags":[74],"class_list":["post-4812","post","type-post","status-publish","format-standard","has-post-thumbnail","hentry","category-castilla-y-leon","category-valladolid","tag-pueblos-con-encanto"],"aioseo_notices":[],"jetpack_publicize_connections":[],"jetpack_featured_media_url":"https:\/\/i0.wp.com\/www.rutasporespana.es\/blog\/wp-content\/uploads\/2016\/01\/MedinaDelCampo.jpg?fit=675%2C566&ssl=1","jetpack_sharing_enabled":true,"_links":{"self":[{"href":"https:\/\/www.rutasporespana.es\/blog\/wp-json\/wp\/v2\/posts\/4812","targetHints":{"allow":["GET"]}}],"collection":[{"href":"https:\/\/www.rutasporespana.es\/blog\/wp-json\/wp\/v2\/posts"}],"about":[{"href":"https:\/\/www.rutasporespana.es\/blog\/wp-json\/wp\/v2\/types\/post"}],"author":[{"embeddable":true,"href":"https:\/\/www.rutasporespana.es\/blog\/wp-json\/wp\/v2\/users\/1"}],"replies":[{"embeddable":true,"href":"https:\/\/www.rutasporespana.es\/blog\/wp-json\/wp\/v2\/comments?post=4812"}],"version-history":[{"count":0,"href":"https:\/\/www.rutasporespana.es\/blog\/wp-json\/wp\/v2\/posts\/4812\/revisions"}],"wp:featuredmedia":[{"embeddable":true,"href":"https:\/\/www.rutasporespana.es\/blog\/wp-json\/wp\/v2\/media\/11185"}],"wp:attachment":[{"href":"https:\/\/www.rutasporespana.es\/blog\/wp-json\/wp\/v2\/media?parent=4812"}],"wp:term":[{"taxonomy":"category","embeddable":true,"href":"https:\/\/www.rutasporespana.es\/blog\/wp-json\/wp\/v2\/categories?post=4812"},{"taxonomy":"post_tag","embeddable":true,"href":"https:\/\/www.rutasporespana.es\/blog\/wp-json\/wp\/v2\/tags?post=4812"}],"curies":[{"name":"wp","href":"https:\/\/api.w.org\/{rel}","templated":true}]}}