{"id":22711,"date":"2024-05-25T18:30:13","date_gmt":"2024-05-25T16:30:13","guid":{"rendered":"https:\/\/www.rutasporespana.es\/blog\/?p=22711"},"modified":"2025-08-25T20:30:29","modified_gmt":"2025-08-25T18:30:29","slug":"que-ver-en-vara-de-rey","status":"publish","type":"post","link":"https:\/\/www.rutasporespana.es\/blog\/que-ver-en-vara-de-rey\/","title":{"rendered":"Qu\u00e9 ver en Vara de Rey, ruta por la Comarca del Z\u00e1ncara"},"content":{"rendered":"<p>Hoy empezamos un recorrido por los pueblos m\u00e1s bonitos de la Comarca del Z\u00e1ncara, una regi\u00f3n de la provincia de Cuenca poco conocida por el turismo. Nuestra llegada a esta peque\u00f1a localidad conquense se debe a la presentaci\u00f3n de <a href=\"https:\/\/www.amazon.es\/a%C3%B1os-malos-Jos%C3%A9-Escribano-Redondo\/dp\/8411593932\" target=\"_blank\" rel=\"nofollow noopener sponsored\">mi libro \u201cLos A\u00f1os malos\u201d<\/a> en la biblioteca municipal de Vara de Rey, ya que mi novela empezaba en la cantera que existi\u00f3 en esta localidad durante el siglo XVI. As\u00ed que antes de la presentaci\u00f3n quisimos dar una vuelta para descubrir sus rincones <strong>que ver en Vara de Rey<\/strong>.<\/p>\n<p><!--more--><\/p>\n<h2>Playa del Ayuntamiento &#8211; <strong>que ver en Vara de Rey<\/strong><\/h2>\n<p>Dejamos el coche junto al <strong>Ayuntamiento<\/strong> para poder movernos tranquilamente andando. Aqu\u00ed se encuentra el edificio del Ayuntamiento (siglo XVI). Me recuerda al <a href=\"https:\/\/www.rutasporespana.es\/blog\/villarrobledo-mas-alla-vina-rock\/\" target=\"_blank\" rel=\"noopener\">Ayuntamiento de Villarrobledo<\/a> en la forma de los arcos, pero este solo se encuentra en la primera planta.<\/p>\n<figure id=\"attachment_22723\" aria-describedby=\"caption-attachment-22723\" style=\"width: 675px\" class=\"wp-caption aligncenter\"><img data-recalc-dims=\"1\" loading=\"lazy\" decoding=\"async\" class=\"size-full wp-image-22723\" src=\"https:\/\/i0.wp.com\/www.rutasporespana.es\/blog\/wp-content\/uploads\/2023\/04\/Vara-de-Rey9-1.jpg?resize=675%2C450&#038;ssl=1\" alt=\"Ayuntamiento - que ver en Vara de Rey\" width=\"675\" height=\"450\" \/><figcaption id=\"caption-attachment-22723\" class=\"wp-caption-text\">Ayuntamiento &#8211; que ver en Vara de Rey<\/figcaption><\/figure>\n<figure id=\"attachment_22728\" aria-describedby=\"caption-attachment-22728\" style=\"width: 675px\" class=\"wp-caption aligncenter\"><img data-recalc-dims=\"1\" loading=\"lazy\" decoding=\"async\" class=\"size-full wp-image-22728\" src=\"https:\/\/i0.wp.com\/www.rutasporespana.es\/blog\/wp-content\/uploads\/2023\/04\/Vara-de-Rey2-1.jpg?resize=675%2C450&#038;ssl=1\" alt=\"Fuente - que ver en Vara de Rey\" width=\"675\" height=\"450\" \/><figcaption id=\"caption-attachment-22728\" class=\"wp-caption-text\">Fuente &#8211; que ver en Vara de Rey<\/figcaption><\/figure>\n<p>A la entrada de la plaza encontramos tambi\u00e9n un <strong>mural de arte urbano<\/strong> por la despoblaci\u00f3n, un proyecto que hizo la asociaci\u00f3n ADI Z\u00e1ncara para visibilizar el problema de despoblaci\u00f3n en la comarca.<\/p>\n<figure id=\"attachment_22720\" aria-describedby=\"caption-attachment-22720\" style=\"width: 675px\" class=\"wp-caption aligncenter\"><img data-recalc-dims=\"1\" loading=\"lazy\" decoding=\"async\" class=\"size-full wp-image-22720\" src=\"https:\/\/i0.wp.com\/www.rutasporespana.es\/blog\/wp-content\/uploads\/2023\/04\/Vara-de-Rey10.jpg?resize=675%2C450&#038;ssl=1\" alt=\"Mural - que ver en Vara de Rey\" width=\"675\" height=\"450\" \/><figcaption id=\"caption-attachment-22720\" class=\"wp-caption-text\">Mural &#8211; que ver en Vara de Rey<\/figcaption><\/figure>\n<h2><strong>Ermita de San Sebasti\u00e1n &#8211; que ver en Vara de Rey<\/strong><\/h2>\n<p>A continuaci\u00f3n siguiendo las indicaciones no dirigimos a la <strong>ermita de San Sebasti\u00e1n<\/strong> (siglo XVI), un templo austero de planta de cruz latina y una espada\u00f1a sobre la portada.<\/p>\n<figure id=\"attachment_22722\" aria-describedby=\"caption-attachment-22722\" style=\"width: 675px\" class=\"wp-caption aligncenter\"><img data-recalc-dims=\"1\" loading=\"lazy\" decoding=\"async\" class=\"size-full wp-image-22722\" src=\"https:\/\/i0.wp.com\/www.rutasporespana.es\/blog\/wp-content\/uploads\/2023\/04\/Vara-de-Rey8-1.jpg?resize=675%2C450&#038;ssl=1\" alt=\"Ermita de San Sebasti\u00e1n - Vara de Rey\" width=\"675\" height=\"450\" \/><figcaption id=\"caption-attachment-22722\" class=\"wp-caption-text\">Ermita de San Sebasti\u00e1n &#8211; que ver en Vara de Rey<\/figcaption><\/figure>\n<figure id=\"attachment_22731\" aria-describedby=\"caption-attachment-22731\" style=\"width: 675px\" class=\"wp-caption aligncenter\"><img data-recalc-dims=\"1\" loading=\"lazy\" decoding=\"async\" class=\"size-full wp-image-22731\" src=\"https:\/\/i0.wp.com\/www.rutasporespana.es\/blog\/wp-content\/uploads\/2023\/04\/Vara-de-Rey7-1.jpg?resize=675%2C450&#038;ssl=1\" alt=\"Ermita de San Sebasti\u00e1n - Vara de Rey\" width=\"675\" height=\"450\" \/><figcaption id=\"caption-attachment-22731\" class=\"wp-caption-text\">Ermita de San Sebasti\u00e1n &#8211; que ver en Vara de Rey<\/figcaption><\/figure>\n<h2><strong>Palacio del Marqu\u00e9s De Valdeguerrero<\/strong> &#8211; que ver en Vara de Rey<\/h2>\n<p>De vuelta al Ayuntamiento tomamos la calle por detr\u00e1s de la plaza para ver que hab\u00eda por esta parte del pueblo, tras pasar por la biblioteca encontramos un enorme edificio se\u00f1orial, el <strong>Palacio del Marqu\u00e9s De Valdeguerrero<\/strong> (siglo XVI), llamativo es el remate de bolas a lo largo de todo el per\u00edmetro del patio a la calle. Aunque no vimos indicaci\u00f3n de que se pudiera visitar por dentro, ya que seguramente merece mucho la pena su visita.<\/p>\n<figure id=\"attachment_22726\" aria-describedby=\"caption-attachment-22726\" style=\"width: 675px\" class=\"wp-caption aligncenter\"><img data-recalc-dims=\"1\" loading=\"lazy\" decoding=\"async\" class=\"size-full wp-image-22726\" src=\"https:\/\/i0.wp.com\/www.rutasporespana.es\/blog\/wp-content\/uploads\/2023\/04\/Vara-de-Rey6-1.jpg?resize=675%2C450&#038;ssl=1\" alt=\"Palacio del Marqu\u00e9s De Valdeguerrero - Vara de Rey\" width=\"675\" height=\"450\" \/><figcaption id=\"caption-attachment-22726\" class=\"wp-caption-text\">Palacio del Marqu\u00e9s De Valdeguerrero &#8211; que ver en Vara de Rey<\/figcaption><\/figure>\n<h2><strong>Ermita Ntra. Sra. del Rosario<\/strong> &#8211; que ver en Vara de Rey<\/h2>\n<p>Seguimos avanzando y vemos las indicaciones de la <strong>ermita Ntra. Sra. del Rosario<\/strong> (siglo XVI), en el camino de entrada podemos ver varias esculturas en madera creadas con motosierra sobre los olmos enfermos de grafiosis, sorprendente el detalle de los animales teniendo en cuenta que se ha tallado con una motosierra. Al final del camino la llamativa ermita, de planta rectangular con contrafuertes redondeados con pin\u00e1culos en las esquinas.<\/p>\n<figure id=\"attachment_22725\" aria-describedby=\"caption-attachment-22725\" style=\"width: 675px\" class=\"wp-caption aligncenter\"><img data-recalc-dims=\"1\" loading=\"lazy\" decoding=\"async\" class=\"size-full wp-image-22725\" src=\"https:\/\/i0.wp.com\/www.rutasporespana.es\/blog\/wp-content\/uploads\/2023\/04\/Vara-de-Rey5-1.jpg?resize=675%2C450&#038;ssl=1\" alt=\"Ermita Ntra. Sra. del Rosario- que ver en Vara de Rey\" width=\"675\" height=\"450\" \/><figcaption id=\"caption-attachment-22725\" class=\"wp-caption-text\">Ermita Ntra. Sra. del Rosario &#8211; que ver en Vara de Rey<\/figcaption><\/figure>\n<figure id=\"attachment_22724\" aria-describedby=\"caption-attachment-22724\" style=\"width: 675px\" class=\"wp-caption aligncenter\"><img data-recalc-dims=\"1\" loading=\"lazy\" decoding=\"async\" class=\"size-full wp-image-22724\" src=\"https:\/\/i0.wp.com\/www.rutasporespana.es\/blog\/wp-content\/uploads\/2023\/04\/Vara-de-Rey4-1.jpg?resize=675%2C450&#038;ssl=1\" alt=\"Ermita Ntra. Sra. del Rosario- que ver en Vara de Rey\" width=\"675\" height=\"450\" \/><figcaption id=\"caption-attachment-22724\" class=\"wp-caption-text\">Ermita Ntra. Sra. del Rosario &#8211; que ver en Vara de Rey<\/figcaption><\/figure>\n<h2><strong>Iglesia de Ntra. Sra. de la Asunci\u00f3n &#8211; que ver en Vara de Rey<\/strong><\/h2>\n<p>Ya por \u00faltimos nos dirigimos a la <strong>iglesia parroquial de Ntra. Sra. de la Asunci\u00f3n<\/strong> (siglo XVI), obra inacabada, ya que tiene cabecera, crucero y tres naves iniciadas pero sin terminar de construir. Si te has fijado en los siglos de construcci\u00f3n de todos los edificios coinciden en el siglo XVI, \u00e9poca de mayor producci\u00f3n de la cantera de Vara de Rey, est\u00e1 claro que la extracci\u00f3n de la piedra para la construcci\u00f3n de edificios en la comarca, tambi\u00e9n sirvi\u00f3 para la construcci\u00f3n de los propios. Estaba claro que la novela solo pod\u00eda empezar en una de las canteras m\u00e1s importantes de la comarca.<\/p>\n<figure id=\"attachment_22729\" aria-describedby=\"caption-attachment-22729\" style=\"width: 675px\" class=\"wp-caption aligncenter\"><img data-recalc-dims=\"1\" loading=\"lazy\" decoding=\"async\" class=\"size-full wp-image-22729\" src=\"https:\/\/i0.wp.com\/www.rutasporespana.es\/blog\/wp-content\/uploads\/2023\/04\/Vara-de-Rey3-1.jpg?resize=675%2C450&#038;ssl=1\" alt=\"Iglesia parroquial de Ntra. Sra. de la Asunci\u00f3n- que ver en Vara de Rey\" width=\"675\" height=\"450\" \/><figcaption id=\"caption-attachment-22729\" class=\"wp-caption-text\">Iglesia parroquial de Ntra. Sra. de la Asunci\u00f3n &#8211; que ver en Vara de Rey<\/figcaption><\/figure>\n<p>Ya se nos hizo la hora de la presentaci\u00f3n, as\u00ed que nos qued\u00f3 pendiente visitar sus <strong>dos pedan\u00edas<\/strong> (Villar de Cantos y El Simarro), ver alguno de los <strong>bombos<\/strong> de pastores y el resto de la <strong>v\u00eda romana<\/strong> que todav\u00eda se conserva en su t\u00e9rmino. Pero eso ser\u00e1 para otra ocasi\u00f3n.<br \/>\n<iframe loading=\"lazy\" src=\"https:\/\/www.google.com\/maps\/d\/u\/0\/embed?mid=1bkf7c6RPwunSs9lCfFqFIhndHsL0EmA&amp;ehbc=2E312F\" width=\"650\" height=\"480\"><span style=\"display: inline-block; width: 0px; overflow: hidden; line-height: 0;\" data-mce-type=\"bookmark\" class=\"mce_SELRES_start\">\ufeff<\/span><\/iframe><\/p>\n<div class=\"caja-info\">\n<h2 class=\"info\">M\u00e1s informaci\u00f3n sobre que ver en Vara de Rey<\/h2>\n<p>Ayuntamiento de Vara de Rey: <a href=\"https:\/\/www.varaderey.es\" target=\"_blank\" rel=\"nofollow noopener\">https:\/\/www.varaderey.es<\/a><\/p>\n<h2 class=\"comida\">D\u00f3nde dormir en Vara de Rey<\/h2>\n<p>Si quiere recorrer esta comarca y descubrir sus bonitos pueblos, aqu\u00ed puedes encontrar tu alojamiento ideal:<\/p>\n<ul>\n<li><a href=\"https:\/\/booking.stay22.com\/rutasporespana\/bo8gO_gdrB\" target=\"_blank\" rel=\"nofollow noopener sponsored\">Hoteles y casas rurales en la Comarca del Z\u00e1ncara<\/a><\/li>\n<\/ul>\n<\/div>\n<h2>Tambi\u00e9n te puede interesar\u2026<\/h2>\n<p>Si quieres descubrir m\u00e1s rincones interesante de Cuenca. Aqu\u00ed tienes algunas propuestas:<\/p>\n<ul>\n<li><a title=\"que ver cuenca\" href=\"https:\/\/www.rutasporespana.es\/blog\/15-lugares-imprescindible-que-ver-cuenca\/\" target=\"_blank\" rel=\"noopener noreferrer\">La Ciudad Encantada<\/a><\/li>\n<li><a href=\"https:\/\/www.rutasporespana.es\/blog\/ruta-por-provincia-cuenca-lagunas-canada-de-hoyo\/\" target=\"_blank\" rel=\"noopener noreferrer\">Lagunas de Ca\u00f1ada de Hoyo<\/a><\/li>\n<li><a href=\"https:\/\/www.rutasporespana.es\/blog\/los-10-pueblos-mas-bonitos-provincia-cuenca\/\" target=\"_blank\" rel=\"noopener noreferrer\">Los 10 pueblos m\u00e1s bonitos de la provincia de Cuenca<\/a><\/li>\n<li><a href=\"https:\/\/www.rutasporespana.es\/blog\/ruta-por-provincia-de-cuenca-que-ver-en-el-provencio\/\" target=\"_blank\" rel=\"noopener noreferrer\">El Provencio<\/a><\/li>\n<li><a href=\"https:\/\/www.rutasporespana.es\/blog\/que-ver-en-buendia-ruta-de-las-caras\/\" target=\"_blank\" rel=\"noopener noreferrer\">Buend\u00eda y la ruta de las Caras<\/a><\/li>\n<li><a href=\"https:\/\/www.rutasporespana.es\/blog\/parque-arqueologico-segobriga\/\" target=\"_blank\" rel=\"noopener noreferrer\">Seg\u00f3briga<\/a><\/li>\n<li><a href=\"https:\/\/www.rutasporespana.es\/blog\/que-ver-alarcon\/\" target=\"_blank\" rel=\"noopener noreferrer\">Alarc\u00f3n<\/a><\/li>\n<li><a href=\"https:\/\/www.rutasporespana.es\/blog\/recorriendo-ruta-quijote-que-ver-en-belmonte\/\">Belmonte<\/a><\/li>\n<li><a href=\"https:\/\/www.rutasporespana.es\/blog\/que-ver-en-ucles\/\" target=\"_blank\" rel=\"noopener noreferrer\">Ucl\u00e9s<\/a><\/li>\n<li><a href=\"https:\/\/www.rutasporespana.es\/blog\/ruta-por-la-provincia-de-cuenca-que-ver-en-huete\/\" target=\"_blank\" rel=\"noopener noreferrer\">Huete<\/a><\/li>\n<li><a href=\"https:\/\/www.rutasporespana.es\/blog\/ruta-por-la-provincia-de-cuenca-que-ver-en-san-clemente\/\" target=\"_blank\" rel=\"noopener noreferrer\">San Clemente<\/a><\/li>\n<li><a href=\"https:\/\/www.rutasporespana.es\/blog\/ruta-por-la-provincia-de-cuenca-que-ver-en-villanueva-de-la-jara\/\" target=\"_blank\" rel=\"noopener\">Villanueva de la Jara<\/a><\/li>\n<li><a href=\"https:\/\/www.rutasporespana.es\/blog\/ruta-por-la-manchuela-que-ver-en-iniesta\/\" target=\"_blank\" rel=\"noopener\">Iniesta<\/a><\/li>\n<li><a href=\"https:\/\/www.rutasporespana.es\/blog\/la-mancha-conquense-pedernoso\/\" target=\"_blank\" rel=\"noopener\">El Pedernoso<\/a><\/li>\n<\/ul>\n<hr \/>\n<p><em>Los costes de este blog se sufragan mediante enlaces de afiliaci\u00f3n, que hacen que ganemos una peque\u00f1a comisi\u00f3n si reservas alg\u00fan producto a trav\u00e9s de los mismos. No tiene ning\u00fan coste adicional para ti y los enlaces solo son a sitios que recomendamos y que hemos utilizado nosotros mismos.<\/em><\/p>\n","protected":false},"excerpt":{"rendered":"<div class=\"mh-excerpt\"><p>Hoy empezamos un recorrido por los pueblos m\u00e1s bonitos de la Comarca del Z\u00e1ncara, una regi\u00f3n de la provincia de Cuenca poco conocida por el <a class=\"mh-excerpt-more\" href=\"https:\/\/www.rutasporespana.es\/blog\/que-ver-en-vara-de-rey\/\" title=\"Qu\u00e9 ver en Vara de Rey, ruta por la Comarca del Z\u00e1ncara\">[&#8230;]<\/a><\/p>\n<\/div>","protected":false},"author":1,"featured_media":22730,"comment_status":"open","ping_status":"open","sticky":false,"template":"","format":"standard","meta":{"_jetpack_memberships_contains_paid_content":false,"footnotes":"","jetpack_publicize_message":"","jetpack_publicize_feature_enabled":true,"jetpack_social_post_already_shared":true,"jetpack_social_options":{"image_generator_settings":{"template":"highway","default_image_id":0,"font":"","enabled":false},"version":2}},"categories":[11,153],"tags":[74],"class_list":["post-22711","post","type-post","status-publish","format-standard","has-post-thumbnail","hentry","category-castilla-la-mancha","category-cuenca","tag-pueblos-con-encanto"],"aioseo_notices":[],"jetpack_publicize_connections":[],"jetpack_featured_media_url":"https:\/\/i0.wp.com\/www.rutasporespana.es\/blog\/wp-content\/uploads\/2023\/04\/Vara-de-Rey-1.jpg?fit=675%2C480&ssl=1","jetpack_sharing_enabled":true,"_links":{"self":[{"href":"https:\/\/www.rutasporespana.es\/blog\/wp-json\/wp\/v2\/posts\/22711","targetHints":{"allow":["GET"]}}],"collection":[{"href":"https:\/\/www.rutasporespana.es\/blog\/wp-json\/wp\/v2\/posts"}],"about":[{"href":"https:\/\/www.rutasporespana.es\/blog\/wp-json\/wp\/v2\/types\/post"}],"author":[{"embeddable":true,"href":"https:\/\/www.rutasporespana.es\/blog\/wp-json\/wp\/v2\/users\/1"}],"replies":[{"embeddable":true,"href":"https:\/\/www.rutasporespana.es\/blog\/wp-json\/wp\/v2\/comments?post=22711"}],"version-history":[{"count":0,"href":"https:\/\/www.rutasporespana.es\/blog\/wp-json\/wp\/v2\/posts\/22711\/revisions"}],"wp:featuredmedia":[{"embeddable":true,"href":"https:\/\/www.rutasporespana.es\/blog\/wp-json\/wp\/v2\/media\/22730"}],"wp:attachment":[{"href":"https:\/\/www.rutasporespana.es\/blog\/wp-json\/wp\/v2\/media?parent=22711"}],"wp:term":[{"taxonomy":"category","embeddable":true,"href":"https:\/\/www.rutasporespana.es\/blog\/wp-json\/wp\/v2\/categories?post=22711"},{"taxonomy":"post_tag","embeddable":true,"href":"https:\/\/www.rutasporespana.es\/blog\/wp-json\/wp\/v2\/tags?post=22711"}],"curies":[{"name":"wp","href":"https:\/\/api.w.org\/{rel}","templated":true}]}}