{"id":22280,"date":"2022-09-07T18:30:13","date_gmt":"2022-09-07T16:30:13","guid":{"rendered":"https:\/\/www.rutasporespana.es\/blog\/?p=22280"},"modified":"2025-10-06T12:47:18","modified_gmt":"2025-10-06T10:47:18","slug":"recorriendo-la-nacional-301-desde-ocana-a-la-roda","status":"publish","type":"post","link":"https:\/\/www.rutasporespana.es\/blog\/recorriendo-la-nacional-301-desde-ocana-a-la-roda\/","title":{"rendered":"Recorriendo la Nacional 301 desde Oca\u00f1a a La Roda"},"content":{"rendered":"<p>Hoy hacemos un recorrido por la <strong>Nacional 301<\/strong>, una de las carreteras m\u00e1s transitadas anta\u00f1o durante los meses de verano cuando las familias madrile\u00f1as cog\u00edan el seiscientos y cargaba todo el equipaje y toda la familia para sus vacaciones en las costas de <a href=\"https:\/\/www.rutasporespana.es\/blog\/que-ver-en-murcia\/\" target=\"_blank\" rel=\"noopener\">Murcia<\/a> y <a href=\"https:\/\/www.rutasporespana.es\/blog\/lugares-con-encanto-costa-blanca-que-ver-alicante\/\" target=\"_blank\" rel=\"noopener\">Alicante<\/a>.<\/p>\n<p>Las nuevas autov\u00edas y autopistas de peaje han reducido el tr\u00e1nsito por esta carretera a la que hoy en d\u00eda principalmente es usado por camiones y como conexi\u00f3n con los pueblos de la zona. As\u00ed que es una ruta ideal para recorrer tranquilamente y descubrir alguno de los <a href=\"https:\/\/www.rutasporespana.es\/blog\/20-pueblos-mas-bonitos-castilla-la-mancha\/\" target=\"_blank\" rel=\"noopener\">bonitos pueblos castellano-manchegos<\/a> y murcianos, e incluso vivir la aventura en moto, visitando tiendas como <a href=\"https:\/\/mundimoto.com\/es\" target=\"_blank\" rel=\"noopener\">https:\/\/mundimoto.com\/es<\/a>, ya que aqu\u00ed se encuentra la recta m\u00e1s larga de Espa\u00f1a situada entre El Provencio (<a href=\"https:\/\/www.rutasporespana.es\/blog\/15-lugares-imprescindible-que-ver-cuenca\/\" target=\"_blank\" rel=\"noopener\">Cuenca<\/a>) y Minaya (Albacete), con una longitud de 23 kil\u00f3metros.<\/p>\n<p><!--more--><\/p>\n<p>As\u00ed que s\u00edguenos en este recorrido por la N-301 emulando a la m\u00edtica Ruta 66 pero por tierra castellano-manchegas.<\/p>\n<h3>Oca\u00f1a &#8211; viaje por la Nacional 301<\/h3>\n<p>La N-301 comienza en la localidad toledana de <a href=\"https:\/\/www.rutasporespana.es\/blog\/lugares-de-leyenda-de-la-villa-de-ocana-que-ver-en-ocana\/\" target=\"_blank\" rel=\"noopener\"><strong>Oca\u00f1a<\/strong><\/a>, en el comienzo de la Avenida del Parque. Aqu\u00ed comenzamos la primera parada importante ya que en esta localidad encontramos una de las plazas mayores m\u00e1s bonitas de la ruta. Oca\u00f1a esta declara Conjunto Hist\u00f3rico-Art\u00edstico y aqu\u00ed ver\u00e1s entre otros, su <strong>Plaza Mayor<\/strong> construida a finales del siglo XVIII de estilo barroco donde destaca por sus soportales. La <strong>Fuente Grande<\/strong>, construida a finales del siglo XVI, de estilo herreriano. El <strong>Palacio de C\u00e1rdenas<\/strong>, de finales del siglo XV en estilo de transici\u00f3n g\u00f3tico-renacentista.<\/p>\n<figure id=\"attachment_17095\" aria-describedby=\"caption-attachment-17095\" style=\"width: 675px\" class=\"wp-caption aligncenter\"><img data-recalc-dims=\"1\" loading=\"lazy\" decoding=\"async\" class=\"size-full wp-image-17095\" src=\"https:\/\/i0.wp.com\/www.rutasporespana.es\/blog\/wp-content\/uploads\/2016\/09\/Plaza-Ocana.jpg?resize=675%2C450&#038;ssl=1\" alt=\"Plaza de Mayor de Oca\u00f1a\" width=\"675\" height=\"450\" \/><figcaption id=\"caption-attachment-17095\" class=\"wp-caption-text\">Plaza de Mayor de Oca\u00f1a &#8211; viaje por la Nacional 301<\/figcaption><\/figure>\n<p>Tampoco os pod\u00e9is perder el impresionante <strong>Teatro de Lope de Vega<\/strong> del siglo XVI en estilo renacentista. Por su altura tambi\u00e9n destaca la <strong>Torre de la antigua Iglesia de San Mart\u00edn<\/strong> plateresco del siglo XV. En cuanto a edificios religiosos, tenemos la <strong>Iglesia de San Juan Bautista<\/strong> construida en el siglo XIII sobre una antigua sinagoga, de estilos g\u00f3tico y mud\u00e9jar, restaurada en el siglo XV. Por otra parte la <strong>Iglesia de Santa Mar\u00eda de la Asunci\u00f3n<\/strong> del siglo XVIII de estilo neocl\u00e1sico sobre una antigua mezquita. Y por \u00faltimo una serie de conventos. El <strong>Convento de Santo Domingo de Guzm\u00e1n<\/strong>, construido entre los siglos XVI y XVII, de estilo renacentista. El <strong>Convento de Santa Catalina de Siena<\/strong>, del siglo XVI, de estilo renacentista. Y por \u00faltimo el <strong>Convento de San Jos\u00e9<\/strong> del siglo XVI en estilo renacentista.<\/p>\n<figure id=\"attachment_17094\" aria-describedby=\"caption-attachment-17094\" style=\"width: 675px\" class=\"wp-caption aligncenter\"><img data-recalc-dims=\"1\" loading=\"lazy\" decoding=\"async\" class=\"size-full wp-image-17094\" src=\"https:\/\/i0.wp.com\/www.rutasporespana.es\/blog\/wp-content\/uploads\/2016\/09\/rollo-jurisdicional.jpg?resize=675%2C458&#038;ssl=1\" alt=\"Teatro Lope de Vega y rollo jurisdiccional - Oca\u00f1a\" width=\"675\" height=\"458\" \/><figcaption id=\"caption-attachment-17094\" class=\"wp-caption-text\">Teatro Lope de Vega y rollo jurisdiccional de Oca\u00f1a &#8211; viaje por la Nacional 301<\/figcaption><\/figure>\n<h3>Corral de Almaguer &#8211; viaje por la Nacional 301<\/h3>\n<p>Pasado el km 77 tomamos el desv\u00edo a la izquierda en direcci\u00f3n Villatobas \/ Villarubia de Santiago \/ CM-3001 para atravesar la poblaci\u00f3n de <strong>Villatobas<\/strong> e incorporarse nuevamente a la N-301 a la salida de la poblaci\u00f3n.<\/p>\n<p>Justo en el km 99 has de tomar el desv\u00edo de la izquierda direcci\u00f3n Centro Urbano para atravesar la poblaci\u00f3n de <strong>Corral de Almaguer<\/strong> por la Calle Real. Hacemos un alto en el camino para visitar su <strong>plaza Mayor<\/strong> presidida por el <strong>Ayuntamiento<\/strong> de estilo neocl\u00e1sico y atribuido a Ventura Rodr\u00edguez, el edificio del <strong>P\u00f3sito<\/strong> y varias casas solariegas pertenecientes a los hidalgos que habitaron la villa. Tambi\u00e9n de Ventura Rodriguez es la <strong>Casa de Postas, <\/strong>adem\u00e1s encontramos \u00a0otras casas interesantes como la <strong>Casa de las Higueras<\/strong>, barroca del siglo XVII, la <strong>Casa Barreda<\/strong>, edificio del siglo XVIII levantado en torno a un patio con columnas y la <strong>Casa Chac\u00f3n<\/strong> de estilo renacentista.<\/p>\n<figure id=\"attachment_22282\" aria-describedby=\"caption-attachment-22282\" style=\"width: 675px\" class=\"wp-caption aligncenter\"><img data-recalc-dims=\"1\" loading=\"lazy\" decoding=\"async\" class=\"size-full wp-image-22282\" src=\"https:\/\/i0.wp.com\/www.rutasporespana.es\/blog\/wp-content\/uploads\/2022\/09\/Corral-Almaguer3.jpg?resize=675%2C450&#038;ssl=1\" alt=\"Corral de Almaguer\" width=\"675\" height=\"450\" \/><figcaption id=\"caption-attachment-22282\" class=\"wp-caption-text\">Corral de Almaguer &#8211; viaje por la Nacional 301<\/figcaption><\/figure>\n<p>En cuantos edificios religiosos tenemos la <strong>Iglesia Parroquial de la Asunci\u00f3n<\/strong> (siglo XVI) de estilo g\u00f3tico-plateresco formada por tres naves cubiertas por b\u00f3vedas de ca\u00f1\u00f3n y de crucer\u00eda. El <strong>Monasterio de San Jos\u00e9<\/strong> (siglo XVII) construcci\u00f3n barroca perteneciente a las Franciscanas Descalzas. Por otro lado, la <strong>Ermita de San Sebasti\u00e1n<\/strong> es tambi\u00e9n del siglo XVII. Adem\u00e1s, tambi\u00e9n resulta imprescindible la <strong>Ermita de la Virgen de la Muela<\/strong> renacentista que guarda en su interior una imagen de la Virgen realizada en alabastro y cuya fecha es anterior al siglo XIII.<\/p>\n<figure id=\"attachment_22281\" aria-describedby=\"caption-attachment-22281\" style=\"width: 675px\" class=\"wp-caption aligncenter\"><img data-recalc-dims=\"1\" loading=\"lazy\" decoding=\"async\" class=\"size-full wp-image-22281\" src=\"https:\/\/i0.wp.com\/www.rutasporespana.es\/blog\/wp-content\/uploads\/2022\/09\/Corral-Almaguer2.jpg?resize=675%2C450&#038;ssl=1\" alt=\"Corral de Almaguer\" width=\"675\" height=\"450\" \/><figcaption id=\"caption-attachment-22281\" class=\"wp-caption-text\">Corral de Almaguer &#8211; viaje por la Nacional 301<\/figcaption><\/figure>\n<h3>Quintanar de la Orden &#8211; viaje por la Nacional 301<\/h3>\n<p>Justo antes del km 119 toma el desv\u00edo a la derecha direcci\u00f3n <a href=\"https:\/\/www.rutasporespana.es\/blog\/que-ver-en-quintana-orden\/\" target=\"_blank\" rel=\"noopener\">Quintanar de la Orden<\/a> \/ CM-310\/ Villanueva de Alcardete y en las siguientes dos rotondas sigue direcci\u00f3n Quintanar de la Orden. Llegamos a esta importante poblaci\u00f3n cuyo casco hist\u00f3rico se articula alrededor dela plaza de la Constituci\u00f3n presidido por su <strong>Ayuntamiento<\/strong> de estilo modernista. Enfrente se encuentra la <strong>iglesia parroquial de Santiago de la Espada<\/strong> de estilo del g\u00f3tico con elementos renacentistas. Y la sede de la Oficina de turismo en la <strong>Casa de Piedra<\/strong>, un palacio blasonado del siglo XVII.<\/p>\n<figure id=\"attachment_22245\" aria-describedby=\"caption-attachment-22245\" style=\"width: 675px\" class=\"wp-caption aligncenter\"><img data-recalc-dims=\"1\" loading=\"lazy\" decoding=\"async\" class=\"size-full wp-image-22245\" src=\"https:\/\/i0.wp.com\/www.rutasporespana.es\/blog\/wp-content\/uploads\/2022\/08\/QuintanarOrden6.jpg?resize=675%2C450&#038;ssl=1\" alt=\"Ayuntamiento - Quintanar de la Orden\" width=\"675\" height=\"450\" \/><figcaption id=\"caption-attachment-22245\" class=\"wp-caption-text\">Ayuntamiento de Quintanar de la Orden &#8211; viaje por la Nacional 301<\/figcaption><\/figure>\n<p>En edificios religiosos destaca el <strong>Santuario de Nuestra Se\u00f1ora de la Piedad<\/strong>, situado en la antigua juder\u00eda, construido sobre lo que fue una sinagoga. La de <strong>San Ant\u00f3n<\/strong> en el barrio del mismo nombre, la de <strong>San Sebasti\u00e1n<\/strong> en el conocido barrio del Toledillo (antiguo barrio morisco) y la <strong>ermita de Santa Ana<\/strong>, esta \u00faltima cercana al rollo de justicia.<\/p>\n<figure id=\"attachment_22252\" aria-describedby=\"caption-attachment-22252\" style=\"width: 675px\" class=\"wp-caption aligncenter\"><img data-recalc-dims=\"1\" loading=\"lazy\" decoding=\"async\" class=\"size-full wp-image-22252\" src=\"https:\/\/i0.wp.com\/www.rutasporespana.es\/blog\/wp-content\/uploads\/2022\/08\/QuintanarOrden12.jpg?resize=675%2C450&#038;ssl=1\" alt=\"Ermita de San Sebasti\u00e1n - Quintanar de la Orden\" width=\"675\" height=\"450\" \/><figcaption id=\"caption-attachment-22252\" class=\"wp-caption-text\">Ermita de San Sebasti\u00e1n de Quintanar de la Orden &#8211; viaje por la Nacional 301<\/figcaption><\/figure>\n<h3>Mota del Cuervo &#8211; viaje por la Nacional 301<\/h3>\n<p>Justo en el km 138 tomamos el desv\u00edo a la derecha direcci\u00f3n <a href=\"https:\/\/www.rutasporespana.es\/blog\/ruta-de-los-molinos-de-viento-manchegos\/\" target=\"_blank\" rel=\"noopener\"><strong>Mota del Cuervo<\/strong><\/a>, conocido por el <strong>balc\u00f3n de La Mancha<\/strong> donde se encuentra su molinar formado por 7 molinos. Bajando al pueblo encontramos el <strong>Pozo de la Nieve<\/strong> donde se almacenaba la nieve para su uso en verano. El famoso <strong>Barrio de las Cantarer\u00edas<\/strong> donde se fabricaba los cantaros para la recogida del agua. Su <strong>Plaza Mayor<\/strong>, donde encontramos el Ayuntamiento y el edificio de los juzgados. Y la Plaza Cervantes, antigua plaza del mercado.<\/p>\n<figure id=\"attachment_22284\" aria-describedby=\"caption-attachment-22284\" style=\"width: 675px\" class=\"wp-caption aligncenter\"><img data-recalc-dims=\"1\" loading=\"lazy\" decoding=\"async\" class=\"size-full wp-image-22284\" src=\"https:\/\/i0.wp.com\/www.rutasporespana.es\/blog\/wp-content\/uploads\/2022\/09\/Mota-Cuervo2.jpg?resize=675%2C450&#038;ssl=1\" alt=\"Plaza Mayor Mota del Cuervo\" width=\"675\" height=\"450\" \/><figcaption id=\"caption-attachment-22284\" class=\"wp-caption-text\">Plaza Mayor Mota del Cuervo &#8211; viaje por la Nacional 301<\/figcaption><\/figure>\n<p>El templo principal es la <strong>Iglesia parroquial San Miguel Arc\u00e1ngel<\/strong>, que se empez\u00f3 a construir en el siglo XV. En cuanto a ermitas podemos destacar la <strong>Ermita del Valle<\/strong> situada en el barrio de los cantareros y la <strong>Ermita de Nuestra Se\u00f1ora de Manjavacas<\/strong> situada en la en la Carretera de las Mesas y dedicada a la patrona de la localidad. Sin olvidar el <strong>Convento del Verdinal<\/strong>, antiguo Convento de Trinitario del que se dice que estuvo Cervantes.<\/p>\n<figure id=\"attachment_22283\" aria-describedby=\"caption-attachment-22283\" style=\"width: 675px\" class=\"wp-caption aligncenter\"><img data-recalc-dims=\"1\" loading=\"lazy\" decoding=\"async\" class=\"size-full wp-image-22283\" src=\"https:\/\/i0.wp.com\/www.rutasporespana.es\/blog\/wp-content\/uploads\/2022\/09\/Mota-Cuervo3.jpg?resize=675%2C450&#038;ssl=1\" alt=\"Molinos Mota del Cuervo\" width=\"675\" height=\"450\" \/><figcaption id=\"caption-attachment-22283\" class=\"wp-caption-text\">Molinos Mota del Cuervo &#8211; viaje por la Nacional 301<\/figcaption><\/figure>\n<h3>Las Pedro\u00f1eras &#8211; viaje por la Nacional 301<\/h3>\n<p>Proseguimos hasta el km 158 donde tomamos el desv\u00edo a la derecha direcci\u00f3n <strong>Las Pedro\u00f1eras<\/strong> para atravesar la poblaci\u00f3n no sin antes hacer la parada obligada a su <strong>museo del ajo<\/strong>, ya que nos encontramos en la cuna de uno de los mejores de ajos de Espa\u00f1a, y desde hace unos a\u00f1os cuenta con su propio museo donde conocer este producto.<\/p>\n<h3>El Provencio &#8211; viaje por la Nacional 301<\/h3>\n<p>El siguiente pueblo en nuestro recorrido es <a href=\"https:\/\/www.rutasporespana.es\/blog\/ruta-por-provincia-de-cuenca-que-ver-en-el-provencio\/\" target=\"_blank\" rel=\"noopener\">El Provencio<\/a> famoso por su Feria Internacional del C\u00f3mic que ha dado origen a dos movimientos \u00fanico, por un lado su ruta de arte urbano con <strong>m\u00e1s de 50 murales dedicados al mundo del c\u00f3mic<\/strong> y su <strong>museo del c\u00f3mic<\/strong>, \u00fanico museo de estas caracter\u00edsticas en Castilla La Mancha y el tercero en Espa\u00f1a. Adem\u00e1s podemos visitar su <strong>Iglesia de Nuestra Se\u00f1ora de la Asunci\u00f3n<\/strong>, su <strong>bodega-museo del Doctor Plaza<\/strong>, el <strong>Aula del Paleol\u00edtico<\/strong> y su <strong>museo Etnogr\u00e1fico<\/strong>.<\/p>\n<figure id=\"attachment_17747\" aria-describedby=\"caption-attachment-17747\" style=\"width: 675px\" class=\"wp-caption aligncenter\"><img data-recalc-dims=\"1\" loading=\"lazy\" decoding=\"async\" class=\"size-full wp-image-17747\" src=\"https:\/\/i0.wp.com\/www.rutasporespana.es\/blog\/wp-content\/uploads\/2017\/10\/El-Provencio9.jpg?resize=675%2C450&#038;ssl=1\" alt=\"Murales de Arte Urbano - El Provencio\" width=\"675\" height=\"450\" \/><figcaption id=\"caption-attachment-17747\" class=\"wp-caption-text\">Murales de Arte Urbano de El Provencio &#8211; viaje por la Nacional 301<\/figcaption><\/figure>\n<figure id=\"attachment_17746\" aria-describedby=\"caption-attachment-17746\" style=\"width: 675px\" class=\"wp-caption aligncenter\"><img data-recalc-dims=\"1\" loading=\"lazy\" decoding=\"async\" class=\"size-full wp-image-17746\" src=\"https:\/\/i0.wp.com\/www.rutasporespana.es\/blog\/wp-content\/uploads\/2017\/10\/El-Provencio8.jpg?resize=675%2C450&#038;ssl=1\" alt=\"Murales de Arte Urbano - El Provencio\" width=\"675\" height=\"450\" \/><figcaption id=\"caption-attachment-17746\" class=\"wp-caption-text\">Murales de Arte Urbano de El Provencio- viaje por la Nacional 301<\/figcaption><\/figure>\n<p>A la salida de El Provencio nos contaremos con una de las curiosidades de la ruta ya que desde aqu\u00ed hasta Minaya situada a 23 kil\u00f3metros se encuentra la recta m\u00e1s larga de Espa\u00f1a, donde podr\u00e1s sacarle todo el partido a tu <a href=\"https:\/\/mundimoto.com\/es\/motos-segunda-mano-ocasion\">moto de segunda mano<\/a>.<\/p>\n<p><strong>La Roda &#8211; viaje por la Nacional 301<\/strong><\/p>\n<p>Tras cruzar Minaya entraremos a la provincia de Albacete para terminar en <a href=\"https:\/\/www.rutasporespana.es\/blog\/ruta-por-la-provincia-de-albacete-que-ver-en-la-roda\/\" target=\"_blank\" rel=\"noopener\"><strong>La Roda<\/strong><\/a>, final de nuestro recorrido pero que continuaremos en un pr\u00f3ximo post hasta terminar la N-301 en <a href=\"https:\/\/www.rutasporespana.es\/blog\/que-ver-en-cartagena-murcia-en-un-dia\/\" target=\"_blank\" rel=\"noopener\">Cartagena<\/a>. Para terminar en La Roda nada mejor que hacer una parada en la <strong>pasteler\u00eda La Moderna<\/strong>, parada obligada para aquellas familias que se dirig\u00edan a las costas de levante y Murcia, y que tras repostar en la gasolinera pasaban para comprar sus famosos <strong>Miguelitos<\/strong> que tanta fama han dado a la localidad.<\/p>\n<figure id=\"attachment_12750\" aria-describedby=\"caption-attachment-12750\" style=\"width: 675px\" class=\"wp-caption aligncenter\"><img data-recalc-dims=\"1\" loading=\"lazy\" decoding=\"async\" class=\"size-full wp-image-12750\" src=\"https:\/\/i0.wp.com\/www.rutasporespana.es\/blog\/wp-content\/uploads\/2019\/05\/Iglesia-Salvador.jpg?resize=675%2C450&#038;ssl=1\" alt=\"Iglesia del Salvador - La Roda\" width=\"675\" height=\"450\" \/><figcaption id=\"caption-attachment-12750\" class=\"wp-caption-text\">Iglesia del Salvador de La Roda &#8211; viaje por la Nacional 301<\/figcaption><\/figure>\n<p>Tras tomar un caf\u00e9 con unos miguelitos, date una vuelta por su casco urbano, donde ver\u00e1s su <strong>iglesia parroquial de El Salvador<\/strong> que aparece en todas las cajas de Miguelitos, y unas cuantas casas se\u00f1oriales como la <strong>Esquina de Alca\u00f1abate<\/strong><strong>, la<\/strong><strong> Casa del Inquisidor <\/strong><strong>o el <\/strong><strong>Palacio del Doctor de La Encina.<\/strong><\/p>\n<figure id=\"attachment_18083\" aria-describedby=\"caption-attachment-18083\" style=\"width: 675px\" class=\"wp-caption aligncenter\"><img data-recalc-dims=\"1\" loading=\"lazy\" decoding=\"async\" class=\"size-full wp-image-18083\" src=\"https:\/\/i0.wp.com\/www.rutasporespana.es\/blog\/wp-content\/uploads\/2019\/10\/La-Roda5.jpg?resize=675%2C453&#038;ssl=1\" alt=\"Palacio del Doctor de La Encina - La Roda\" width=\"675\" height=\"453\" \/><figcaption id=\"caption-attachment-18083\" class=\"wp-caption-text\">Palacio del Doctor de La Encina de La Roda &#8211; viaje por la Nacional 301<\/figcaption><\/figure>\n<p>Y aqu\u00ed terminamos la primera parte de nuestro viaje por la N-301, en el pr\u00f3ximo post recorreremos el tramo que falta de <a href=\"https:\/\/www.rutasporespana.es\/blog\/ruta-por-la-provincia-albacete-que-ver-en-albacete\/\" target=\"_blank\" rel=\"noopener\">Albacete<\/a> y Murcia para terminar en la ciudad de Cartagena. Esperamos que os anim\u00e9is a recorrer la ruta y que nos cont\u00e9is la experiencia en los comentarios.<\/p>\n","protected":false},"excerpt":{"rendered":"<div class=\"mh-excerpt\"><p>Hoy hacemos un recorrido por la Nacional 301, una de las carreteras m\u00e1s transitadas anta\u00f1o durante los meses de verano cuando las familias madrile\u00f1as cog\u00edan <a class=\"mh-excerpt-more\" href=\"https:\/\/www.rutasporespana.es\/blog\/recorriendo-la-nacional-301-desde-ocana-a-la-roda\/\" title=\"Recorriendo la Nacional 301 desde Oca\u00f1a a La Roda\">[&#8230;]<\/a><\/p>\n<\/div>","protected":false},"author":1,"featured_media":22285,"comment_status":"open","ping_status":"open","sticky":false,"template":"","format":"standard","meta":{"_jetpack_memberships_contains_paid_content":false,"footnotes":"","jetpack_publicize_message":"","jetpack_publicize_feature_enabled":true,"jetpack_social_post_already_shared":true,"jetpack_social_options":{"image_generator_settings":{"template":"highway","default_image_id":0,"font":"","enabled":false},"version":2}},"categories":[11],"tags":[74],"class_list":["post-22280","post","type-post","status-publish","format-standard","has-post-thumbnail","hentry","category-castilla-la-mancha","tag-pueblos-con-encanto"],"aioseo_notices":[],"jetpack_publicize_connections":[],"jetpack_featured_media_url":"https:\/\/i0.wp.com\/www.rutasporespana.es\/blog\/wp-content\/uploads\/2022\/09\/Nacional-301.jpg?fit=675%2C480&ssl=1","jetpack_sharing_enabled":true,"_links":{"self":[{"href":"https:\/\/www.rutasporespana.es\/blog\/wp-json\/wp\/v2\/posts\/22280","targetHints":{"allow":["GET"]}}],"collection":[{"href":"https:\/\/www.rutasporespana.es\/blog\/wp-json\/wp\/v2\/posts"}],"about":[{"href":"https:\/\/www.rutasporespana.es\/blog\/wp-json\/wp\/v2\/types\/post"}],"author":[{"embeddable":true,"href":"https:\/\/www.rutasporespana.es\/blog\/wp-json\/wp\/v2\/users\/1"}],"replies":[{"embeddable":true,"href":"https:\/\/www.rutasporespana.es\/blog\/wp-json\/wp\/v2\/comments?post=22280"}],"version-history":[{"count":0,"href":"https:\/\/www.rutasporespana.es\/blog\/wp-json\/wp\/v2\/posts\/22280\/revisions"}],"wp:featuredmedia":[{"embeddable":true,"href":"https:\/\/www.rutasporespana.es\/blog\/wp-json\/wp\/v2\/media\/22285"}],"wp:attachment":[{"href":"https:\/\/www.rutasporespana.es\/blog\/wp-json\/wp\/v2\/media?parent=22280"}],"wp:term":[{"taxonomy":"category","embeddable":true,"href":"https:\/\/www.rutasporespana.es\/blog\/wp-json\/wp\/v2\/categories?post=22280"},{"taxonomy":"post_tag","embeddable":true,"href":"https:\/\/www.rutasporespana.es\/blog\/wp-json\/wp\/v2\/tags?post=22280"}],"curies":[{"name":"wp","href":"https:\/\/api.w.org\/{rel}","templated":true}]}}