{"id":21430,"date":"2021-01-28T18:30:51","date_gmt":"2021-01-28T17:30:51","guid":{"rendered":"https:\/\/www.rutasporespana.es\/blog\/?p=21430"},"modified":"2025-08-14T09:45:20","modified_gmt":"2025-08-14T07:45:20","slug":"10-cosas-que-ver-y-hacer-vitoria-gasteiz-en-un-dia","status":"publish","type":"post","link":"https:\/\/www.rutasporespana.es\/blog\/10-cosas-que-ver-y-hacer-vitoria-gasteiz-en-un-dia\/","title":{"rendered":"10 cosas que ver y hacer en Vitoria-Gasteiz en un d\u00eda"},"content":{"rendered":"<p>Hoy os proponemos una escapada por la capital alavesa, que cuenta con un precioso casco hist\u00f3rico que nada tiene que envidiar a otras capitales vascas. Si cuentas con poco tiempo para la visita a la ciudad, os proponemos una lista de imprescindibles para que no te pierdas lo m\u00e1s importante de la ciudad.<\/p>\n<p>Sin m\u00e1s, comenzamos nuestra lista con las <strong>10 cosas que ver y hacer en Vitoria-Gasteiz en un d\u00eda<\/strong>.<br \/>\n<!--more--><\/p>\n<h2><span style=\"font-size: 45px; margin: 0 9px 0 0; padding: 0 13px 0 0;\">1<\/span>La Catedral Nueva<\/h2>\n<hr \/>\n<p>En el ensanche de la ciudad, al lado del Parque de La Florida, se encuentra la <strong>Catedral Nueva<\/strong> <strong>de Mar\u00eda Inmaculada <\/strong>(siglo XX). Tras la catedral de Sevilla, es la segunda iglesia m\u00e1s grande de Espa\u00f1a.<\/p>\n<p>Se trata de un templo de estilo neog\u00f3tico que destaca por su riqueza escult\u00f3rica exterior. En el interior se encuentra el <strong>Museo Diocesano de Arte Sacro de \u00c1lava<\/strong>, que re\u00fane una interesante colecci\u00f3n de patrimonio religioso, adem\u00e1s de cuadros de Ribera y Giordano y varias esculturas policromadas medievales.<\/p>\n<figure id=\"attachment_14395\" aria-describedby=\"caption-attachment-14395\" style=\"width: 675px\" class=\"wp-caption aligncenter\"><img data-recalc-dims=\"1\" loading=\"lazy\" decoding=\"async\" class=\"wp-image-14395 size-full\" src=\"https:\/\/i0.wp.com\/www.rutasporespana.es\/blog\/wp-content\/uploads\/2017\/07\/Catedral-Nueva-Vitoria.jpg?resize=675%2C450&#038;ssl=1\" alt=\"Catedral Nueva - Vitoria\" width=\"675\" height=\"450\" \/><figcaption id=\"caption-attachment-14395\" class=\"wp-caption-text\">Catedral Nueva &#8211; Vitoria<\/figcaption><\/figure>\n<p><strong>Horario de visita:<\/strong> de lunes a s\u00e1bado de 11:00 a 14:00.<\/p>\n<h2><span style=\"font-size: 45px; margin: 0 9px 0 0; padding: 0 13px 0 0;\">2<\/span>La Plaza Vieja y la Plaza Nueva<\/h2>\n<hr \/>\n<p>Entramos en el casco hist\u00f3rico por la <strong>Plaza de la Virgen Blanca<\/strong> o Plaza Vieja, un gran espacio abierto en cuyo centro se alza el Monumento a la Batalla de Vitoria, y a un lado, la escultura con el nombre de la ciudad en honor a su t\u00edtulo como Capital Verde Europea.<\/p>\n<figure id=\"attachment_15146\" aria-describedby=\"caption-attachment-15146\" style=\"width: 675px\" class=\"wp-caption aligncenter\"><img data-recalc-dims=\"1\" loading=\"lazy\" decoding=\"async\" class=\"size-full wp-image-15146\" src=\"https:\/\/i0.wp.com\/www.rutasporespana.es\/blog\/wp-content\/uploads\/2017\/07\/Plaza-Virgen-Blanca-1.jpg?resize=675%2C450&#038;ssl=1\" alt=\"Cartel Vitoria-Gasteiz\" width=\"675\" height=\"450\" \/><figcaption id=\"caption-attachment-15146\" class=\"wp-caption-text\">Cartel Vitoria-Gasteiz<\/figcaption><\/figure>\n<p>Es un punto de encuentro entre turistas y locales, rodeada de casas de fachadas blancas y balcones llamativos. Por su derecha, accedemos a la porticada <strong>Plaza de Espa\u00f1a<\/strong> de estilo neocl\u00e1sico, tambi\u00e9n llamada la \u201cPlaza Nueva\u201d presidido por el <strong>Ayuntamiento<\/strong>. Por la entrada opuesta podemos llegar a la <strong>Plaza de los Fueros<\/strong>, dise\u00f1ada por <strong>Eduardo Chillida<\/strong> en los a\u00f1os 80.<\/p>\n<figure id=\"attachment_14400\" aria-describedby=\"caption-attachment-14400\" style=\"width: 675px\" class=\"wp-caption aligncenter\"><img data-recalc-dims=\"1\" loading=\"lazy\" decoding=\"async\" class=\"size-full wp-image-14400\" src=\"https:\/\/i0.wp.com\/www.rutasporespana.es\/blog\/wp-content\/uploads\/2017\/07\/Plaza-Espana-Vitoria.jpg?resize=675%2C456&#038;ssl=1\" alt=\"Plaza de Espa\u00f1a de Vitoria\" width=\"675\" height=\"456\" \/><figcaption id=\"caption-attachment-14400\" class=\"wp-caption-text\">Plaza de Espa\u00f1a de Vitoria<\/figcaption><\/figure>\n<blockquote><p><em>Si buscas un alojamiento para tu escapada por Vitoria-Gasteiz te recomendamos los <\/em><a href=\"https:\/\/www.staylibere.com\/es\/\"><em>apartahoteles L\u00edbere<\/em><\/a><em>, situados a tan solo 5 min del Casco Viejo.<\/em><\/p><\/blockquote>\n<p>Volviendo a la Plaza de la Virgen Blanca, cruzaremos por los <strong>Arquillos<\/strong> (siglo XVIII), un paseo porticado que conecta la parte nueva con el casco antiguo.<\/p>\n<figure id=\"attachment_14401\" aria-describedby=\"caption-attachment-14401\" style=\"width: 675px\" class=\"wp-caption aligncenter\"><img data-recalc-dims=\"1\" loading=\"lazy\" decoding=\"async\" class=\"size-full wp-image-14401\" src=\"https:\/\/i0.wp.com\/www.rutasporespana.es\/blog\/wp-content\/uploads\/2017\/07\/Los-Arquillos.jpg?resize=675%2C450&#038;ssl=1\" alt=\"Los Arquillos - Vitoria\" width=\"675\" height=\"450\" \/><figcaption id=\"caption-attachment-14401\" class=\"wp-caption-text\">Los Arquillos &#8211; Vitoria<\/figcaption><\/figure>\n<h2><span style=\"font-size: 45px; margin: 0 9px 0 0; padding: 0 13px 0 0;\">3<\/span>La plaza del Machete<\/h2>\n<hr \/>\n<p>Otro de los rincones medievales que visitar en Vitoria es la Plaza del Machete, situada a pocos metros de la Plaza de la Virgen Blanca. Aqu\u00ed encontramos la <strong>iglesia de San Miguel Arc\u00e1ngel<\/strong> (siglo XIV-XVII), en cuya entrada se encuentra la imagen de la Virgen Blanca, patrona de la ciudad. En su interior destaca el magn\u00edfico retablo mayor barroco, obra de Gregorio Fern\u00e1ndez. Tambi\u00e9n hay que recordar que aqu\u00ed se realiza la fiesta de Celed\u00f3n en el que cada 4 de Agosto baja desde la torre hasta la Plaza de la Virgen Blanca.<\/p>\n<figure id=\"attachment_15145\" aria-describedby=\"caption-attachment-15145\" style=\"width: 675px\" class=\"wp-caption aligncenter\"><img data-recalc-dims=\"1\" loading=\"lazy\" decoding=\"async\" class=\"size-full wp-image-15145\" src=\"https:\/\/i0.wp.com\/www.rutasporespana.es\/blog\/wp-content\/uploads\/2017\/07\/iglesia-Miguel-Arcangel.jpg?resize=675%2C450&#038;ssl=1\" alt=\"iglesia de San Miguel Arc\u00e1ngel - Vitoria\" width=\"675\" height=\"450\" \/><figcaption id=\"caption-attachment-15145\" class=\"wp-caption-text\">iglesia de San Miguel Arc\u00e1ngel &#8211; Vitoria<\/figcaption><\/figure>\n<p>En la misma plaza tenemos el <strong>Palacio de Villasuso<\/strong> con su gran galer\u00eda abierta debajo de su techo. En su interior hay un magn\u00edfico tapiz flamenco del siglo XVI que representa la huida de Eneas y su familia de Troya.<\/p>\n<p>Y finalmente en el otro extremo de la plaza, cierra el recinto la <strong>iglesia de San Vicente M\u00e1rtir<\/strong> (finales del siglo XV) de estilo g\u00f3tico, edificada sobre los restos de un castillo medieval. En su interior hay un retablo churrigueresco y se puede ascender a su torre neobizantina de 54 metros de alto.<\/p>\n<h2><span style=\"font-size: 45px; margin: 0 9px 0 0; padding: 0 13px 0 0;\">4<\/span>Palacio Escoriaza Esquivel<\/h2>\n<hr \/>\n<p>Siguiendo la calle Fray Zacar\u00edas Mart\u00ednez, podemos ver alguno de los tramos de la <strong>antigua<\/strong> <strong>murallas<\/strong> (siglo XI) adem\u00e1s de un nevero. Al final del tramo de la muralla junto a una de las puertas de entrada, tenemos el <strong>Palacio Escoriaza Esquivel<\/strong> (siglo XVI) con su patio porticado y su portada. Lo construy\u00f3 Fern\u00e1n L\u00f3pez de Escoriaza, m\u00e9dico de Catalina de Arag\u00f3n y de su esposo el rey Enrique VIII de Inglaterra, tambi\u00e9n lo fue del Emperador Carlos V.<\/p>\n<figure id=\"attachment_14403\" aria-describedby=\"caption-attachment-14403\" style=\"width: 675px\" class=\"wp-caption aligncenter\"><img data-recalc-dims=\"1\" loading=\"lazy\" decoding=\"async\" class=\"size-full wp-image-14403\" src=\"https:\/\/i0.wp.com\/www.rutasporespana.es\/blog\/wp-content\/uploads\/2017\/07\/Palacio-Escoriaza-Esquivel.jpg?resize=675%2C450&#038;ssl=1\" alt=\"Palacio Escoriaza Esquivel - Vitoria\" width=\"675\" height=\"450\" \/><figcaption id=\"caption-attachment-14403\" class=\"wp-caption-text\">Palacio Escoriaza Esquivel &#8211; Vitoria<\/figcaption><\/figure>\n<h2><span style=\"font-size: 45px; margin: 0 9px 0 0; padding: 0 13px 0 0;\">5<\/span>Catedral Vieja de Santa Mar\u00eda<\/h2>\n<hr \/>\n<p>Nos dirigimos hacia uno de los edificios m\u00e1s grandes del casco antiguo, la <strong>Catedral Vieja de Santa Mar\u00eda<\/strong> (siglos XIII-XV) de estilo g\u00f3tico sobre una construcci\u00f3n anterior rom\u00e1nica. La \u00faltima reforma que se hizo en los a\u00f1os 60, provoc\u00f3 que los defectos de la Catedral se acentuaran provocando que en 1994 se cierre por peligro de derrumben.<\/p>\n<figure id=\"attachment_14405\" aria-describedby=\"caption-attachment-14405\" style=\"width: 675px\" class=\"wp-caption aligncenter\"><img data-recalc-dims=\"1\" loading=\"lazy\" decoding=\"async\" class=\"size-full wp-image-14405\" src=\"https:\/\/i0.wp.com\/www.rutasporespana.es\/blog\/wp-content\/uploads\/2017\/07\/Catedral-Vieja-Vitoria.jpg?resize=675%2C450&#038;ssl=1\" alt=\"Catedral Vieja de Vitoria\" width=\"675\" height=\"450\" \/><figcaption id=\"caption-attachment-14405\" class=\"wp-caption-text\">Catedral Vieja de Vitoria<\/figcaption><\/figure>\n<p>Para su restauraci\u00f3n se crea la Fundaci\u00f3n Catedral de Vitoria cuyo plan director ha sido galardonado con el <strong>Premio Europa Nostra 2002<\/strong>, y entre sus medidas fue la creaci\u00f3n de un innovador programa tur\u00edstico, denominado \u201cAbierto por Obras\u201d, el cual permite visitar el templo en las diferentes fases de su rehabilitaci\u00f3n, y cuyos ingresos se dedican a la propia restauraci\u00f3n.<\/p>\n<figure id=\"attachment_15142\" aria-describedby=\"caption-attachment-15142\" style=\"width: 675px\" class=\"wp-caption aligncenter\"><img data-recalc-dims=\"1\" loading=\"lazy\" decoding=\"async\" class=\"size-full wp-image-15142\" src=\"https:\/\/i0.wp.com\/www.rutasporespana.es\/blog\/wp-content\/uploads\/2017\/07\/Mapping-Catedral.jpg?resize=675%2C450&#038;ssl=1\" alt=\"Mapping de la Catedral de Vitoria\" width=\"675\" height=\"450\" \/><figcaption id=\"caption-attachment-15142\" class=\"wp-caption-text\">Mapping de la Catedral de Vitoria<\/figcaption><\/figure>\n<p><em>Desde la <\/em><a href=\"https:\/\/www.catedralvitoria.eus\/\" target=\"_blank\" rel=\"noopener noreferrer\"><em>p\u00e1gina web<\/em><\/a><em> de la fundaci\u00f3n podemos reservar la visita que se limita a grupos de 15 personas donde podremos visitar la Catedral, subir a la torre o recorrer las murallas medievales.<\/em><\/p>\n<h2><span style=\"font-size: 45px; margin: 0 9px 0 0; padding: 0 13px 0 0;\">6<\/span>Museos de Vitoria-Gasteiz<\/h2>\n<hr \/>\n<p>Si quieres visitar alguno de los museos de la ciudad, te recomendamos tres de ellos. Caminando por la calle cuchiller\u00eda llegaremos al palacio Benda\u00f1a sede del <strong>Museo Fournier<\/strong>, que alberga una extens\u00edsima colecci\u00f3n de barajas de todo el mundo donadas por la familia Heraclio Fournier, fundado de una de la empresas de fabricaci\u00f3n de naipes m\u00e1s importantes del mundo. Integrando el conjunto se encuentra <a href=\"https:\/\/turismo.euskadi.eus\/es\/museos\/museo-bibat\/webtur00-content\/es\/\" target=\"_blank\" rel=\"noopener noreferrer\"><strong>BIBAT<\/strong><\/a>, el Museo de Arqueolog\u00eda de Vitoria.<\/p>\n<figure id=\"attachment_14408\" aria-describedby=\"caption-attachment-14408\" style=\"width: 675px\" class=\"wp-caption aligncenter\"><img data-recalc-dims=\"1\" loading=\"lazy\" decoding=\"async\" class=\"size-full wp-image-14408\" src=\"https:\/\/i0.wp.com\/www.rutasporespana.es\/blog\/wp-content\/uploads\/2017\/07\/Museo-BIBAT.jpg?resize=675%2C450&#038;ssl=1\" alt=\"Museo BIBAT -Vitoria\" width=\"675\" height=\"450\" \/><figcaption id=\"caption-attachment-14408\" class=\"wp-caption-text\">Museo BIBAT -Vitoria<\/figcaption><\/figure>\n<p>En el ensanche situado al \u00e9ste del casco viejo se encuentra <strong>Artium<\/strong>, Museo Vasco de Arte Contempor\u00e1neo. Exhibe en su interior una de las mejores colecciones de arte moderno y contempor\u00e1neo de Espa\u00f1a con obras de Pablo Picasso, Joan Mir\u00f3, Salvador Dal\u00ed, Jorge Oteiza, Carlos Saura o Miquel Barcel\u00f3.<\/p>\n<figure id=\"attachment_14409\" aria-describedby=\"caption-attachment-14409\" style=\"width: 675px\" class=\"wp-caption aligncenter\"><img data-recalc-dims=\"1\" loading=\"lazy\" decoding=\"async\" class=\"size-full wp-image-14409\" src=\"https:\/\/i0.wp.com\/www.rutasporespana.es\/blog\/wp-content\/uploads\/2017\/07\/Artium.jpg?resize=675%2C450&#038;ssl=1\" alt=\"Artium - Vitoria\" width=\"675\" height=\"450\" \/><figcaption id=\"caption-attachment-14409\" class=\"wp-caption-text\">Artium &#8211; Vitoria<\/figcaption><\/figure>\n<p>Y por \u00faltimo en el bonito Palacio Augustin-Zulueta, tambi\u00e9n tenemos el <strong>Museo de Bellas Artes de \u00c1lava<\/strong> en un palacete neorrenacentista de principios del siglo XX, dedicado al arte espa\u00f1ol de los siglos XVIII y XIX y al arte vasco.<\/p>\n<h2><span style=\"font-size: 45px; margin: 0 9px 0 0; padding: 0 13px 0 0;\">7<\/span>Ruta de Pintxos<\/h2>\n<hr \/>\n<p>Tras la visita a los museos nada mejor que disfrutar de la gastronom\u00eda local, y de la tradici\u00f3n conocida en el Pa\u00eds Vasco como el pintxo-pote. Consiste en ir de bar en bar probando alguno de los pintxos que ponen en las barras acompa\u00f1ados de una cerveza o una copa de vino.<\/p>\n<p>Si quer\u00e9is comer de pinchos, dar un paseo por las calles del casco antiguo donde ten\u00e9is el JG, Erkiaga, La Malquerida o Tolo\u00f1o. Y si queremos en mesa y mantel, las mejores zonas son en los aleda\u00f1os de la plaza de la Virgen Blanca y de la Catedral Vieja, aqu\u00ed tenemos restaurante como el Ikea, El Portal\u00f3n, Querida Mar\u00eda, Zabala o Kaskagorri.<\/p>\n<h2><span style=\"font-size: 45px; margin: 0 9px 0 0; padding: 0 13px 0 0;\">8<\/span>Ruta de los murales<\/h2>\n<hr \/>\n<p>Otra de las mejores cosas que hacer en Vitoria es realizar la ruta de los murales por el casco antiguo, conocido como <a href=\"http:\/\/www.muralismopublico.com\" target=\"_blank\" rel=\"noopener noreferrer\"><strong>Itinerario Muralistico de Vitoria Gasteiz<\/strong><\/a> (IMVG). Consiste en diferentes murales repartidos por el casto hist\u00f3rico creados como un movimiento colectivo entre artistas y vecinos de la ciudad.<\/p>\n<figure id=\"attachment_15143\" aria-describedby=\"caption-attachment-15143\" style=\"width: 675px\" class=\"wp-caption aligncenter\"><img data-recalc-dims=\"1\" loading=\"lazy\" decoding=\"async\" class=\"size-full wp-image-15143\" src=\"https:\/\/i0.wp.com\/www.rutasporespana.es\/blog\/wp-content\/uploads\/2017\/07\/Arte-Urbano-Vitoria.jpg?resize=675%2C450&#038;ssl=1\" alt=\"Arte Urbano de Vitoria-Gasteiz\" width=\"675\" height=\"450\" \/><figcaption id=\"caption-attachment-15143\" class=\"wp-caption-text\">Arte Urbano de Vitoria-Gasteiz<\/figcaption><\/figure>\n<h2><span style=\"font-size: 45px; margin: 0 9px 0 0; padding: 0 13px 0 0;\">9<\/span>Plaza de la Buruller\u00eda<\/h2>\n<hr \/>\n<p>Desde la Catedral de Santa Mar\u00eda bajamos a la bonita <strong>Plaza del Buruller\u00eda<\/strong>. Antigua necr\u00f3polis medieval, esta plaza est\u00e1 rodeada por impresionantes edificios medievales como el Portal\u00f3n (siglo XV), la Casa Armera de los Gobeo-Guevara y San Juan (siglo XVI) y la Torre de los Hurtado de Anda, una de las construcciones m\u00e1s antiguas y que formaba parte del sistema defensivo de la ciudad.<\/p>\n<figure id=\"attachment_14407\" aria-describedby=\"caption-attachment-14407\" style=\"width: 675px\" class=\"wp-caption aligncenter\"><img data-recalc-dims=\"1\" loading=\"lazy\" decoding=\"async\" class=\"size-full wp-image-14407\" src=\"https:\/\/i0.wp.com\/www.rutasporespana.es\/blog\/wp-content\/uploads\/2017\/07\/El-Portalon.jpg?resize=675%2C450&#038;ssl=1\" alt=\"El Portal\u00f3n - Vitoria\" width=\"675\" height=\"450\" \/><figcaption id=\"caption-attachment-14407\" class=\"wp-caption-text\">El Portal\u00f3n &#8211; Vitoria<\/figcaption><\/figure>\n<p>Como curiosidad encontramos la <strong>estatua de Ken Follet<\/strong>, que seg\u00fan cuentan, se inspir\u00f3 en la catedral y sus problemas estructurales para escribir su libro \u201cUn mundo sin fin\u201d.<\/p>\n<figure id=\"attachment_14406\" aria-describedby=\"caption-attachment-14406\" style=\"width: 675px\" class=\"wp-caption aligncenter\"><img data-recalc-dims=\"1\" loading=\"lazy\" decoding=\"async\" class=\"size-full wp-image-14406\" src=\"https:\/\/i0.wp.com\/www.rutasporespana.es\/blog\/wp-content\/uploads\/2017\/07\/Estatua-ken-Follen.jpg?resize=675%2C450&#038;ssl=1\" alt=\"Estatua de Ken Follen - Vitoria\" width=\"675\" height=\"450\" \/><figcaption id=\"caption-attachment-14406\" class=\"wp-caption-text\">Estatua de Ken Follen &#8211; Vitoria<\/figcaption><\/figure>\n<h2><span style=\"font-size: 45px; margin: 0 9px 0 0; padding: 0 13px 0 0;\">10<\/span>Un paseo por el Anillo Verde<\/h2>\n<hr \/>\n<p>Y terminamos de vuelta al Parque de La Florida donde comienza el Anillo Verde que ha convertido la ciudad en la Capital Verde Europea en 2012. A pocos metros, en el mismo parque, se localiza el edificio del <strong>Parlamento Vasco<\/strong>. Siguiendo el paseo de la Senda con sus \u00e1rboles gigantes. Tras cruzar por debajo de las v\u00edas del tren, llegamos al paseo de Fray Francisco de Vitoria, lleno de <strong>edificios modernistas y casoplones<\/strong>.<\/p>\n<figure id=\"attachment_14394\" aria-describedby=\"caption-attachment-14394\" style=\"width: 675px\" class=\"wp-caption aligncenter\"><img data-recalc-dims=\"1\" loading=\"lazy\" decoding=\"async\" class=\"size-full wp-image-14394\" src=\"https:\/\/i0.wp.com\/www.rutasporespana.es\/blog\/wp-content\/uploads\/2017\/07\/anillo-verde.jpg?resize=675%2C450&#038;ssl=1\" alt=\"Anillo verde - Vitoria\" width=\"675\" height=\"450\" \/><figcaption id=\"caption-attachment-14394\" class=\"wp-caption-text\">Anillo verde &#8211; Vitoria<\/figcaption><\/figure>\n<p>Tambi\u00e9n tenemos el <strong>Museo de Bellas Artes de \u00c1lava<\/strong> en un palacete neorrenacentista de principios del siglo XX, el <strong>Palacio de Ajuria<\/strong> <strong>Enea<\/strong> residencia de los Lehendakari y al lado el <strong>Museo de la Armer\u00eda<\/strong> con una buena selecci\u00f3n de piezas de este arte industrial, que tanta importancia tuvo en la econom\u00eda vasca hasta el siglo XX.<\/p>\n<figure id=\"attachment_14397\" aria-describedby=\"caption-attachment-14397\" style=\"width: 675px\" class=\"wp-caption aligncenter\"><img data-recalc-dims=\"1\" loading=\"lazy\" decoding=\"async\" class=\"size-full wp-image-14397\" src=\"https:\/\/i0.wp.com\/www.rutasporespana.es\/blog\/wp-content\/uploads\/2017\/07\/Palacio-Ajuria-Enea.jpg?resize=675%2C450&#038;ssl=1\" alt=\"Palacio Ajuria Enea - Vitoria\" width=\"675\" height=\"450\" \/><figcaption id=\"caption-attachment-14397\" class=\"wp-caption-text\">Palacio Ajuria Enea &#8211; Vitoria<\/figcaption><\/figure>\n<p>Y tras el paseo terminamos nuestra ruta por los <strong>10 rincones que ver en Vitoria-Gasteiz<\/strong>, esperamos que los disfrut\u00e9is.<br \/>\n<iframe loading=\"lazy\" src=\"https:\/\/www.google.com\/maps\/d\/embed?mid=19DabgleeFl6nhfuNmWBiVPv6xQs\" width=\"675\" height=\"500\"><span style=\"display: inline-block; width: 0px; overflow: hidden; line-height: 0;\" data-mce-type=\"bookmark\" class=\"mce_SELRES_start\">\ufeff<\/span><\/iframe><\/p>\n<div class=\"caja-info\">\n<h3 class=\"info\">M\u00e1s informaci\u00f3n<\/h3>\n<p>Turismo Vitoria-Gasteiz: <a href=\"https:\/\/turismovasco.com\/araba\/que-ver-araba\/que-ver-vitoria-gasteiz\/\" target=\"_blank\" rel=\"noopener noreferrer\">https:\/\/turismovasco.com\/araba\/que-ver-araba\/que-ver-vitoria-gasteiz\/<\/a><\/p>\n<\/div>\n<h3>Tambi\u00e9n te puede interesar&#8230;<\/h3>\n<ul>\n<li><a href=\"https:\/\/www.rutasporespana.es\/blog\/visitando-san-sebastian-en-un-dia-que-ver-en-san-sebastian\/\" target=\"_blank\" rel=\"noopener noreferrer\">Ruta por el Pa\u00eds Vasco: \u00bfQu\u00e9 ver en San Sebasti\u00e1n?<\/a><\/li>\n<li><a href=\"https:\/\/www.rutasporespana.es\/blog\/que-ver-en-bilbao-en-dos-dias\/\" target=\"_blank\" rel=\"noopener noreferrer\">Ruta por el Pa\u00eds Vasco: \u00bfQu\u00e9 ver en Bilbao?<\/a><\/li>\n<li><a href=\"https:\/\/www.rutasporespana.es\/blog\/planes-de-semana-santa-pasion-viviente-de-balmaseda\/\" target=\"_blank\" rel=\"noopener noreferrer\">Fiestas por Espa\u00f1a: Pasi\u00f3n Viviente de Balmaseda<\/a><\/li>\n<li><a href=\"https:\/\/www.rutasporespana.es\/blog\/ruta-por-la-rioja-alavesa-que-ver-en-labastida\/\" target=\"_blank\" rel=\"noopener noreferrer\">Ruta por La Rioja Alavesa: \u00bfQu\u00e9 ver en Labastida?<\/a><\/li>\n<li><a href=\"https:\/\/www.rutasporespana.es\/blog\/ruta-por-rioja-alavesa-que-ver-en-elciego\/\" target=\"_blank\" rel=\"noopener noreferrer\">Ruta por La Rioja Alavesa: \u00bfQu\u00e9 ver en Elciego?<\/a><\/li>\n<li><a href=\"https:\/\/www.rutasporespana.es\/blog\/ruta-por-la-rioja-alavesa-que-ver-en-laguardia\/\" target=\"_blank\" rel=\"noopener noreferrer\">Ruta por La Rioja Alavesa: \u00bfQu\u00e9 ver en Laguardia?<\/a><\/li>\n<li><a href=\"https:\/\/www.rutasporespana.es\/blog\/ruta-del-vino-visita-a-la-bodega-marques-de-riscal\/\" target=\"_blank\" rel=\"noopener noreferrer\">Ruta del vino: visita a la bodega Marqu\u00e9s de Riscal<\/a><\/li>\n<\/ul>\n<hr \/>\n<p><em>Los costes de este blog se sufragan mediante enlaces de afiliaci\u00f3n, que hacen que ganemos una peque\u00f1a comisi\u00f3n si reservas alg\u00fan producto a trav\u00e9s de los mismos. No tiene ning\u00fan coste adicional para ti y los enlaces solo son a sitios que recomendamos y que hemos utilizado nosotros mismos.<\/em><\/p>\n","protected":false},"excerpt":{"rendered":"<div class=\"mh-excerpt\"><p>Hoy os proponemos una escapada por la capital alavesa, que cuenta con un precioso casco hist\u00f3rico que nada tiene que envidiar a otras capitales vascas. <a class=\"mh-excerpt-more\" href=\"https:\/\/www.rutasporespana.es\/blog\/10-cosas-que-ver-y-hacer-vitoria-gasteiz-en-un-dia\/\" title=\"10 cosas que ver y hacer en Vitoria-Gasteiz en un d\u00eda\">[&#8230;]<\/a><\/p>\n<\/div>","protected":false},"author":1,"featured_media":21432,"comment_status":"open","ping_status":"open","sticky":false,"template":"","format":"standard","meta":{"_jetpack_memberships_contains_paid_content":false,"footnotes":"","jetpack_publicize_message":"","jetpack_publicize_feature_enabled":true,"jetpack_social_post_already_shared":true,"jetpack_social_options":{"image_generator_settings":{"template":"highway","default_image_id":0,"font":"","enabled":false},"version":2}},"categories":[172,143],"tags":[99],"class_list":["post-21430","post","type-post","status-publish","format-standard","has-post-thumbnail","hentry","category-alava","category-euskadi","tag-ciudad-monumental"],"aioseo_notices":[],"jetpack_publicize_connections":[],"jetpack_featured_media_url":"https:\/\/i0.wp.com\/www.rutasporespana.es\/blog\/wp-content\/uploads\/2021\/01\/10-Vitoria-Gasteiz.jpg?fit=675%2C480&ssl=1","jetpack_sharing_enabled":true,"_links":{"self":[{"href":"https:\/\/www.rutasporespana.es\/blog\/wp-json\/wp\/v2\/posts\/21430","targetHints":{"allow":["GET"]}}],"collection":[{"href":"https:\/\/www.rutasporespana.es\/blog\/wp-json\/wp\/v2\/posts"}],"about":[{"href":"https:\/\/www.rutasporespana.es\/blog\/wp-json\/wp\/v2\/types\/post"}],"author":[{"embeddable":true,"href":"https:\/\/www.rutasporespana.es\/blog\/wp-json\/wp\/v2\/users\/1"}],"replies":[{"embeddable":true,"href":"https:\/\/www.rutasporespana.es\/blog\/wp-json\/wp\/v2\/comments?post=21430"}],"version-history":[{"count":0,"href":"https:\/\/www.rutasporespana.es\/blog\/wp-json\/wp\/v2\/posts\/21430\/revisions"}],"wp:featuredmedia":[{"embeddable":true,"href":"https:\/\/www.rutasporespana.es\/blog\/wp-json\/wp\/v2\/media\/21432"}],"wp:attachment":[{"href":"https:\/\/www.rutasporespana.es\/blog\/wp-json\/wp\/v2\/media?parent=21430"}],"wp:term":[{"taxonomy":"category","embeddable":true,"href":"https:\/\/www.rutasporespana.es\/blog\/wp-json\/wp\/v2\/categories?post=21430"},{"taxonomy":"post_tag","embeddable":true,"href":"https:\/\/www.rutasporespana.es\/blog\/wp-json\/wp\/v2\/tags?post=21430"}],"curies":[{"name":"wp","href":"https:\/\/api.w.org\/{rel}","templated":true}]}}