{"id":21075,"date":"2021-02-18T18:30:23","date_gmt":"2021-02-18T17:30:23","guid":{"rendered":"https:\/\/www.rutasporespana.es\/blog\/?p=21075"},"modified":"2025-09-24T21:00:48","modified_gmt":"2025-09-24T19:00:48","slug":"ruta-por-provincia-soria-que-ver-en-chaorna","status":"publish","type":"post","link":"https:\/\/www.rutasporespana.es\/blog\/ruta-por-provincia-soria-que-ver-en-chaorna\/","title":{"rendered":"Qu\u00e9 ver en Chaorna, un bonito pueblo de Soria"},"content":{"rendered":"<p>Hoy te contamos <strong>que ver en Chaorna<\/strong>, una peque\u00f1a aldea rodeada por uno de los sabinares m\u00e1s grandes de Europa y encajonada en una hoz del arroyo de Useca. Pese a su peque\u00f1o tama\u00f1o, su arquitectura y su entorno natural bien merecen una visita.<\/p>\n<p><!--more--><\/p>\n<h2>\u00bfC\u00f3mo llegar a Chaorna?<\/h2>\n<p>Podemos llegar a Chaorna desde <a href=\"https:\/\/www.rutasporespana.es\/blog\/que-ver-soria\/\" target=\"_blank\" rel=\"noopener\">Soria<\/a> a trav\u00e9s de la A-15 hasta Medinaceli. Desde aqu\u00ed tomamos la A-2 hasta Arcos de Jal\u00f3n. Y por \u00faltimo la SO-P-3008 hasta Chaorna.<\/p>\n<h2>\u00bfQu\u00e9 ver en Chaorna?<\/h2>\n<p>Esta peque\u00f1a poblaci\u00f3n, ya exist\u00eda en 1197, con el nombre de \u00abEcha Forma\u00bb. Aunque hay opiniones discrepantes sobre su origen, algunos establecen que su nombre es de origen vasco y que significa \u00abCasas en terrazas de piedra\u00bb.<\/p>\n<figure id=\"attachment_21084\" aria-describedby=\"caption-attachment-21084\" style=\"width: 675px\" class=\"wp-caption aligncenter\"><img data-recalc-dims=\"1\" loading=\"lazy\" decoding=\"async\" class=\"size-full wp-image-21084\" src=\"https:\/\/i0.wp.com\/www.rutasporespana.es\/blog\/wp-content\/uploads\/2020\/11\/Chaorna8.jpg?resize=675%2C450&#038;ssl=1\" alt=\"Chaorna\" width=\"675\" height=\"450\" \/><figcaption id=\"caption-attachment-21084\" class=\"wp-caption-text\">Arquitectura tradicional &#8211; que ver en Chaorna<\/figcaption><\/figure>\n<h2>Atalaya &#8211; que ver en Chaorna<\/h2>\n<p>Llegando a Chaorna nos recibe las ruinas de una torre o <strong>atalaya<\/strong> de origen isl\u00e1mico que se encuentra situado por encima de la llamada <strong>Cueva de la Mora<\/strong>. La torre se construy\u00f3 en el siglo XI en mamposter\u00eda con planta rectangular y muros de algo m\u00e1s de un metro de espesor, conservando una altura de unos 12 metros.<\/p>\n<figure id=\"attachment_21077\" aria-describedby=\"caption-attachment-21077\" style=\"width: 675px\" class=\"wp-caption aligncenter\"><img data-recalc-dims=\"1\" loading=\"lazy\" decoding=\"async\" class=\"size-full wp-image-21077\" src=\"https:\/\/i0.wp.com\/www.rutasporespana.es\/blog\/wp-content\/uploads\/2020\/11\/Chaorna6.jpg?resize=675%2C450&#038;ssl=1\" alt=\"Atalaya- que ver en Chaorna\" width=\"675\" height=\"450\" \/><figcaption id=\"caption-attachment-21077\" class=\"wp-caption-text\">Atalaya &#8211; que ver en Chaorna<\/figcaption><\/figure>\n<h2>Chimenea &#8211; que ver en Chaorna<\/h2>\n<p>Siguiendo la carretera dejamos el coche en el arc\u00e9n, ya que las calles empinadas y estrechas impiden el poder adentrarse m\u00e1s. Junto al improvisado aparcamiento encontramos los restos de una <strong>chimenea<\/strong> fabril de ladrillo.<\/p>\n<figure id=\"attachment_21080\" aria-describedby=\"caption-attachment-21080\" style=\"width: 675px\" class=\"wp-caption aligncenter\"><img data-recalc-dims=\"1\" loading=\"lazy\" decoding=\"async\" class=\"size-full wp-image-21080\" src=\"https:\/\/i0.wp.com\/www.rutasporespana.es\/blog\/wp-content\/uploads\/2020\/11\/Chaorna3.jpg?resize=675%2C450&#038;ssl=1\" alt=\"Chimenea- que ver en Chaorna\" width=\"675\" height=\"450\" \/><figcaption id=\"caption-attachment-21080\" class=\"wp-caption-text\">Chimenea &#8211; que ver en Chaorna<\/figcaption><\/figure>\n<h2>Iglesia de San Miguel Arc\u00e1ngel &#8211; que ver en Chaorna<\/h2>\n<p>Ascendiendo por este lado llegamos a la peque\u00f1a <strong>iglesia parroquial de San Miguel Arc\u00e1ngel<\/strong>, encajonada entre el abigarrado del caser\u00edo. El templo es de planta en forma de tau, construido en mamposter\u00eda con refuerzo de sillares en las esquinas. Posee una torre en espada\u00f1a con reloj. En su interior destaca una pila bautismal de 1559, un retablo del santo Cristo del siglo XVII y dos m\u00e1s del XVIII.<\/p>\n<figure id=\"attachment_21081\" aria-describedby=\"caption-attachment-21081\" style=\"width: 675px\" class=\"wp-caption aligncenter\"><img data-recalc-dims=\"1\" loading=\"lazy\" decoding=\"async\" class=\"size-full wp-image-21081\" src=\"https:\/\/i0.wp.com\/www.rutasporespana.es\/blog\/wp-content\/uploads\/2020\/11\/Chaorna4.jpg?resize=675%2C450&#038;ssl=1\" alt=\"Iglesia de San Miguel Arc\u00e1ngel- que ver en Chaorna\" width=\"675\" height=\"450\" \/><figcaption id=\"caption-attachment-21081\" class=\"wp-caption-text\">Iglesia de San Miguel Arc\u00e1ngel &#8211; que ver en Chaorna<\/figcaption><\/figure>\n<h2>Fuente &#8211; que ver en Chaorna<\/h2>\n<p>Volvemos a bajar para seguir la carretera hasta el final del pueblo, donde encontramos una curiosa <strong>fuente de piedra<\/strong>. Aunque tuvimos que preguntar para encontrarla, gracias eso, nos recomendaron tambi\u00e9n acercarnos a una <strong>cascada<\/strong> (Las Chorroneras) que hab\u00eda a unos metros a la salida del pueblo.<\/p>\n<figure id=\"attachment_21083\" aria-describedby=\"caption-attachment-21083\" style=\"width: 675px\" class=\"wp-caption aligncenter\"><img data-recalc-dims=\"1\" loading=\"lazy\" decoding=\"async\" class=\"size-full wp-image-21083\" src=\"https:\/\/i0.wp.com\/www.rutasporespana.es\/blog\/wp-content\/uploads\/2020\/11\/Chaorna7.jpg?resize=675%2C450&#038;ssl=1\" alt=\"Fuente- que ver en Chaorna\" width=\"675\" height=\"450\" \/><figcaption id=\"caption-attachment-21083\" class=\"wp-caption-text\">Fuente &#8211; que ver en Chaorna<\/figcaption><\/figure>\n<h2>Las Chorroneras &#8211; que ver en Chaorna<\/h2>\n<p>La cascada se accede a trav\u00e9s de un camino de la labor que se adentra por el cauce del r\u00edo hasta un salto de agua. El trayecto nos llevar\u00e1 unos minutos, as\u00ed que es una visita ideal para toda la familia.<\/p>\n<figure id=\"attachment_21085\" aria-describedby=\"caption-attachment-21085\" style=\"width: 675px\" class=\"wp-caption aligncenter\"><img data-recalc-dims=\"1\" loading=\"lazy\" decoding=\"async\" class=\"size-full wp-image-21085\" src=\"https:\/\/i0.wp.com\/www.rutasporespana.es\/blog\/wp-content\/uploads\/2020\/11\/Chaorna9.jpg?resize=675%2C450&#038;ssl=1\" alt=\"Las Chorroneras- que ver en Chaorna\" width=\"675\" height=\"450\" \/><figcaption id=\"caption-attachment-21085\" class=\"wp-caption-text\">Las Chorroneras &#8211; que ver en Chaorna<\/figcaption><\/figure>\n<figure id=\"attachment_21076\" aria-describedby=\"caption-attachment-21076\" style=\"width: 675px\" class=\"wp-caption aligncenter\"><img data-recalc-dims=\"1\" loading=\"lazy\" decoding=\"async\" class=\"size-full wp-image-21076\" src=\"https:\/\/i0.wp.com\/www.rutasporespana.es\/blog\/wp-content\/uploads\/2020\/11\/Chaorna10.jpg?resize=675%2C450&#038;ssl=1\" alt=\"Las Chorroneras- que ver en Chaorna\" width=\"675\" height=\"450\" \/><figcaption id=\"caption-attachment-21076\" class=\"wp-caption-text\">Las Chorroneras &#8211; que ver en Chaorna<\/figcaption><\/figure>\n<p>Para terminar os recomendamos tomar algunos de los caminos que asciendo a lo alto del pueblo para disfrutar de las vista del pueblos y de sus casas de piedra.<\/p>\n<figure id=\"attachment_21079\" aria-describedby=\"caption-attachment-21079\" style=\"width: 675px\" class=\"wp-caption aligncenter\"><img data-recalc-dims=\"1\" loading=\"lazy\" decoding=\"async\" class=\"size-full wp-image-21079\" src=\"https:\/\/i0.wp.com\/www.rutasporespana.es\/blog\/wp-content\/uploads\/2020\/11\/Chaorna2.jpg?resize=675%2C450&#038;ssl=1\" alt=\"Chaorna\" width=\"675\" height=\"450\" \/><figcaption id=\"caption-attachment-21079\" class=\"wp-caption-text\">Vistas &#8211; que ver en Chaorna<\/figcaption><\/figure>\n<p><iframe loading=\"lazy\" src=\"https:\/\/www.google.com\/maps\/d\/embed?mid=16MEHw2idlb5g5oZOBK4YoFEPW8qBQduf\" width=\"675\" height=\"500\"><\/iframe><\/p>\n<div class=\"caja-info\">\n<h2 class=\"comida\">D\u00f3nde comer<\/h2>\n<p>Por aqu\u00ed no vimos ning\u00fan bar ni restaurantes, as\u00ed que os recomendamos que volv\u00e1is hasta Arcos de Jal\u00f3n o Medinaceli para comer.<\/p>\n<h2 class=\"hotel\">D\u00f3nde dormir<\/h2>\n<p>Si quieres hacer una ruta por la parte sur de Soria con pueblos como Medinaceli, Rello o Chaorna, aqu\u00ed tienes los mejores alojamientos de la zona:<\/p>\n<ul>\n<li><a href=\"https:\/\/booking.stay22.com\/rutasporespana\/329MHPJRnS\">Ofertas de hostales y casas rurales cerca de Chaorna<\/a><\/li>\n<\/ul>\n<\/div>\n<h3>Tambi\u00e9n te puede interesar\u2026<\/h3>\n<p>Si quieres descubrir otros rincones de Soria. Aqu\u00ed tienes algunas propuestas:<\/p>\n<ul>\n<li><u><a href=\"https:\/\/www.rutasporespana.es\/blog\/ruta-por-la-provincia-de-soria-que-ver-en-el-burgo-de-osma\/\" target=\"_blank\" rel=\"noopener\">El Burgo de Osma<\/a><\/u><\/li>\n<li><u><a href=\"https:\/\/www.rutasporespana.es\/blog\/que-ver-en-moron-de-almazan\/\" target=\"_blank\" rel=\"noopener\">Mor\u00f3n de Almaz\u00e1n<\/a><\/u><\/li>\n<li><u><a href=\"https:\/\/www.rutasporespana.es\/blog\/ruta-por-provincia-soria-que-ver-en-rello\/\" target=\"_blank\" rel=\"noopener\">Rello<\/a><\/u><\/li>\n<li><u><a href=\"https:\/\/www.rutasporespana.es\/blog\/ruta-por-provincia-soria-que-ver-en-almazan\/\" target=\"_blank\" rel=\"noopener\">Almaz\u00e1n<\/a><\/u><\/li>\n<li><u><a href=\"https:\/\/www.rutasporespana.es\/blog\/ruta-por-provincia-soria-que-ver-en-monteagudo-de-las-vicarias\/\" target=\"_blank\" rel=\"noopener\">Monteagudo de las Vicar\u00edas<\/a><\/u><\/li>\n<li><u><a href=\"https:\/\/www.rutasporespana.es\/blog\/ruta-por-provincia-soria-que-ver-en-yanguas\/\" target=\"_blank\" rel=\"noopener\">Yanguas<\/a><\/u><\/li>\n<li><u><a href=\"https:\/\/www.rutasporespana.es\/blog\/ruta-de-las-icnitas-en-soria\/\" target=\"_blank\" rel=\"noopener\">Ruta de las Icnitas en Soria<\/a><\/u><\/li>\n<li><u><a href=\"https:\/\/www.rutasporespana.es\/blog\/ruta-por-provincia-soria-que-ver-en-vozmediano\/\" target=\"_blank\" rel=\"noopener\">Vozmediano<\/a><\/u><\/li>\n<li><u><a href=\"https:\/\/www.rutasporespana.es\/blog\/ruta-por-provincia-soria-que-ver-en-agreda\/\" target=\"_blank\" rel=\"noopener\">\u00c1greda<\/a><\/u><\/li>\n<li><u><a href=\"https:\/\/www.rutasporespana.es\/blog\/ruta-por-provincia-soria-hoz-de-orillares\/\" target=\"_blank\" rel=\"noopener\">La Hoz de Orillares<\/a><\/u><\/li>\n<li><u><a href=\"https:\/\/www.rutasporespana.es\/blog\/ruta-por-provincia-soria-fuentona-de-muriel\/\" target=\"_blank\" rel=\"noopener\">El monumento natural de la Fuentona de Muriel<\/a><\/u><\/li>\n<li><u><a href=\"https:\/\/www.rutasporespana.es\/blog\/ruta-por-provincia-soria-que-ver-en-calatanazor\/\" target=\"_blank\" rel=\"noopener\">Calata\u00f1azor<\/a><\/u><\/li>\n<li><u><a href=\"https:\/\/www.rutasporespana.es\/blog\/ruta-por-provincia-soria-que-ver-en-berlanga-de-duero\/\" target=\"_blank\" rel=\"noopener\">Berlanga de Duero<\/a><\/u><\/li>\n<li><u><a href=\"https:\/\/www.rutasporespana.es\/blog\/ruta-por-provincia-soria-que-ver-en-caracena\/\" target=\"_blank\" rel=\"noopener\">Caracena<\/a><\/u><\/li>\n<li><u><a href=\"https:\/\/www.rutasporespana.es\/blog\/ruta-por-provincia-soria-que-ver-en-san-esteban-de-gormaz\/\" target=\"_blank\" rel=\"noopener\">San Esteban de Gormaz<\/a><\/u><\/li>\n<li><u><a href=\"https:\/\/www.rutasporespana.es\/blog\/ruta-por-provincia-soria-que-ver-en-vinuesa\/\" target=\"_blank\" rel=\"noopener\">Vinuesa<\/a><\/u><\/li>\n<li><u><a href=\"https:\/\/www.rutasporespana.es\/blog\/ruta-por-provincia-soria-canon-del-rio-lobos\/\" target=\"_blank\" rel=\"noopener\">El parque natural del Ca\u00f1\u00f3n del r\u00edo Lobos<\/a><\/u><\/li>\n<li><u><a href=\"https:\/\/www.rutasporespana.es\/blog\/ruta-por-la-provincia-de-soria-villa-romana-de-la-dehesa\/\" target=\"_blank\" rel=\"noopener\">Villa romana de La Dehesa de las Cuevas de Soria<\/a><\/u><\/li>\n<li><a href=\"https:\/\/www.rutasporespana.es\/blog\/ruta-por-la-provincia-de-soria-que-ver-en-medinaceli\/\" target=\"_blank\" rel=\"noopener noreferrer\">Medinaceli<\/a><\/li>\n<li><a href=\"https:\/\/www.rutasporespana.es\/blog\/que-ver-en-moron-de-almazan\/\" target=\"_blank\" rel=\"noopener noreferrer\">Mor\u00f3n de Almaz\u00e1n<\/a><\/li>\n<\/ul>\n<hr \/>\n<p><em>Los costes de este blog se sufragan mediante enlaces de afiliaci\u00f3n, que hacen que ganemos una peque\u00f1a comisi\u00f3n si reservas alg\u00fan producto a trav\u00e9s de los mismos. No tiene ning\u00fan coste adicional para ti y los enlaces solo son a sitios que recomendamos y que hemos utilizado nosotros mismos.<\/em><\/p>\n","protected":false},"excerpt":{"rendered":"<div class=\"mh-excerpt\"><p>Hoy te contamos que ver en Chaorna, una peque\u00f1a aldea rodeada por uno de los sabinares m\u00e1s grandes de Europa y encajonada en una hoz <a class=\"mh-excerpt-more\" href=\"https:\/\/www.rutasporespana.es\/blog\/ruta-por-provincia-soria-que-ver-en-chaorna\/\" title=\"Qu\u00e9 ver en Chaorna, un bonito pueblo de Soria\">[&#8230;]<\/a><\/p>\n<\/div>","protected":false},"author":1,"featured_media":21078,"comment_status":"open","ping_status":"open","sticky":false,"template":"","format":"standard","meta":{"_jetpack_memberships_contains_paid_content":false,"footnotes":"","jetpack_publicize_message":"","jetpack_publicize_feature_enabled":true,"jetpack_social_post_already_shared":true,"jetpack_social_options":{"image_generator_settings":{"template":"highway","default_image_id":0,"font":"","enabled":false},"version":2}},"categories":[12,167],"tags":[74],"class_list":["post-21075","post","type-post","status-publish","format-standard","has-post-thumbnail","hentry","category-castilla-y-leon","category-soria","tag-pueblos-con-encanto"],"aioseo_notices":[],"jetpack_publicize_connections":[],"jetpack_featured_media_url":"https:\/\/i0.wp.com\/www.rutasporespana.es\/blog\/wp-content\/uploads\/2020\/11\/Chaorna.jpg?fit=675%2C566&ssl=1","jetpack_sharing_enabled":true,"_links":{"self":[{"href":"https:\/\/www.rutasporespana.es\/blog\/wp-json\/wp\/v2\/posts\/21075","targetHints":{"allow":["GET"]}}],"collection":[{"href":"https:\/\/www.rutasporespana.es\/blog\/wp-json\/wp\/v2\/posts"}],"about":[{"href":"https:\/\/www.rutasporespana.es\/blog\/wp-json\/wp\/v2\/types\/post"}],"author":[{"embeddable":true,"href":"https:\/\/www.rutasporespana.es\/blog\/wp-json\/wp\/v2\/users\/1"}],"replies":[{"embeddable":true,"href":"https:\/\/www.rutasporespana.es\/blog\/wp-json\/wp\/v2\/comments?post=21075"}],"version-history":[{"count":0,"href":"https:\/\/www.rutasporespana.es\/blog\/wp-json\/wp\/v2\/posts\/21075\/revisions"}],"wp:featuredmedia":[{"embeddable":true,"href":"https:\/\/www.rutasporespana.es\/blog\/wp-json\/wp\/v2\/media\/21078"}],"wp:attachment":[{"href":"https:\/\/www.rutasporespana.es\/blog\/wp-json\/wp\/v2\/media?parent=21075"}],"wp:term":[{"taxonomy":"category","embeddable":true,"href":"https:\/\/www.rutasporespana.es\/blog\/wp-json\/wp\/v2\/categories?post=21075"},{"taxonomy":"post_tag","embeddable":true,"href":"https:\/\/www.rutasporespana.es\/blog\/wp-json\/wp\/v2\/tags?post=21075"}],"curies":[{"name":"wp","href":"https:\/\/api.w.org\/{rel}","templated":true}]}}