{"id":20329,"date":"2023-01-21T18:30:22","date_gmt":"2023-01-21T17:30:22","guid":{"rendered":"https:\/\/www.rutasporespana.es\/blog\/?p=20329"},"modified":"2025-09-22T19:36:28","modified_gmt":"2025-09-22T17:36:28","slug":"ruta-por-provincia-valladolid-que-ver-en-medina-de-rioseco","status":"publish","type":"post","link":"https:\/\/www.rutasporespana.es\/blog\/ruta-por-provincia-valladolid-que-ver-en-medina-de-rioseco\/","title":{"rendered":"Qu\u00e9 ver en Medina de Rioseco, ciudad de Almirantes"},"content":{"rendered":"<p>Hoy te contamos que ver en Medina de Rioseco. Antigua capital de Tierra de Campos, presume de tener uno de los mayores legados patrimoniales de la provincia de Valladolid, que le ha valido ser declarado Conjunto Hist\u00f3rico Art\u00edstico.<\/p>\n<p><!--more--><\/p>\n<h2>\u00bfC\u00f3mo llegar en Medina de Rioseco?<\/h2>\n<ul>\n<li><strong>En coche<\/strong><\/li>\n<\/ul>\n<p>Desde Madrid debemos coger la A-6 hasta la salida 216 hacia VA-505 que nos lleva hasta Medina de Rioseco.<\/p>\n<ul>\n<li><strong>En transporte p\u00fablico<\/strong><\/li>\n<\/ul>\n<p>La empresa de autobuses ALSA tiene rutas con parada en la localidad desde Madrid, Valladolid y Le\u00f3n.<\/p>\n<h2>\u00bfQu\u00e9 ver en Medina de Rioseco?<\/h2>\n<p>Medina de Rioseco nace de una primitiva poblaci\u00f3n vaccea a orillas del r\u00edo Sequillo. Posteriormente los romanos la desarrollar\u00e1n como nudo de comunicaciones. Tras ser reconquistada por Alfonso III de Asturias, fue repoblada por moz\u00e1rabes por lo que le dieron el nombre de Medina.<\/p>\n<p>En 1423, Juan II la don\u00f3 a don Alonso Enr\u00edquez, primer Almirante de Castilla, convirti\u00e9ndola en sede del Almirantazgo y mayorazgo de sus descendientes. Adem\u00e1s los Reyes Cat\u00f3licos le concedieron dos ferias anuales y un mercado semanal.<\/p>\n<p>Durante las revueltas comuneras de 1520, los Enriquez se mantuvieron en el bando de Carlos I. Por ello el rey le concedi\u00f3 por su lealtad nuevos privilegios comerciales y el t\u00edtulo de duque de Medina de Rioseco.<\/p>\n<p>Durante el siglo XVI, algunos de sus vecinos hicieron las am\u00e9ricas, volviendo con riquezas y financiaron la construcci\u00f3n de templos y a que su mercado se ampliara. Gracias a ello se hizo el principal centro distribuidor de la plata que ven\u00eda de Am\u00e9rica.<\/p>\n<p>En la Guerra de Sucesi\u00f3n, el und\u00e9cimo almirante de Castilla se posicion\u00f3 a favor del Archiduque de Austria. Por lo que Felipe V le retirara todos sus bienes y t\u00edtulos.<\/p>\n<p>El 14 de julio de 1808, en las inmediaciones de la villa, tuvo lugar la Batalla del Mocl\u00edn. El mariscal Bessieres infligi\u00f3 una dura derrota al ej\u00e9rcito espa\u00f1ol. Tal contienda se recuerda a la entrada de la ciudad con un monumento realizado por el escultor local Aurelio Carretero.<\/p>\n<p>Ya a mediados del XIX la ciudad recobrar\u00eda su prosperidad con la construcci\u00f3n del Canal de Castilla (1849), la llegada del tren y la industria f\u00e9rrea.<\/p>\n<h2>Recinto amurallado &#8211; que ver en Medina de Rioseco<\/h2>\n<p>Llegamos al casco antiguo de la ciudad, anta\u00f1o Medina de Rioseco estuvo completamente amurallada desde los siglos XIII al XIV. Hoy solo se conservan algunas de las puertas de la muralla, como la <strong>Puerta de Ajujar<\/strong> (siglo XIII), la <strong>Puerta de Zamora<\/strong> (remodelada en el XVI) y la <strong>Puerta de San Sebasti\u00e1n<\/strong>.<\/p>\n<figure id=\"attachment_20337\" aria-describedby=\"caption-attachment-20337\" style=\"width: 675px\" class=\"wp-caption aligncenter\"><img data-recalc-dims=\"1\" loading=\"lazy\" decoding=\"async\" class=\"size-full wp-image-20337\" src=\"https:\/\/i0.wp.com\/www.rutasporespana.es\/blog\/wp-content\/uploads\/2020\/08\/Medina-Rioseco9.jpg?resize=675%2C450&#038;ssl=1\" alt=\"Puerta de San Sebasti\u00e1n- que ver en Medina de Rioseco\" width=\"675\" height=\"450\" \/><figcaption id=\"caption-attachment-20337\" class=\"wp-caption-text\">Puerta de San Sebasti\u00e1n &#8211; que ver en Medina de Rioseco<\/figcaption><\/figure>\n<p>En el XVI el Castillo se comenz\u00f3 a emplear como almac\u00e9n de los duques, siendo desmantelado por completo en el XIX. Su solar hoy lo ocupa el <strong>parque de Osuna<\/strong>.<\/p>\n<figure id=\"attachment_20344\" aria-describedby=\"caption-attachment-20344\" style=\"width: 675px\" class=\"wp-caption aligncenter\"><img data-recalc-dims=\"1\" loading=\"lazy\" decoding=\"async\" class=\"size-full wp-image-20344\" src=\"https:\/\/i0.wp.com\/www.rutasporespana.es\/blog\/wp-content\/uploads\/2020\/08\/Medina-Rioseco16.jpg?resize=675%2C450&#038;ssl=1\" alt=\"Parque de Osuna- que ver en Medina de Rioseco\" width=\"675\" height=\"450\" \/><figcaption id=\"caption-attachment-20344\" class=\"wp-caption-text\">Parque de Osuna &#8211; que ver en Medina de Rioseco<\/figcaption><\/figure>\n<h2>Plaza Mayor &#8211; que ver en Medina de Rioseco<\/h2>\n<p>Nos acercamos a la <strong>Plaza Mayor,<\/strong> una cl\u00e1sica plaza castellana con soportales. Es de forma irregular y alargada, y cuenta con escalinatas y un peque\u00f1o parque en su centro.<\/p>\n<figure id=\"attachment_20336\" aria-describedby=\"caption-attachment-20336\" style=\"width: 675px\" class=\"wp-caption aligncenter\"><img data-recalc-dims=\"1\" loading=\"lazy\" decoding=\"async\" class=\"size-full wp-image-20336\" src=\"https:\/\/i0.wp.com\/www.rutasporespana.es\/blog\/wp-content\/uploads\/2020\/08\/Medina-Rioseco4.jpg?resize=675%2C450&#038;ssl=1\" alt=\"Plaza Mayor- que ver en Medina de Rioseco\" width=\"675\" height=\"450\" \/><figcaption id=\"caption-attachment-20336\" class=\"wp-caption-text\">Plaza Mayor &#8211; que ver en Medina de Rioseco<\/figcaption><\/figure>\n<p>El actual <strong>Ayuntamiento<\/strong> es parte de lo que fue el claustro del Convento de San Francisco. Esta construcci\u00f3n religiosa fue fundada en 1491 por el almirante Don Fadrique. De su estructura original solo se conserva el claustro. Junto a \u00e9l tenemos la <strong>Iglesia de San Francisco<\/strong> de estilo g\u00f3tico, con una sola nave con coro y ocho capillas laterales cubiertas con crucer\u00eda. Destacan varios retablos platerescos en piedra y los sepulcros del almirante don Fabrique y su esposa.<\/p>\n<figure id=\"attachment_20339\" aria-describedby=\"caption-attachment-20339\" style=\"width: 675px\" class=\"wp-caption aligncenter\"><img data-recalc-dims=\"1\" loading=\"lazy\" decoding=\"async\" class=\"size-full wp-image-20339\" src=\"https:\/\/i0.wp.com\/www.rutasporespana.es\/blog\/wp-content\/uploads\/2020\/08\/Medina-Rioseco11.jpg?resize=675%2C450&#038;ssl=1\" alt=\"Iglesia de San Francisco - que ver en Medina de Rioseco\" width=\"675\" height=\"450\" \/><figcaption id=\"caption-attachment-20339\" class=\"wp-caption-text\">Iglesia de San Francisco &#8211; que ver en Medina de Rioseco<\/figcaption><\/figure>\n<h2>La R\u00faa &#8211; que ver en Medina de Rioseco<\/h2>\n<p>Desde la Plaza Mayor accedemos a la famosa calle de L\u00e1zaro Alonso, m\u00e1s conocida como <strong>La R\u00faa<\/strong>. A ambos lados se alzan edificios t\u00edpicos castellanos, caracterizados por sus soportales de vigas y pies de madera.<\/p>\n<figure id=\"attachment_20334\" aria-describedby=\"caption-attachment-20334\" style=\"width: 675px\" class=\"wp-caption aligncenter\"><img data-recalc-dims=\"1\" loading=\"lazy\" decoding=\"async\" class=\"size-full wp-image-20334\" src=\"https:\/\/i0.wp.com\/www.rutasporespana.es\/blog\/wp-content\/uploads\/2020\/08\/Medina-Rioseco8.jpg?resize=675%2C450&#038;ssl=1\" alt=\"La R\u00faa - Medina de Rioseco\" width=\"675\" height=\"450\" \/><figcaption id=\"caption-attachment-20334\" class=\"wp-caption-text\">La R\u00faa &#8211; que ver en Medina de Rioseco<\/figcaption><\/figure>\n<figure id=\"attachment_20338\" aria-describedby=\"caption-attachment-20338\" style=\"width: 675px\" class=\"wp-caption aligncenter\"><img data-recalc-dims=\"1\" loading=\"lazy\" decoding=\"async\" class=\"size-full wp-image-20338\" src=\"https:\/\/i0.wp.com\/www.rutasporespana.es\/blog\/wp-content\/uploads\/2020\/08\/Medina-Rioseco10.jpg?resize=675%2C450&#038;ssl=1\" alt=\"La R\u00faa - Medina de Rioseco\" width=\"675\" height=\"450\" \/><figcaption id=\"caption-attachment-20338\" class=\"wp-caption-text\">La R\u00faa &#8211; que ver en Medina de Rioseco<\/figcaption><\/figure>\n<h2>Iglesia de la Santa Cruz &#8211; que ver en Medina de Rioseco<\/h2>\n<p>Siguiendo La R\u00faa llegaremos hasta la <strong>Iglesia de la Santa Cruz<\/strong>. Luce una monumental fachada de finales del siglo XVI. Actualmente aloja el <strong>Museo de la Semana Santa<\/strong>, que re\u00fane una importante colecci\u00f3n de pasos de Semana Santa de los siglos XV al XX.<\/p>\n<figure id=\"attachment_20343\" aria-describedby=\"caption-attachment-20343\" style=\"width: 675px\" class=\"wp-caption aligncenter\"><img data-recalc-dims=\"1\" loading=\"lazy\" decoding=\"async\" class=\"size-full wp-image-20343\" src=\"https:\/\/i0.wp.com\/www.rutasporespana.es\/blog\/wp-content\/uploads\/2020\/08\/Medina-Rioseco14.jpg?resize=675%2C450&#038;ssl=1\" alt=\"Museo de la Semana Santa - Medina de Rioseco\" width=\"675\" height=\"450\" \/><figcaption id=\"caption-attachment-20343\" class=\"wp-caption-text\">Museo de la Semana Santa &#8211; que ver en Medina de Rioseco<\/figcaption><\/figure>\n<figure id=\"attachment_20341\" aria-describedby=\"caption-attachment-20341\" style=\"width: 675px\" class=\"wp-caption aligncenter\"><img data-recalc-dims=\"1\" loading=\"lazy\" decoding=\"async\" class=\"size-full wp-image-20341\" src=\"https:\/\/i0.wp.com\/www.rutasporespana.es\/blog\/wp-content\/uploads\/2020\/08\/Medina-Rioseco13.jpg?resize=675%2C450&#038;ssl=1\" alt=\"Museo de la Semana Santa - Medina de Rioseco\" width=\"675\" height=\"450\" \/><figcaption id=\"caption-attachment-20341\" class=\"wp-caption-text\">Pasos de la Semana Santa &#8211; que ver en Medina de Rioseco<\/figcaption><\/figure>\n<figure id=\"attachment_20340\" aria-describedby=\"caption-attachment-20340\" style=\"width: 675px\" class=\"wp-caption aligncenter\"><img data-recalc-dims=\"1\" loading=\"lazy\" decoding=\"async\" class=\"size-full wp-image-20340\" src=\"https:\/\/i0.wp.com\/www.rutasporespana.es\/blog\/wp-content\/uploads\/2020\/08\/Medina-Rioseco12.jpg?resize=675%2C450&#038;ssl=1\" alt=\"Museo de la Semana Santa - Medina de Rioseco\" width=\"675\" height=\"450\" \/><figcaption id=\"caption-attachment-20340\" class=\"wp-caption-text\">Pasos de la Semana Santa &#8211; que ver en Medina de Rioseco<\/figcaption><\/figure>\n<div class=\"caja-info\">\n<p><strong>M\u00e1s informaci\u00f3n<\/strong><\/p>\n<ul>\n<li><strong>Horario<\/strong>: de martes a viernes de 12:30 a 14:00. S\u00e1bado y domingo de 12:30 a 14:00 y de 18:30 a 20:00.<\/li>\n<li><strong>Precio<\/strong>: 3,50 \u20ac general \/ 2,50 \u20ac reducida<\/li>\n<\/ul>\n<\/div>\n<h2>Iglesia de Santa Mar\u00eda de la Mediavilla &#8211; que ver en Medina de Rioseco<\/h2>\n<p>Seguimos hasta el templo m\u00e1s llamativo que ver en Medina de Rioseco, la <strong>Iglesia de Santa Mar\u00eda de la Mediavilla<\/strong>, situado en la plaza hom\u00f3nima. Fue erigida entre 1490 y 1516 en estilo g\u00f3tico-isabelino. A comienzos del siglo XVIII se elev\u00f3 la torre barroca actual en sustituci\u00f3n del antiguo campanario.<\/p>\n<figure id=\"attachment_20330\" aria-describedby=\"caption-attachment-20330\" style=\"width: 675px\" class=\"wp-caption aligncenter\"><img data-recalc-dims=\"1\" loading=\"lazy\" decoding=\"async\" class=\"size-full wp-image-20330\" src=\"https:\/\/i0.wp.com\/www.rutasporespana.es\/blog\/wp-content\/uploads\/2020\/08\/Medina-Rioseco5.jpg?resize=675%2C450&#038;ssl=1\" alt=\"Iglesia de Santa Mar\u00eda de la Mediavilla - que ver en Medina de Rioseco\" width=\"675\" height=\"450\" \/><figcaption id=\"caption-attachment-20330\" class=\"wp-caption-text\">Iglesia de Santa Mar\u00eda de la Mediavilla &#8211; que ver en Medina de Rioseco<\/figcaption><\/figure>\n<p>Del interior de la Iglesia destaca la <strong>Capilla de los Benavente<\/strong> (siglo XV), conocida como \u201cLa Capilla Sixtina del arte castellano\u201d. Un conjunto formado por un retablo de Juan de Juni sobre la Inmaculada Concepci\u00f3n y la magn\u00edfica reja obra de Francisco Villalpando.<\/p>\n<h3><strong>Museo de Arte Sacro<\/strong><\/h3>\n<p>En la sacrist\u00eda barroca (1670) y otras estancias se halla el <strong>Museo de Arte Sacro<\/strong>, que cuenta con importantes esculturas, pinturas, marfiles orientales y orfebrer\u00eda. Llama la atenci\u00f3n la custodia procesional de plata de Antonio de Arfe (1552).<\/p>\n<blockquote><p><em>Como curiosidad, el templo guarda la piel de un caim\u00e1n que cuelga del cancel de madera de la entrada. Lo m\u00e1s probable es que fuera tra\u00eddo por alg\u00fan indiano, pero tambi\u00e9n tiene una curiosa leyenda:<\/em><\/p>\n<p><em>Cuentan que cuando se estaba construyendo la iglesia, los obreros encontraban al d\u00eda siguiente todo su trabajo destruido. No se sab\u00eda qui\u00e9n era el responsable de aquellas fechor\u00edas hasta que un d\u00eda descubrieron que era un cocodrilo gigantesco. Nadie se atrev\u00eda a enfrentarse con el animal, as\u00ed que decidieron proponer tal trabajo a uno de los presos con el premio de su libertad a cambio de matarlo. As\u00ed fue como se ofreci\u00f3 un voluntario que acab\u00f3 con el cocodrilo con una ingeniosa idea. Se disfraz\u00f3 con espejos, lo que hizo que el animal al verse reflejado se quedara absorto, lo que aprovech\u00f3 el reo para acabar con su vida con una lanza.<\/em><\/p><\/blockquote>\n<div class=\"caja-info\">\n<p><strong>M\u00e1s informaci\u00f3n<\/strong><\/p>\n<ul>\n<li><strong>Horario<\/strong>: de martes a viernes de 11:00 a 12:20. S\u00e1bado y domingo de 11:00 a 12:20 y 17:00 a 18:20.<\/li>\n<li><strong>Precio<\/strong>: 3 \u20ac general \/ 2 \u20ac reducida<\/li>\n<\/ul>\n<\/div>\n<h2>Iglesia de Santiago &#8211; que ver en Medina de Rioseco<\/h2>\n<p>Por la calle Mediana llegamos a la <strong>Iglesia de Santiago.<\/strong> Su construcci\u00f3n se inici\u00f3 en 1533, aunque se prolong\u00f3 hasta finales del siglo XVII, quedando inacabada su torre. Por fuera sobresale la cabecera del templo, con triple \u00e1bside, as\u00ed como su portada meridional plateresca del siglo XVI.<\/p>\n<figure id=\"attachment_20342\" aria-describedby=\"caption-attachment-20342\" style=\"width: 675px\" class=\"wp-caption aligncenter\"><img data-recalc-dims=\"1\" loading=\"lazy\" decoding=\"async\" class=\"size-full wp-image-20342\" src=\"https:\/\/i0.wp.com\/www.rutasporespana.es\/blog\/wp-content\/uploads\/2020\/08\/Medina-Rioseco15.jpg?resize=675%2C450&#038;ssl=1\" alt=\"Iglesia de Santiago - que ver en Medina de Rioseco\" width=\"675\" height=\"450\" \/><figcaption id=\"caption-attachment-20342\" class=\"wp-caption-text\">Iglesia de Santiago &#8211; que ver en Medina de Rioseco<\/figcaption><\/figure>\n<p>En el interior destaca el retablo mayor de Joaqu\u00edn Churriguera (1704), el Cristo de la Clemencia de Pedro Bolduque y la capilla de la Vera Cruz (siglo XVII) con frescos barrocos.<\/p>\n<h2>Museo F\u00e1brica de Harinas de San Antonio<\/h2>\n<p>Nos acercamos al Canal de Castilla, donde junto a la d\u00e1rsena encontramos el <strong>Museo F\u00e1brica de Harinas de San Antonio<\/strong>. En \u00e9l se explica c\u00f3mo era el proceso de obtenci\u00f3n de la harina en el siglo XIX, con su turbina, molinos y cernedores.<\/p>\n<figure id=\"attachment_20333\" aria-describedby=\"caption-attachment-20333\" style=\"width: 675px\" class=\"wp-caption aligncenter\"><img data-recalc-dims=\"1\" loading=\"lazy\" decoding=\"async\" class=\"size-full wp-image-20333\" src=\"https:\/\/i0.wp.com\/www.rutasporespana.es\/blog\/wp-content\/uploads\/2020\/08\/Medina-Rioseco7.jpg?resize=675%2C450&#038;ssl=1\" alt=\"Museo F\u00e1brica de Harinas de San Antonio - Medina de Rioseco\" width=\"675\" height=\"450\" \/><figcaption id=\"caption-attachment-20333\" class=\"wp-caption-text\">Museo F\u00e1brica de Harinas de San Antonio &#8211; que ver en Medina de Rioseco<\/figcaption><\/figure>\n<div class=\"caja-info\">\n<p><strong>M\u00e1s informaci\u00f3n<\/strong><\/p>\n<ul>\n<li><strong>Horario<\/strong>: De martes a domingo en los siguientes horarios: 11:15, 12:15,13:15, 16:15, 17:15 y 18:15.<\/li>\n<li><strong>Precio<\/strong>: Adultos: 2,50 \u20ac \/ <strong>Ni\u00f1os<\/strong>: 1,50 \u20ac (de 3 a 12 a\u00f1os)<\/li>\n<\/ul>\n<\/div>\n<h2>El Canal de Castilla &#8211; que ver en Medina de Rioseco<\/h2>\n<p>Y terminamos visitando el <strong>Canal de Castilla<\/strong>. Una de las obras de ingenier\u00eda m\u00e1s importantes del siglo XVIII. Se pretend\u00eda crear una <strong>red de canales de navegaci\u00f3n<\/strong> que facilitasen el transporte de la lana, el vino y el cereal que se produc\u00eda en <strong>Castilla<\/strong> hasta los puertos del norte.<\/p>\n<figure id=\"attachment_20335\" aria-describedby=\"caption-attachment-20335\" style=\"width: 675px\" class=\"wp-caption aligncenter\"><img data-recalc-dims=\"1\" loading=\"lazy\" decoding=\"async\" class=\"size-full wp-image-20335\" src=\"https:\/\/i0.wp.com\/www.rutasporespana.es\/blog\/wp-content\/uploads\/2020\/08\/Medina-Rioseco3.jpg?resize=675%2C450&#038;ssl=1\" alt=\"El Canal de Castilla - que ver en Medina de Rioseco\" width=\"675\" height=\"450\" \/><figcaption id=\"caption-attachment-20335\" class=\"wp-caption-text\">El Canal de Castilla &#8211; que ver en Medina de Rioseco<\/figcaption><\/figure>\n<p>El canal fue declarado Bien de Inter\u00e9s Cultural en 1991, permitiendo la realizaci\u00f3n de actividades de Turismo activo como rutas en piragua, barco, senderismo, cicloturismo,&#8230;<\/p>\n<figure id=\"attachment_20331\" aria-describedby=\"caption-attachment-20331\" style=\"width: 675px\" class=\"wp-caption aligncenter\"><img data-recalc-dims=\"1\" loading=\"lazy\" decoding=\"async\" class=\"size-full wp-image-20331\" src=\"https:\/\/i0.wp.com\/www.rutasporespana.es\/blog\/wp-content\/uploads\/2020\/08\/Medina-Rioseco2.jpg?resize=675%2C450&#038;ssl=1\" alt=\"El Canal de Castilla - que ver en Medina de Rioseco\" width=\"675\" height=\"450\" \/><figcaption id=\"caption-attachment-20331\" class=\"wp-caption-text\">El Canal de Castilla &#8211; que ver en Medina de Rioseco<\/figcaption><\/figure>\n<p>Desde la localidad tiene salida el <strong>barco tur\u00edstico<\/strong> \u00abAntonio de Ulloa\u00bb que realiza un recorrido por el Canal. Las reservas se realizan en el 983 70 19 23 o en el correo <a href=\"mailto:canal.castilla@dip-valladolid.es\">canal.castilla@dip-valladolid.es<\/a>.<\/p>\n<figure id=\"attachment_20332\" aria-describedby=\"caption-attachment-20332\" style=\"width: 675px\" class=\"wp-caption aligncenter\"><img data-recalc-dims=\"1\" loading=\"lazy\" decoding=\"async\" class=\"size-full wp-image-20332\" src=\"https:\/\/i0.wp.com\/www.rutasporespana.es\/blog\/wp-content\/uploads\/2020\/08\/Medina-Rioseco6.jpg?resize=675%2C450&#038;ssl=1\" alt=\"Barco tur\u00edstico - que ver en Medina de Rioseco\" width=\"675\" height=\"450\" \/><figcaption id=\"caption-attachment-20332\" class=\"wp-caption-text\">Barco tur\u00edstico &#8211; que ver en Medina de Rioseco<\/figcaption><\/figure>\n<p>Y aqu\u00ed terminamos nuestra visita por lo m\u00e1s importante que ver en Medina de Rioseco, esperamos que lo disfrut\u00e9is.<\/p>\n<p><iframe loading=\"lazy\" src=\"https:\/\/www.google.com\/maps\/d\/u\/0\/embed?mid=1-d5Fmx0K7RihCshrHT3XpugeJBDCU0qG\" width=\"675\" height=\"500\"><\/iframe><\/p>\n<div class=\"caja-info\">\n<h2 class=\"info\">M\u00e1s informaci\u00f3n sobre que ver en Medina de Rioseco<\/h2>\n<p>Web turismo: <a href=\"https:\/\/turismo.medinaderioseco.org\" target=\"_blank\" rel=\"nofollow noopener noreferrer\">https:\/\/turismo.medinaderioseco.org<\/a><\/p>\n<h2 class=\"comida\">D\u00f3nde comer<\/h2>\n<p>La zona de tapeo discurre por la calle L\u00e1zaro Alonso y la plaza de Santo Domingo.<\/p>\n<p>Destacamos <strong>El Rinc\u00f3n de Unamuno<\/strong> (Calle L\u00e1zaro Alonso, 51) una cervecer\u00eda con buenas tapas. Tambi\u00e9n el <strong>Caf\u00e9<\/strong> <strong>Espa\u00f1a <\/strong>(Calle Cardenal Carlos Amigo, 2), un lugar agradable que sirve su famoso pincho de huevo y morcilla y sus hamburguesas de buey.<\/p>\n<p>Para comer tenemos <strong>La R\u00faa<\/strong> (Calle San Juan, 25) es un cl\u00e1sico en la localidad, abierto desde 1988, que ofrece una cocina tradicional con productos de temporada. Y el <strong>restaurante Pasos <\/strong>(Calle L\u00e1zaro Alonso, 44), con decoraci\u00f3n medieval, cuenta con una amplia carta de cocina castellana.<\/p>\n<p>Si eres goloso no puedes irte sin pasar por la <strong>confiter\u00eda-cafeter\u00eda Cubero<\/strong> todo un cl\u00e1sico de la reposter\u00eda.<\/p>\n<h2 class=\"hotel\">D\u00f3nde dormir<\/h2>\n<p>Si quieres descubrir esta ciudad monumental te mostramos los mejores alojamientos de la zona:<\/p>\n<ul>\n<li><a href=\"https:\/\/www.booking.com\/searchresults.es.html?city=-391731&amp;aid=864316&amp;no_rooms=1&amp;group_adults=2&amp;label=MedinaRioseco\" target=\"_blank\" rel=\"nofollow noopener sponsored noreferrer\">Ofertas de hoteles y hostales en Medina de Rioseco<\/a><\/li>\n<\/ul>\n<\/div>\n<h2>Tambi\u00e9n te puede interesar&#8230;<\/h2>\n<p>Si quieres descubrir otros rincones bonitos de Valladolid. Aqu\u00ed tienes algunas propuestas:<\/p>\n<ul>\n<li><a title=\"viaje a Valladolid\" href=\"https:\/\/www.rutasporespana.es\/blog\/que-ver-en-valladolid\/\" target=\"_blank\" rel=\"noopener noreferrer\">Los 10 pueblos m\u00e1s bonitos de la provincia de Valladolid<\/a><\/li>\n<li><a href=\"https:\/\/www.rutasporespana.es\/blog\/un-castillo-de-cuento-que-ver-en-medina-del-campo\/\" target=\"_blank\" rel=\"noopener\">Medina del Campo<\/a><\/li>\n<li><a href=\"https:\/\/www.rutasporespana.es\/blog\/ruta-por-provincia-valladolid-que-ver-en-olmedo\/\" target=\"_blank\" rel=\"noopener noreferrer\">Olmedo<\/a><\/li>\n<li><a href=\"https:\/\/www.rutasporespana.es\/blog\/ruta-provincia-valladolid-que-ver-en-uruena\/\" target=\"_blank\" rel=\"noopener noreferrer\">Urue\u00f1a<\/a><\/li>\n<li><a href=\"https:\/\/www.rutasporespana.es\/blog\/ruta-por-provincia-valladolid-que-ver-en-tordesillas\/\" target=\"_blank\" rel=\"noopener noreferrer\">Tordesillas<\/a><\/li>\n<li><a href=\"https:\/\/www.rutasporespana.es\/blog\/ruta-por-la-provincia-de-valladolid-que-ver-en-simancas\/\" target=\"_blank\" rel=\"noopener noreferrer\">Simancas<\/a><\/li>\n<li><a href=\"https:\/\/www.rutasporespana.es\/blog\/ruta-por-provincia-valladolid-que-ver-en-medina-de-rioseco\/\" target=\"_blank\" rel=\"noopener\">Medina de Rioseco<\/a><\/li>\n<li><a href=\"https:\/\/www.rutasporespana.es\/blog\/que-ver-en-penafiel\/\" target=\"_blank\" rel=\"noopener noreferrer\">Pe\u00f1afiel<\/a><\/li>\n<li><a href=\"https:\/\/www.rutasporespana.es\/blog\/ruta-provincia-valladolid-que-ver-en-uruena\/\" target=\"_blank\" rel=\"noopener noreferrer\">Urue\u00f1a<\/a><\/li>\n<\/ul>\n<hr \/>\n<p><em>Los costes de este blog se sufragan mediante enlaces de afiliaci\u00f3n, que hacen que ganemos una peque\u00f1a comisi\u00f3n si reservas alg\u00fan producto a trav\u00e9s de los mismos. No tiene ning\u00fan coste adicional para ti y los enlaces solo son a sitios que recomendamos y que hemos utilizado nosotros mismos.<\/em><\/p>\n","protected":false},"excerpt":{"rendered":"<div class=\"mh-excerpt\"><p>Hoy te contamos que ver en Medina de Rioseco. Antigua capital de Tierra de Campos, presume de tener uno de los mayores legados patrimoniales de <a class=\"mh-excerpt-more\" href=\"https:\/\/www.rutasporespana.es\/blog\/ruta-por-provincia-valladolid-que-ver-en-medina-de-rioseco\/\" title=\"Qu\u00e9 ver en Medina de Rioseco, ciudad de Almirantes\">[&#8230;]<\/a><\/p>\n<\/div>","protected":false},"author":1,"featured_media":20345,"comment_status":"open","ping_status":"open","sticky":false,"template":"","format":"standard","meta":{"_jetpack_memberships_contains_paid_content":false,"footnotes":"","jetpack_publicize_message":"","jetpack_publicize_feature_enabled":true,"jetpack_social_post_already_shared":true,"jetpack_social_options":{"image_generator_settings":{"template":"highway","default_image_id":0,"font":"","enabled":false},"version":2}},"categories":[12,169],"tags":[74],"class_list":["post-20329","post","type-post","status-publish","format-standard","has-post-thumbnail","hentry","category-castilla-y-leon","category-valladolid","tag-pueblos-con-encanto"],"aioseo_notices":[],"jetpack_publicize_connections":[],"jetpack_featured_media_url":"https:\/\/i0.wp.com\/www.rutasporespana.es\/blog\/wp-content\/uploads\/2020\/08\/Medina-Rioseco.jpg?fit=675%2C566&ssl=1","jetpack_sharing_enabled":true,"_links":{"self":[{"href":"https:\/\/www.rutasporespana.es\/blog\/wp-json\/wp\/v2\/posts\/20329","targetHints":{"allow":["GET"]}}],"collection":[{"href":"https:\/\/www.rutasporespana.es\/blog\/wp-json\/wp\/v2\/posts"}],"about":[{"href":"https:\/\/www.rutasporespana.es\/blog\/wp-json\/wp\/v2\/types\/post"}],"author":[{"embeddable":true,"href":"https:\/\/www.rutasporespana.es\/blog\/wp-json\/wp\/v2\/users\/1"}],"replies":[{"embeddable":true,"href":"https:\/\/www.rutasporespana.es\/blog\/wp-json\/wp\/v2\/comments?post=20329"}],"version-history":[{"count":0,"href":"https:\/\/www.rutasporespana.es\/blog\/wp-json\/wp\/v2\/posts\/20329\/revisions"}],"wp:featuredmedia":[{"embeddable":true,"href":"https:\/\/www.rutasporespana.es\/blog\/wp-json\/wp\/v2\/media\/20345"}],"wp:attachment":[{"href":"https:\/\/www.rutasporespana.es\/blog\/wp-json\/wp\/v2\/media?parent=20329"}],"wp:term":[{"taxonomy":"category","embeddable":true,"href":"https:\/\/www.rutasporespana.es\/blog\/wp-json\/wp\/v2\/categories?post=20329"},{"taxonomy":"post_tag","embeddable":true,"href":"https:\/\/www.rutasporespana.es\/blog\/wp-json\/wp\/v2\/tags?post=20329"}],"curies":[{"name":"wp","href":"https:\/\/api.w.org\/{rel}","templated":true}]}}