{"id":12840,"date":"2019-06-20T08:30:13","date_gmt":"2019-06-20T06:30:13","guid":{"rendered":"http:\/\/www.rutasporespana.es\/blog\/?p=12840"},"modified":"2020-04-13T14:25:18","modified_gmt":"2020-04-13T12:25:18","slug":"visita-coleccion-polo-museo-arte-moderno-toledo","status":"publish","type":"post","link":"https:\/\/www.rutasporespana.es\/blog\/visita-coleccion-polo-museo-arte-moderno-toledo\/","title":{"rendered":"Visita a la Colecci\u00f3n Polo en el Centro de Arte Moderno y Contempor\u00e1neo de Castilla-La Mancha"},"content":{"rendered":"<p>Toledo es conocido por su gran patrimonio monumental que atrae a miles de turistas todos las semanas. Pero no todo son monumentos en Toledo, ya que desde hace tres meses cuenta con una exposici\u00f3n de lo m\u00e1s original, poco dada en una ciudad como Toledo, y que viene a romper los c\u00e1nones establecidos.<\/p>\n<p>Desde el 27 de marzo, el museo de Arte Moderno y Contempor\u00e1neo de Castilla-La Mancha situado en el antiguo convento toledano de Santa Fe, cuenta con una de las colecciones m\u00e1s importantes de las Vanguardias europeas, la <strong>Colecci\u00f3n Roberto Polo<\/strong>.<\/p>\n<p><!--more--><\/p>\n<h3>\u00bfQui\u00e9n en Roberto Polo?<\/h3>\n<p>Roberto Polo naci\u00f3 en La Habana en 1951, dentro de una familia de origen espa\u00f1ol e italiano. Sus primeros pasos le llev\u00f3 a estudiar Bellas Artes en Estados Unidos, llegando a dirigir tres galer\u00edas de arte: Jacob Fr\u00e8res Limited en Nueva York, Galerie Historismus en Par\u00eds y Roberto Polo Gallery en Bruselas.<\/p>\n<figure id=\"attachment_12852\" aria-describedby=\"caption-attachment-12852\" style=\"width: 675px\" class=\"wp-caption aligncenter\"><img data-recalc-dims=\"1\" loading=\"lazy\" decoding=\"async\" class=\"size-full wp-image-12852\" src=\"https:\/\/i0.wp.com\/rutasporespana.es\/blog\/wp-content\/uploads\/2019\/06\/Recuerdos-de-Cuba.jpg?resize=675%2C450\" alt=\"Recuerdos de Cuba\" width=\"675\" height=\"450\" \/><figcaption id=\"caption-attachment-12852\" class=\"wp-caption-text\">Recuerdos de Cuba<\/figcaption><\/figure>\n<p>Pero una parte importante de su vida es la relacionada con el coleccionismo. Siendo mecenas y donante de multitud de instituciones y museos; galardonado en varios pa\u00edses por sus labores filantr\u00f3picas.<\/p>\n<p>El hecho que su colecci\u00f3n dedicada a las Vanguardias europeas se ubique en Toledo no es azar, sino una apuesta personal de Roberto Polo. Ya que sus amigos espa\u00f1oles, le dec\u00eda que los toledanos eran muy reacios a la modernidad, por lo que abrirlo aqu\u00ed era un hito para la ciudad.<\/p>\n<h3>El lugar<\/h3>\n<p>El que la colecci\u00f3n se sit\u00fae en el Convento de Santa Fe, le a\u00f1ade m\u00e1s valor si cabe. Ya que este edificio se construy\u00f3 sobre un antiguo palacio musulm\u00e1n. Con la restauraci\u00f3n del inmueble han salido a la luz joyas como la <strong>Capilla de Bel\u00e9n<\/strong> (una peque\u00f1a qubba de dise\u00f1o califal que se utiliz\u00f3 posteriormente como mausoleo) o como la sala de los alfarjes, Capilla de Santa Fe, el Claustro\u2026<\/p>\n<figure id=\"attachment_12843\" aria-describedby=\"caption-attachment-12843\" style=\"width: 675px\" class=\"wp-caption aligncenter\"><img data-recalc-dims=\"1\" loading=\"lazy\" decoding=\"async\" class=\"size-full wp-image-12843\" src=\"https:\/\/i0.wp.com\/rutasporespana.es\/blog\/wp-content\/uploads\/2019\/06\/Capilla-Belen.jpg?resize=675%2C450\" alt=\"Capilla de Bel\u00e9n\" width=\"675\" height=\"450\" \/><figcaption id=\"caption-attachment-12843\" class=\"wp-caption-text\">Capilla de Bel\u00e9n<\/figcaption><\/figure>\n<p>El proyecto del Convento de Santa Fe lo ha firmado el arquitecto Juan Pablo Rodr\u00edguez Frade, conocido por sus intervenciones en el Museo Abstracto de Cuenca y en el Museo Arqueol\u00f3gico Nacional.<\/p>\n<h3>\u00bfQu\u00e9 vamos a encontrar?<\/h3>\n<p>La colecci\u00f3n ocupa hasta 12 salas del antiguo convento, con un total de 250 obras que van desde las vanguardias hist\u00f3ricas hasta el siglo XXI, incluyendo los realismos del periodo de entreguerras, obras abstractas y contempor\u00e1neas desde los noventa a la actualidad.<\/p>\n<p>No podr\u00eda estar mejor ubicado, ya que se encuentra justo a la salida de las escaleras mec\u00e1nicas que suben al casco antiguo de Toledo. Aqu\u00ed nos recibe un grupo escult\u00f3rico de diez guardianes de casi 4 metros del artista Miquel Navarro y que se llama \u201c<strong>Figuras de Batalla<\/strong>\u201d.<\/p>\n<figure id=\"attachment_12846\" aria-describedby=\"caption-attachment-12846\" style=\"width: 675px\" class=\"wp-caption aligncenter\"><img data-recalc-dims=\"1\" loading=\"lazy\" decoding=\"async\" class=\"size-full wp-image-12846\" src=\"https:\/\/i0.wp.com\/rutasporespana.es\/blog\/wp-content\/uploads\/2019\/06\/Figuras-Batalla.jpg?resize=675%2C450\" alt=\"Figuras de Batalla\" width=\"675\" height=\"450\" \/><figcaption id=\"caption-attachment-12846\" class=\"wp-caption-text\">Figuras de Batalla<\/figcaption><\/figure>\n<p>Una vez en el interior, lo primero que veremos son los restos de las primeras construcciones sobre las que se construy\u00f3 el convento, y paneles sobre su historia. Si ten\u00e9is miedo a las alturas como yo, pod\u00e9is pasar por el pasillo lateral para no pisar la cristalera.<\/p>\n<figure id=\"attachment_12847\" aria-describedby=\"caption-attachment-12847\" style=\"width: 675px\" class=\"wp-caption aligncenter\"><img data-recalc-dims=\"1\" loading=\"lazy\" decoding=\"async\" class=\"size-full wp-image-12847\" src=\"https:\/\/i0.wp.com\/rutasporespana.es\/blog\/wp-content\/uploads\/2019\/06\/Bajo-el-Convento.jpg?resize=675%2C450\" alt=\"Bajo el Convento\" width=\"675\" height=\"450\" \/><figcaption id=\"caption-attachment-12847\" class=\"wp-caption-text\">Bajo el Convento<\/figcaption><\/figure>\n<p>Tambi\u00e9n interesantes son los arcos de origen \u00e1rabe que todav\u00eda se conserva en las puertas de acceso y en la sala siguiente. Una cosa curiosa, es que la intenci\u00f3n de Roberto Polo es que las obras se comunicaran con el edificio, algo muy po\u00e9tico que significa que las obras fuera en conjunci\u00f3n con la parte del convento en la que nos encontramos.<\/p>\n<p>Que si estamos delante de las tumbas de los monjes que mejor que el cuadro de \u201cThe Entry of Christ into New York II\u201d con una imagen postapocal\u00edptica.<\/p>\n<p>O entrar en la capilla del convento y ver un Cristo de nueve metros de Nino Longobardi y un rosario de Mar\u00eda Roosen.<\/p>\n<figure id=\"attachment_12848\" aria-describedby=\"caption-attachment-12848\" style=\"width: 675px\" class=\"wp-caption aligncenter\"><img data-recalc-dims=\"1\" loading=\"lazy\" decoding=\"async\" class=\"size-full wp-image-12848\" src=\"https:\/\/i0.wp.com\/rutasporespana.es\/blog\/wp-content\/uploads\/2019\/06\/Arte-en-la-iglesia.jpg?resize=675%2C450\" alt=\"Arte en la iglesia\" width=\"675\" height=\"450\" \/><figcaption id=\"caption-attachment-12848\" class=\"wp-caption-text\">Arte en la iglesia<\/figcaption><\/figure>\n<p>A continuaci\u00f3n llegamos a la joya del convento, lo que fue un mausoleo, con tumbas y todo. Esconde los restos de una capilla cristiana y otra musulmana, cuya intenci\u00f3n es separar mediante una r\u00e9plica de la capilla que puedan trasladar y conservar los diferentes frescos de las dos \u00e9pocas. Una obra de ingenier\u00eda que esperemos contemplar pr\u00f3ximamente.<\/p>\n<p>Seguimos nuestro paseo entre las obras de Roberto Polo, y salimos al patio, o mejor dicho el claustro del convento. Aqu\u00ed sus paredes han servido de lienzo para esta simp\u00e1tica obra, de la que Adri\u00e1n pudo disfrutar imaginando que representaba cada forma.<\/p>\n<figure id=\"attachment_12844\" aria-describedby=\"caption-attachment-12844\" style=\"width: 675px\" class=\"wp-caption aligncenter\"><img data-recalc-dims=\"1\" loading=\"lazy\" decoding=\"async\" class=\"size-full wp-image-12844\" src=\"https:\/\/i0.wp.com\/rutasporespana.es\/blog\/wp-content\/uploads\/2019\/06\/Claustro-Convento-Fe.jpg?resize=675%2C450\" alt=\"Claustro del Convento\" width=\"675\" height=\"450\" \/><figcaption id=\"caption-attachment-12844\" class=\"wp-caption-text\">Claustro del Convento<\/figcaption><\/figure>\n<p>Subimos a la primera planta, y nos empieza a entrar hambre solo con ver entre cuadro.<\/p>\n<figure id=\"attachment_12850\" aria-describedby=\"caption-attachment-12850\" style=\"width: 675px\" class=\"wp-caption aligncenter\"><img data-recalc-dims=\"1\" loading=\"lazy\" decoding=\"async\" class=\"size-full wp-image-12850\" src=\"https:\/\/i0.wp.com\/rutasporespana.es\/blog\/wp-content\/uploads\/2019\/06\/Arte-que-da-hambre.jpg?resize=675%2C450\" alt=\"Arte que da hambre\" width=\"675\" height=\"450\" \/><figcaption id=\"caption-attachment-12850\" class=\"wp-caption-text\">Arte que da hambre<\/figcaption><\/figure>\n<p>La colecci\u00f3n empieza ser m\u00e1s abstracta, pero encontramos curiosidades como esta colecci\u00f3n de retratos cuyas cabezas simulan la forma de un toc\u00f3n.<\/p>\n<figure id=\"attachment_12842\" aria-describedby=\"caption-attachment-12842\" style=\"width: 450px\" class=\"wp-caption aligncenter\"><img data-recalc-dims=\"1\" loading=\"lazy\" decoding=\"async\" class=\"size-full wp-image-12842\" src=\"https:\/\/i0.wp.com\/rutasporespana.es\/blog\/wp-content\/uploads\/2019\/06\/Cabeza-de-tocon.jpg?resize=450%2C675\" alt=\"Cabeza de toc\u00f3n\" width=\"450\" height=\"675\" \/><figcaption id=\"caption-attachment-12842\" class=\"wp-caption-text\">Cabeza de toc\u00f3n<\/figcaption><\/figure>\n<p>Pero no hay que olvidar donde nos encontramos, ya que al entrar a la parte alta nos asombra las vistas de las b\u00f3vedas del convento, esto s\u00ed que no se ven en cualquier museo. Desde Aqu\u00ed, podemos acceder al <strong>Museo de Santa Cruz<\/strong> donde se realizan exposiciones temporales.<\/p>\n<figure id=\"attachment_12845\" aria-describedby=\"caption-attachment-12845\" style=\"width: 675px\" class=\"wp-caption aligncenter\"><img data-recalc-dims=\"1\" loading=\"lazy\" decoding=\"async\" class=\"size-full wp-image-12845\" src=\"https:\/\/i0.wp.com\/rutasporespana.es\/blog\/wp-content\/uploads\/2019\/06\/Junto-a-las-bovedas.jpg?resize=675%2C450\" alt=\"Junto a las bovedas\" width=\"675\" height=\"450\" \/><figcaption id=\"caption-attachment-12845\" class=\"wp-caption-text\">Junto a las bovedas<\/figcaption><\/figure>\n<p>Terminamos aqu\u00ed nuestra visita a la Colecci\u00f3n Roberto Polo, fuimos sin ideas preconcebidas y nos sorprendi\u00f3, primero el edificio (una joya poco conocida de la ciudad) y despu\u00e9s la colecci\u00f3n. Tanto sea un entendido de arte como si no, su perfecta ubicaci\u00f3n y la calidad de la colecci\u00f3n que se expone, le hace una visita original y diferente a la que puedes encontrar en la ciudad. Si ya has pasado por el Museo de El Greco y buscas algo diferente date una vuelta por este museo.<\/p>\n<div class=\"caja-info\">\n<h3>M\u00e1s informaci\u00f3n<\/h3>\n<ul>\n<li><u>Horario<\/u>: de 10 a 18 de lunes a s\u00e1bado. Domingos de 10 a 15 horas<\/li>\n<li><u>Precios<\/u>: 4 \u20ac. Reducida: 2 \u20ac.<\/li>\n<li><u>Web<\/u>: <a href=\"https:\/\/www.coleccionrobertopolo.es\/\" target=\"_blank\" rel=\"noopener noreferrer\">https:\/\/www.coleccionrobertopolo.es\/<\/a><\/li>\n<\/ul>\n<\/div>\n","protected":false},"excerpt":{"rendered":"<div class=\"mh-excerpt\"><p>Toledo es conocido por su gran patrimonio monumental que atrae a miles de turistas todos las semanas. Pero no todo son monumentos en Toledo, ya <a class=\"mh-excerpt-more\" href=\"https:\/\/www.rutasporespana.es\/blog\/visita-coleccion-polo-museo-arte-moderno-toledo\/\" title=\"Visita a la Colecci\u00f3n Polo en el Centro de Arte Moderno y Contempor\u00e1neo de Castilla-La Mancha\">[&#8230;]<\/a><\/p>\n<\/div>","protected":false},"author":1,"featured_media":12849,"comment_status":"open","ping_status":"open","sticky":false,"template":"","format":"standard","meta":{"_jetpack_memberships_contains_paid_content":false,"footnotes":"","jetpack_publicize_message":"","jetpack_publicize_feature_enabled":true,"jetpack_social_post_already_shared":true,"jetpack_social_options":{"image_generator_settings":{"template":"highway","default_image_id":0,"font":"","enabled":false},"version":2}},"categories":[156],"tags":[],"class_list":["post-12840","post","type-post","status-publish","format-standard","has-post-thumbnail","hentry","category-toledo"],"aioseo_notices":[],"jetpack_publicize_connections":[],"jetpack_featured_media_url":"https:\/\/i0.wp.com\/www.rutasporespana.es\/blog\/wp-content\/uploads\/2019\/06\/Coleccion-Polo.jpg?fit=675%2C566&ssl=1","jetpack_sharing_enabled":true,"_links":{"self":[{"href":"https:\/\/www.rutasporespana.es\/blog\/wp-json\/wp\/v2\/posts\/12840","targetHints":{"allow":["GET"]}}],"collection":[{"href":"https:\/\/www.rutasporespana.es\/blog\/wp-json\/wp\/v2\/posts"}],"about":[{"href":"https:\/\/www.rutasporespana.es\/blog\/wp-json\/wp\/v2\/types\/post"}],"author":[{"embeddable":true,"href":"https:\/\/www.rutasporespana.es\/blog\/wp-json\/wp\/v2\/users\/1"}],"replies":[{"embeddable":true,"href":"https:\/\/www.rutasporespana.es\/blog\/wp-json\/wp\/v2\/comments?post=12840"}],"version-history":[{"count":0,"href":"https:\/\/www.rutasporespana.es\/blog\/wp-json\/wp\/v2\/posts\/12840\/revisions"}],"wp:featuredmedia":[{"embeddable":true,"href":"https:\/\/www.rutasporespana.es\/blog\/wp-json\/wp\/v2\/media\/12849"}],"wp:attachment":[{"href":"https:\/\/www.rutasporespana.es\/blog\/wp-json\/wp\/v2\/media?parent=12840"}],"wp:term":[{"taxonomy":"category","embeddable":true,"href":"https:\/\/www.rutasporespana.es\/blog\/wp-json\/wp\/v2\/categories?post=12840"},{"taxonomy":"post_tag","embeddable":true,"href":"https:\/\/www.rutasporespana.es\/blog\/wp-json\/wp\/v2\/tags?post=12840"}],"curies":[{"name":"wp","href":"https:\/\/api.w.org\/{rel}","templated":true}]}}