{"id":12646,"date":"2025-10-16T18:30:20","date_gmt":"2025-10-16T16:30:20","guid":{"rendered":"http:\/\/www.rutasporespana.es\/blog\/?p=12646"},"modified":"2025-10-27T13:04:50","modified_gmt":"2025-10-27T12:04:50","slug":"10-pueblos-espana-donde-sufriras-vertigo","status":"publish","type":"post","link":"https:\/\/www.rutasporespana.es\/blog\/10-pueblos-espana-donde-sufriras-vertigo\/","title":{"rendered":"10 pueblos de Espa\u00f1a donde sufrir\u00e1s de v\u00e9rtigo"},"content":{"rendered":"<p>Hoy vamos a hablar de alturas pero de un tipo m\u00e1s rural y natural, la de vivir al borde del precipicio. Situados cerca de importantes accidentes geogr\u00e1ficos, como acantilados, montes y r\u00edos. Espa\u00f1a posee decenas de pueblos que desaf\u00edan las leyes de la gravedad y permiten disfrutar de alturas de v\u00e9rtigo. En la mayor\u00eda de los casos, su peculiar ubicaci\u00f3n no responde a cuestiones azarosas sino estrat\u00e9gicas y defensivas. As\u00ed que vamos a hacer un recorrido por <strong>10 de estos pueblos asombrosos<\/strong>. Y si crees que nos hemos dejado alguno, cu\u00e9ntanoslo en los comentarios y tomaremos nota.<\/p>\n<p><!--more--><\/p>\n<h2><span style=\"font-size: 45px; margin: 0 9px 0 0; padding: 0 13px 0 0;\">1<\/span> Alcal\u00e1 del J\u00facar, Albacete<\/h2>\n<hr \/>\n<p>Alcal\u00e1 del J\u00facar, en la provincia de <a href=\"https:\/\/www.rutasporespana.es\/blog\/ruta-por-la-provincia-albacete-que-ver-en-albacete\/\" target=\"_blank\" rel=\"noopener noreferrer\">Albacete<\/a>. Est\u00e1 situado en la ladera de una monta\u00f1a por donde pasa rode\u00e1ndolo el r\u00edo J\u00facar. Sus casas encaladas, se muestran en escalones por la ladera de la monta\u00f1a, e incluso algunas excavan la monta\u00f1a en forma de casas-cuevas. Por si esto fuera poco, en su cima se encuentra su castillo, lo que dibuja una de las estampas m\u00e1s bonitas de la provincia de Albacete.<\/p>\n<figure id=\"attachment_21621\" aria-describedby=\"caption-attachment-21621\" style=\"width: 675px\" class=\"wp-caption aligncenter\"><img data-recalc-dims=\"1\" loading=\"lazy\" decoding=\"async\" class=\"wp-image-21621 size-full\" src=\"https:\/\/i0.wp.com\/www.rutasporespana.es\/blog\/wp-content\/uploads\/2015\/02\/Alcala-Jucar2-1.jpg?resize=675%2C450&#038;ssl=1\" alt=\"Mirador de Alcal\u00e1 del J\u00facar\" width=\"675\" height=\"450\" \/><figcaption id=\"caption-attachment-21621\" class=\"wp-caption-text\">Mirador &#8211; que ver en Alcal\u00e1 del J\u00facar<\/figcaption><\/figure>\n<p><strong>+ Post:<\/strong> <a href=\"https:\/\/www.rutasporespana.es\/blog\/que-ver-alcala-del-jucar\/\" target=\"_blank\" rel=\"noopener noreferrer\">Ruta por la Provincia de Albacete: \u00bfQu\u00e9 ver en Alcal\u00e1 del J\u00facar?<\/a><\/p>\n<h2><span style=\"font-size: 45px; margin: 0 9px 0 0; padding: 0 13px 0 0;\">2<\/span> Ronda, M\u00e1laga<\/h2>\n<hr \/>\n<p>Ronda se asienta sobre una meseta cortada por un profundo tajo excavado por el r\u00edo Guadalev\u00edn, al que asoman los edificios de su casco hist\u00f3rico. Para salvar este corte, se construy\u00f3 el puente Nuevo cuyos cimientos se elevan a uno 100 metros de altura, lo que le han convertido en una de las fotos m\u00e1s ic\u00f3nicas de la localidad. Si no tienes miedo a las alturas, atr\u00e9vete a mirar desde \u201cbalc\u00f3n del co\u00f1o\u201d esta impresionante altura.<\/p>\n<figure id=\"attachment_12526\" aria-describedby=\"caption-attachment-12526\" style=\"width: 675px\" class=\"wp-caption aligncenter\"><img data-recalc-dims=\"1\" loading=\"lazy\" decoding=\"async\" class=\"size-full wp-image-12526\" src=\"https:\/\/i0.wp.com\/rutasporespana.es\/blog\/wp-content\/uploads\/2019\/03\/Ronda.jpg?resize=675%2C450\" alt=\"Ronda\" width=\"675\" height=\"450\" \/><figcaption id=\"caption-attachment-12526\" class=\"wp-caption-text\">Ronda<\/figcaption><\/figure>\n<p><strong>+ Post:<\/strong> <a href=\"https:\/\/www.rutasporespana.es\/blog\/que-ver-en-ronda\/\" target=\"_blank\" rel=\"noopener noreferrer\">Ruta por la provincia de M\u00e1laga: \u00bfQu\u00e9 ver en Ronda?<\/a><\/p>\n<h2><span style=\"font-size: 45px; margin: 0 9px 0 0; padding: 0 13px 0 0;\">3<\/span> Segura de la Sierra, Ja\u00e9n<\/h2>\n<hr \/>\n<p>Otro pueblo que nos deja con la boca abierta por su compleja orograf\u00eda es Segura de la Sierra. Situado en pleno coraz\u00f3n del Parque Natural Sierras de Cazorla, Segura y las Villas, donde sus empinadas y estrechas callejuelas nos recuerdan su pasado medieval. En lo alto, como eterno vig\u00eda del pueblo, se encuentra su impresionante <a href=\"https:\/\/www.rutasporespana.es\/blog\/10-castillos-que-parecen-de-cuento-en-espana\/\" target=\"_blank\" rel=\"noopener noreferrer\">castillo<\/a>. Desde el que tenemos unas vistas de infarto.<\/p>\n<figure id=\"attachment_12647\" aria-describedby=\"caption-attachment-12647\" style=\"width: 675px\" class=\"wp-caption aligncenter\"><img data-recalc-dims=\"1\" loading=\"lazy\" decoding=\"async\" class=\"size-full wp-image-12647\" src=\"https:\/\/i0.wp.com\/rutasporespana.es\/blog\/wp-content\/uploads\/2019\/04\/Segura-Sierra.jpg?resize=675%2C450\" alt=\"Segura de Sierra\" width=\"675\" height=\"450\" \/><figcaption id=\"caption-attachment-12647\" class=\"wp-caption-text\">Segura de Sierra<\/figcaption><\/figure>\n<p><strong>+ Post:<\/strong> <a href=\"https:\/\/www.rutasporespana.es\/blog\/ruta-provincia-jaen-que-ver-segura-de-la-sierra\/\" target=\"_blank\" rel=\"noopener noreferrer\">Ruta por la provincia de Ja\u00e9n: \u00bfQu\u00e9 ver en Segura de la Sierra?<\/a><\/p>\n<h2><span style=\"font-size: 45px; margin: 0 9px 0 0; padding: 0 13px 0 0;\">4<\/span> Albarrac\u00edn, Teruel<\/h2>\n<hr \/>\n<p>Albarrac\u00edn, en la provincia de <a href=\"https:\/\/www.rutasporespana.es\/blog\/pueblo-encanto-que-ver-albarracin\/\" target=\"_blank\" rel=\"noopener noreferrer\">Teruel<\/a>, es un pintoresco pueblo medieval rodeado por un profundo tajo que hace las veces de foso defensivo. Complementado por un cinto de murallas que recorren las colinas adyacentes. En su punto m\u00e1s alto destaca la Torre del Andador, una construcci\u00f3n del siglo X, visible desde cualquier \u00e1ngulo. Siguiendo el paseo por la muralla podemos ver Albarrac\u00edn por completo y todo el paisaje que rodea este entorno natural de la Sierra de Albarrac\u00edn.<\/p>\n<figure id=\"attachment_12521\" aria-describedby=\"caption-attachment-12521\" style=\"width: 675px\" class=\"wp-caption aligncenter\"><img data-recalc-dims=\"1\" loading=\"lazy\" decoding=\"async\" class=\"size-full wp-image-12521\" src=\"https:\/\/i0.wp.com\/rutasporespana.es\/blog\/wp-content\/uploads\/2019\/03\/Albarracin.jpg?resize=675%2C449\" alt=\"Albarrac\u00edn\" width=\"675\" height=\"449\" \/><figcaption id=\"caption-attachment-12521\" class=\"wp-caption-text\">Albarrac\u00edn<\/figcaption><\/figure>\n<p><strong>+ Post:<\/strong> <a title=\"que ver albarracin\" href=\"https:\/\/www.rutasporespana.es\/blog\/pueblo-encanto-que-ver-albarracin\/\" target=\"_blank\" rel=\"noopener noreferrer\">Ruta por la provincia de Teruel: \u00bfQu\u00e9 ver en Albarrac\u00edn?<\/a><\/p>\n<h2><span style=\"font-size: 45px; margin: 0 9px 0 0; padding: 0 13px 0 0;\">5<\/span> Fr\u00edas, Burgos<\/h2>\n<hr \/>\n<p>A los pies de los Montes Obarenes, sobre la abrupta plataforma de toba conocida como \u201cLa Muela\u201d, y rodeada de f\u00e9rtiles tierras regadas por el Ebro, aparece Fr\u00edas, situada en una perfecta atalaya para controlar el acceso al valle de Tobalina.<\/p>\n<p>En su casco urbano destacan sus casas colgadas construidas en toba y madera, y que se asoman sobre el mismo borde del cerro de La Muela como si fueran a punto de tirarse al vac\u00edo. Pero no hay peligro, ya que desde lo alto, el Castillo de los Velasco controla desde la cima todo lo que pasa en Fr\u00edas.<\/p>\n<figure id=\"attachment_12527\" aria-describedby=\"caption-attachment-12527\" style=\"width: 675px\" class=\"wp-caption aligncenter\"><img data-recalc-dims=\"1\" loading=\"lazy\" decoding=\"async\" class=\"size-full wp-image-12527\" src=\"https:\/\/i0.wp.com\/rutasporespana.es\/blog\/wp-content\/uploads\/2019\/03\/Frias.jpg?resize=675%2C450\" alt=\"Fr\u00edas\" width=\"675\" height=\"450\" \/><figcaption id=\"caption-attachment-12527\" class=\"wp-caption-text\">Fr\u00edas<\/figcaption><\/figure>\n<p><strong>+ Post:<\/strong> <a href=\"https:\/\/www.rutasporespana.es\/blog\/ruta-por-la-provincia-de-burgos-que-ver-en-frias\/\" target=\"_blank\" rel=\"noopener noreferrer\">Ruta por la provincia de Burgos: \u00bfQu\u00e9 ver en Fr\u00edas?<\/a><\/p>\n<h2><span style=\"font-size: 45px; margin: 0 9px 0 0; padding: 0 13px 0 0;\">6<\/span> Lastres, Asturias<\/h2>\n<hr \/>\n<p>Situada en la parte menos vertical de un altivo acantilado. La villa porte\u00f1a de Lastres est\u00e1 formada por blanco caser\u00edos que de forma escalonada van descendiendo hasta el puerto a trav\u00e9s de calles estrechas y empinadas. Sus casas a dos alturas con balcones de madera al vac\u00edo no son aptos para los que padezca del mal de altura. Pero si superar tus miedos las mejores vistas de Lastres las tienes desde el Mirador de San Roque.<\/p>\n<figure id=\"attachment_12649\" aria-describedby=\"caption-attachment-12649\" style=\"width: 675px\" class=\"wp-caption aligncenter\"><img data-recalc-dims=\"1\" loading=\"lazy\" decoding=\"async\" class=\"size-full wp-image-12649\" src=\"https:\/\/i0.wp.com\/rutasporespana.es\/blog\/wp-content\/uploads\/2019\/04\/Lastres.jpg?resize=675%2C450\" alt=\"Lastres\" width=\"675\" height=\"450\" \/><figcaption id=\"caption-attachment-12649\" class=\"wp-caption-text\">Lastres<\/figcaption><\/figure>\n<p><strong>+ Post:<\/strong> <a href=\"https:\/\/www.rutasporespana.es\/blog\/ruta-por-asturias-que-ver-en-lastres\/\" target=\"_blank\" rel=\"noopener noreferrer\">Ruta por Asturias: \u00bfQu\u00e9 ver en Latres?<\/a><\/p>\n<h2><span style=\"font-size: 45px; margin: 0 9px 0 0; padding: 0 13px 0 0;\">7<\/span> Trevejo, C\u00e1ceres<\/h2>\n<hr \/>\n<p>Sobre un atalaya que domina la Sierra de <a href=\"https:\/\/www.rutasporespana.es\/blog\/ruta-por-la-sierra-de-gata-que-ver-en-gata\/\" target=\"_blank\" rel=\"noopener noreferrer\">Gata<\/a> extreme\u00f1a, nos encontramos con la aldea medieval de Trevejo. Esta pedan\u00eda del municipio de Villamiel, de apenas una decena de casas en piedra, conviven con los restos de un castillo del siglo XV, que intenta mantenerse en pie a pesar del tiempo.<\/p>\n<figure id=\"attachment_12648\" aria-describedby=\"caption-attachment-12648\" style=\"width: 675px\" class=\"wp-caption aligncenter\"><img data-recalc-dims=\"1\" loading=\"lazy\" decoding=\"async\" class=\"size-full wp-image-12648\" src=\"https:\/\/i0.wp.com\/rutasporespana.es\/blog\/wp-content\/uploads\/2019\/04\/Trevejo.jpg?resize=675%2C450\" alt=\"Trevejo\" width=\"675\" height=\"450\" \/><figcaption id=\"caption-attachment-12648\" class=\"wp-caption-text\">Trevejo<\/figcaption><\/figure>\n<p>+ Post: <a href=\"https:\/\/www.rutasporespana.es\/blog\/ruta-por-la-sierra-de-gata-que-ver-en-trevejo\/\" target=\"_blank\" rel=\"noopener noreferrer\">Ruta por la Sierra de Gata: \u00bfQu\u00e9 ver en Trevejo?<\/a><\/p>\n<h2><span style=\"font-size: 45px; margin: 0 9px 0 0; padding: 0 13px 0 0;\">8<\/span> Li\u00e9tor, Albacete<\/h2>\n<hr \/>\n<p>Colgada sobre el Valle del R\u00edo Mundo, Li\u00e9tor se presenta al visitante como uno de los parajes m\u00e1s bellos de la Sierra del Segura. Este municipio desaf\u00eda al v\u00e9rtigo, con una compleja orograf\u00eda, cuyas casas se asoman al <a href=\"https:\/\/www.rutasporespana.es\/blog\/ruta-por-la-provincia-de-albacete-riopar-y-el-nacimiento-del-rio-mundo\/\" target=\"_blank\" rel=\"noopener noreferrer\">r\u00edo Mundo<\/a> desde lo alto de un precipicio. En su interior, encontramos callejuelas estrechas y angostas que albergan un importante legado art\u00edstico y monumental. En el barrio morisco, tres balcones se asoman al valle, a 100 metros de altura sobre el r\u00edo. Uno de ellos con una pasarela enganchada sobre la roca que pondr\u00e1 a prueba nuestro valor.<\/p>\n<figure id=\"attachment_12650\" aria-describedby=\"caption-attachment-12650\" style=\"width: 675px\" class=\"wp-caption aligncenter\"><img data-recalc-dims=\"1\" loading=\"lazy\" decoding=\"async\" class=\"size-full wp-image-12650\" src=\"https:\/\/i0.wp.com\/rutasporespana.es\/blog\/wp-content\/uploads\/2019\/04\/Lietor.jpg?resize=675%2C450\" alt=\"Li\u00e9tor\" width=\"675\" height=\"450\" \/><figcaption id=\"caption-attachment-12650\" class=\"wp-caption-text\">Li\u00e9tor<\/figcaption><\/figure>\n<p><strong>+ Post:<\/strong> <a href=\"https:\/\/www.rutasporespana.es\/blog\/ruta-amanecista-que-ver-en-lietor\/\" target=\"_blank\" rel=\"noopener noreferrer\">Ruta Amanecista: \u00bfQu\u00e9 ver en Li\u00e9tor?<\/a><\/p>\n<h2><span style=\"font-size: 45px; margin: 0 9px 0 0; padding: 0 13px 0 0;\">9<\/span> Medinaceli, Soria<\/h2>\n<hr \/>\n<p>En lo alto de un cerro en sierra Ministra, y vigilando el paisaje y la confluencia de los valles del Arbujuelo y del Jal\u00f3n, encontramos la villa de Medinaceli, que destaca por mantiene sin apenas alteraciones su aspecto medieval. El Arco romano es sin duda, el monumento m\u00e1s emblem\u00e1tico y original, por el \u00fanico de este tipo de Espa\u00f1a.<\/p>\n<figure id=\"attachment_12651\" aria-describedby=\"caption-attachment-12651\" style=\"width: 675px\" class=\"wp-caption aligncenter\"><img data-recalc-dims=\"1\" loading=\"lazy\" decoding=\"async\" class=\"size-full wp-image-12651\" src=\"https:\/\/i0.wp.com\/rutasporespana.es\/blog\/wp-content\/uploads\/2019\/04\/Medinaceli.jpg?resize=675%2C450\" alt=\"Medinaceli\" width=\"675\" height=\"450\" \/><figcaption id=\"caption-attachment-12651\" class=\"wp-caption-text\">Medinaceli<\/figcaption><\/figure>\n<p><strong>+ Post:<\/strong> <a href=\"https:\/\/www.rutasporespana.es\/blog\/ruta-por-la-provincia-de-soria-que-ver-en-medinaceli\/\" target=\"_blank\" rel=\"noopener noreferrer\">Ruta por la provincia de Soria: \u00bfQu\u00e9 ver en Medinaceli?<\/a><\/p>\n<h2><span style=\"font-size: 45px; margin: 0 9px 0 0; padding: 0 13px 0 0;\">10<\/span> Ardales, M\u00e1laga<\/h2>\n<hr \/>\n<p>Este municipio malague\u00f1o se ubica junto a un gran promontorio calizo conocido como Pe\u00f1a de Ardales. Sobre ella se asiente su Castillo de la Pe\u00f1a construido en el siglo IX durante la dominaci\u00f3n \u00e1rabe.<\/p>\n<p>Pero si por algo es conocido Ardales es por ser la puerta de entrada de uno de las atracciones naturales m\u00e1s espectaculares. Situado en el desfiladero de los Gaitanes, discurre el famoso \u00ab<a href=\"https:\/\/www.rutasporespana.es\/blog\/senda-mas-peligrosa-espana-caminito-del-rey\/\" target=\"_blank\" rel=\"noopener noreferrer\">Caminito del Rey<\/a>\u00ab, un antiguo camino de servicio para la construcci\u00f3n de la presa del Conde del Guadalhorce, y que discurr\u00eda por pasarelas a trav\u00e9s del desfiladero. Tras su restauraci\u00f3n es una de las rutas en altura m\u00e1s bonitas de la provincia de M\u00e1laga.<\/p>\n<figure id=\"attachment_12652\" aria-describedby=\"caption-attachment-12652\" style=\"width: 675px\" class=\"wp-caption aligncenter\"><img data-recalc-dims=\"1\" loading=\"lazy\" decoding=\"async\" class=\"size-full wp-image-12652\" src=\"https:\/\/i0.wp.com\/rutasporespana.es\/blog\/wp-content\/uploads\/2019\/04\/Caminito-Rey.jpg?resize=675%2C450\" alt=\"Caminito del Rey\" width=\"675\" height=\"450\" \/><figcaption id=\"caption-attachment-12652\" class=\"wp-caption-text\">Caminito del Rey<\/figcaption><\/figure>\n<p><strong>+ Post:<\/strong> <a href=\"https:\/\/www.rutasporespana.es\/blog\/senda-mas-peligrosa-espana-caminito-del-rey\/\" target=\"_blank\" rel=\"noopener noreferrer\">Gu\u00eda pr\u00e1ctica para visitar el Caminito del Rey, la senda m\u00e1s peligrosa de Espa\u00f1a<\/a><\/p>\n<p>Son muchos los pueblos de v\u00e9rtigo que no quedan por conocer, as\u00ed que te invito a descubrir los que faltan. Si te ha gustado este post, comp\u00e1rtelo entre tus amigos y conv\u00e9nceles para visitar estos incre\u00edbles lugares.<\/p>\n<h2>Tambi\u00e9n te puede interesar&#8230;<\/h2>\n<ul>\n<li><a href=\"https:\/\/www.rutasporespana.es\/blog\/las-10-cuevas-mas-bonitas-de-espana\/\" target=\"_blank\" rel=\"noopener noreferrer\">Las 10 cuevas m\u00e1s bonitas de Espa\u00f1a<\/a><\/li>\n<li><a href=\"https:\/\/www.rutasporespana.es\/blog\/10-castillos-que-parecen-de-cuento-en-espana\/\" target=\"_blank\" rel=\"noopener noreferrer\">10 castillos que parecen de cuento en Espa\u00f1a<\/a><\/li>\n<li><a href=\"https:\/\/www.rutasporespana.es\/blog\/plazas-mayores-bonitas-espana\/\" target=\"_blank\" rel=\"noopener noreferrer\">Las 10 plazas mayores m\u00e1s bonitas de Espa\u00f1a<\/a><\/li>\n<li><a href=\"https:\/\/www.rutasporespana.es\/blog\/10-rutas-de-arte-urbano-por-diferentes-rincones-de-espana\/\" target=\"_blank\" rel=\"noopener noreferrer\">10 rutas de arte urbano por diferentes rincones de Espa\u00f1a<\/a><\/li>\n<li><a href=\"https:\/\/www.rutasporespana.es\/blog\/20-pueblos-medievales-mas-bonitos-de-espana\/\" target=\"_blank\" rel=\"noopener noreferrer\">Los 20 pueblos medievales m\u00e1s bonitos de Espa\u00f1a (parte 1)<\/a><\/li>\n<li><a href=\"https:\/\/www.rutasporespana.es\/blog\/15-monumentos-naturales-mas-espectaculares-espana\/\" target=\"_blank\" rel=\"noopener noreferrer\">Los 15 monumentos naturales m\u00e1s espectaculares de Espa\u00f1a<\/a><\/li>\n<li><a href=\"https:\/\/www.rutasporespana.es\/blog\/10-cascadas-mas-espectaculares-espana\/\" target=\"_blank\" rel=\"noopener noreferrer\">Las 10 cascadas m\u00e1s espectaculares de Espa\u00f1a<\/a><\/li>\n<li><a href=\"https:\/\/www.rutasporespana.es\/blog\/20-lugares-espana-patrimonio-humanidad\/\" target=\"_blank\" rel=\"noopener noreferrer\">20 lugares de Espa\u00f1a declarados Patrimonio de la Humanidad<\/a><\/li>\n<li><a href=\"https:\/\/www.rutasporespana.es\/blog\/los-10-pueblos-amurallados-mas-bonitos-de-espana\/\" target=\"_blank\" rel=\"noopener noreferrer\">Los 10 pueblos amurallados m\u00e1s bonitos de Espa\u00f1a<\/a><\/li>\n<li><a href=\"https:\/\/www.rutasporespana.es\/blog\/10-ermitas-mas-impresionantes-espana\/\" target=\"_blank\" rel=\"noopener noreferrer\">Las 10 ermitas m\u00e1s impresionantes de Espa\u00f1a<\/a><\/li>\n<\/ul>\n<hr \/>\n<p><em>Los costes de este blog se sufragan mediante enlaces de afiliaci\u00f3n, que hacen que ganemos una peque\u00f1a comisi\u00f3n si reservas alg\u00fan producto a trav\u00e9s de los mismos. No tiene ning\u00fan coste adicional para ti y los enlaces solo son a sitios que recomendamos y que hemos utilizado nosotros mismos.<\/em><\/p>\n","protected":false},"excerpt":{"rendered":"<div class=\"mh-excerpt\"><p>Hoy vamos a hablar de alturas pero de un tipo m\u00e1s rural y natural, la de vivir al borde del precipicio. Situados cerca de importantes <a class=\"mh-excerpt-more\" href=\"https:\/\/www.rutasporespana.es\/blog\/10-pueblos-espana-donde-sufriras-vertigo\/\" title=\"10 pueblos de Espa\u00f1a donde sufrir\u00e1s de v\u00e9rtigo\">[&#8230;]<\/a><\/p>\n<\/div>","protected":false},"author":1,"featured_media":12653,"comment_status":"open","ping_status":"open","sticky":false,"template":"","format":"standard","meta":{"_jetpack_memberships_contains_paid_content":false,"footnotes":"","jetpack_publicize_message":"","jetpack_publicize_feature_enabled":true,"jetpack_social_post_already_shared":true,"jetpack_social_options":{"image_generator_settings":{"template":"highway","default_image_id":0,"font":"","enabled":false},"version":2}},"categories":[40],"tags":[106],"class_list":["post-12646","post","type-post","status-publish","format-standard","has-post-thumbnail","hentry","category-espana","tag-listas"],"aioseo_notices":[],"jetpack_publicize_connections":[],"jetpack_featured_media_url":"https:\/\/i0.wp.com\/www.rutasporespana.es\/blog\/wp-content\/uploads\/2019\/04\/Pueblos-Vertigo.jpg?fit=675%2C566&ssl=1","jetpack_sharing_enabled":true,"_links":{"self":[{"href":"https:\/\/www.rutasporespana.es\/blog\/wp-json\/wp\/v2\/posts\/12646","targetHints":{"allow":["GET"]}}],"collection":[{"href":"https:\/\/www.rutasporespana.es\/blog\/wp-json\/wp\/v2\/posts"}],"about":[{"href":"https:\/\/www.rutasporespana.es\/blog\/wp-json\/wp\/v2\/types\/post"}],"author":[{"embeddable":true,"href":"https:\/\/www.rutasporespana.es\/blog\/wp-json\/wp\/v2\/users\/1"}],"replies":[{"embeddable":true,"href":"https:\/\/www.rutasporespana.es\/blog\/wp-json\/wp\/v2\/comments?post=12646"}],"version-history":[{"count":0,"href":"https:\/\/www.rutasporespana.es\/blog\/wp-json\/wp\/v2\/posts\/12646\/revisions"}],"wp:featuredmedia":[{"embeddable":true,"href":"https:\/\/www.rutasporespana.es\/blog\/wp-json\/wp\/v2\/media\/12653"}],"wp:attachment":[{"href":"https:\/\/www.rutasporespana.es\/blog\/wp-json\/wp\/v2\/media?parent=12646"}],"wp:term":[{"taxonomy":"category","embeddable":true,"href":"https:\/\/www.rutasporespana.es\/blog\/wp-json\/wp\/v2\/categories?post=12646"},{"taxonomy":"post_tag","embeddable":true,"href":"https:\/\/www.rutasporespana.es\/blog\/wp-json\/wp\/v2\/tags?post=12646"}],"curies":[{"name":"wp","href":"https:\/\/api.w.org\/{rel}","templated":true}]}}