{"id":12287,"date":"2019-04-01T18:30:31","date_gmt":"2019-04-01T16:30:31","guid":{"rendered":"http:\/\/www.rutasporespana.es\/blog\/?p=12287"},"modified":"2025-10-06T13:03:12","modified_gmt":"2025-10-06T11:03:12","slug":"ruta-por-cantabria-que-ver-en-comillas","status":"publish","type":"post","link":"https:\/\/www.rutasporespana.es\/blog\/ruta-por-cantabria-que-ver-en-comillas\/","title":{"rendered":"Ruta por Cantabria: 10 rincones \u00fanicos que ver en Comillas"},"content":{"rendered":"<p>Comillas es una de las localidades m\u00e1s bellas de Cantabria. Un lugar de veraneo para la burgues\u00eda desde el siglo XIX que podremos recorrer en un d\u00eda. El Capricho de Gaud\u00ed, la Fuente de los tres ca\u00f1os, el Palacio de Sobrellano o el Cementerio de San Crist\u00f3bal. Son algunos de los lugares de esta villa que no te puedes perder. Si ya te ha llamado la curiosidad, s\u00edgueme y te mostrar\u00e9 los <strong>10 rincones \u00fanico<\/strong> <strong>que ver en Comillas<\/strong>.<\/p>\n<p><!--more--><\/p>\n<h2>\u00bfC\u00f3mo llegar a Comillas?<\/h2>\n<ul>\n<li><strong>En coche<\/strong><\/li>\n<\/ul>\n<p>Podemos tomar la autov\u00eda A-8 que une <a href=\"https:\/\/www.rutasporespana.es\/blog\/que-ver-en-santander-dos-dias\/\" target=\"_blank\" rel=\"noopener\">Santander<\/a> y <a href=\"https:\/\/www.rutasporespana.es\/blog\/10-cosas-que-ver-en-oviedo-alrededores\/\" target=\"_blank\" rel=\"noopener\">Oviedo<\/a> hasta la salida 249 (Comillas). Tambi\u00e9n podemos tomar la carretera nacional CA-131 que une San Vicente de la Barquera-Comillas-Santillana del Mar y Suances.<\/p>\n<ul>\n<li><strong>En transporte p\u00fablico<\/strong><\/li>\n<\/ul>\n<p>La empresa de autobuses La Cant\u00e1brica conecta diariamente Santander con Comillas.<\/p>\n<h2>\u00bfQu\u00e9 ver en Comillas?<\/h2>\n<p>La villa alcanz\u00f3 su apogeo a mediados del siglo XIX, gracias a Antonio L\u00f3pez y L\u00f3pez, comillano de origen humilde que a los 14 a\u00f1os emigr\u00f3 a Cuba, donde hizo fortuna, cas\u00e1ndose a la vuelta con la hija de un catal\u00e1n enriquecido tambi\u00e9n en la isla.<\/p>\n<p>L\u00f3pez fund\u00f3, entre otras, la Compa\u00f1\u00eda Transatl\u00e1ntica Espa\u00f1ola y la Compa\u00f1\u00eda General de Tabacos de Filipinas. Inmensamente rico, prest\u00f3 ayuda al rey Alfonso XII quien le recompens\u00f3 con el t\u00edtulo de marqu\u00e9s de Comillas y Grande de Espa\u00f1a.<\/p>\n<p>El Rey, invitado por el marqu\u00e9s, acudir\u00eda a la villa a veranear con su corte. Lo que anim\u00f3 a nobles y adinerados a elegir la comarca como lugar de descanso. De la mano del marqu\u00e9s y de su hijo, trabajaron en Comillas los mejores arquitectos modernistas catalanes: Joan Martorell, Llu\u00eds Dom\u00e8nech i Montaner y el joven Antonio Gaud\u00ed. As\u00ed Comillas se convirti\u00f3 en un lugar de ensayo del modernismo que poco despu\u00e9s se llevar\u00eda a Catalu\u00f1a.<\/p>\n<h2><span style=\"font-size: 45px; margin: 0 9px 0 0; padding: 0 13px 0 0;\">1<\/span>Fuente de los Tres Ca\u00f1os &#8211; que ver en Comillas<\/h2>\n<hr \/>\n<p>Empezamos en la Plaza de los Tres Ca\u00f1os con la modernista <strong>Fuente de los Tres Ca\u00f1os.<\/strong> Fuente-farola en piedra del arquitecto Lluis Dom\u00e8nech dedicada a Joaqu\u00edn del Pi\u00e9lago quien financi\u00f3 la tra\u00edda de aguas a la villa. La bombilla en lo alto de la fuente simboliza que Comillas fue el primer pueblo de Espa\u00f1a con luz el\u00e9ctrica.<\/p>\n<figure id=\"attachment_12292\" aria-describedby=\"caption-attachment-12292\" style=\"width: 675px\" class=\"wp-caption aligncenter\"><img data-recalc-dims=\"1\" loading=\"lazy\" decoding=\"async\" class=\"size-full wp-image-12292\" src=\"https:\/\/i0.wp.com\/rutasporespana.es\/blog\/wp-content\/uploads\/2019\/02\/Fuente-3-canos.jpg?resize=675%2C450&#038;ssl=1\" alt=\"Fuente de los tres ca\u00f1os\" width=\"675\" height=\"450\" \/><figcaption id=\"caption-attachment-12292\" class=\"wp-caption-text\">Fuente de los tres ca\u00f1os &#8211; que ver en Comillas<\/figcaption><\/figure>\n<h2><span style=\"font-size: 45px; margin: 0 9px 0 0; padding: 0 13px 0 0;\">2<\/span>Casco Antiguo de Comillas &#8211; que ver en Comillas<\/h2>\n<hr \/>\n<p>Seguimos adentr\u00e1ndonos en el peque\u00f1o casco hist\u00f3rico de Comillas, declarado conjunto hist\u00f3rico-art\u00edstico. En la cercana plaza de Joaqu\u00edn de Pi\u00e9lago se encuentra el <strong>Ayuntamiento Nuevo<\/strong> (siglo XIX). Mandado construir como escuela por Manuela del Pi\u00e9lago y S\u00e1nchez de Movell\u00e1n. En una esquina se encuentra la <strong>Casa Ocejo<\/strong> de estilo indiano, perteneci\u00f3 al primer marqu\u00e9s de Comillas.<\/p>\n<figure id=\"attachment_12293\" aria-describedby=\"caption-attachment-12293\" style=\"width: 675px\" class=\"wp-caption aligncenter\"><img data-recalc-dims=\"1\" loading=\"lazy\" decoding=\"async\" class=\"size-full wp-image-12293\" src=\"https:\/\/i0.wp.com\/rutasporespana.es\/blog\/wp-content\/uploads\/2019\/02\/Casco-antiguo-Comillas.jpg?resize=675%2C450&#038;ssl=1\" alt=\"Casco antiguo\" width=\"675\" height=\"450\" \/><figcaption id=\"caption-attachment-12293\" class=\"wp-caption-text\">Casco antiguo &#8211; que ver en Comillas<\/figcaption><\/figure>\n<blockquote><p><em>En la <strong>Casa Ocejo<\/strong> se aloj\u00f3 durante el verano de 1881 el rey Alfonso XII y en ella presidi\u00f3 un Consejo de Ministros. No se puede visitar, pero como an\u00e9cdota, Gaud\u00ed realiz\u00f3 en su interior el dise\u00f1o de la chimenea y del sal\u00f3n principal as\u00ed como un quiosco chinesco para el jard\u00edn.<\/em><\/p><\/blockquote>\n<p>Adentr\u00e1ndonos en el casco antiguo llegamos al <strong>Ayuntamiento Antiguo.<\/strong> Presidido en su fachada los escudos de los arzobispos nacidos en Camillas. Al lado tenemos la <strong>Iglesia de San Crist\u00f3bal<\/strong> (siglo XVII), que fue financiada y construida por los propios habitantes de Comillas. En el interior se venera la imagen del Cristo del Amparo, patr\u00f3n de los pescadores.<\/p>\n<figure id=\"attachment_15055\" aria-describedby=\"caption-attachment-15055\" style=\"width: 675px\" class=\"wp-caption aligncenter\"><img data-recalc-dims=\"1\" loading=\"lazy\" decoding=\"async\" class=\"size-full wp-image-15055\" src=\"https:\/\/i0.wp.com\/www.rutasporespana.es\/blog\/wp-content\/uploads\/2019\/04\/Casa-Rivero-Bustamante.jpg?resize=675%2C450&#038;ssl=1\" alt=\"Casa de Rivero y Bustamante\" width=\"675\" height=\"450\" \/><figcaption id=\"caption-attachment-15055\" class=\"wp-caption-text\">Casa de Rivero y Bustamante &#8211; que ver en Comillas<\/figcaption><\/figure>\n<p>El siguiente monumento interesante es <strong>El Espol\u00f3n<\/strong> (1804), obra del maestro c\u00e1ntabro Cosme Antonio de Bustamante. Fue mandado construir por uno de los cinco arzobispos originarios de la villa, Juan Domingo Gonz\u00e1lez de la Reguera, como escuela para ni\u00f1os y tuvo incluso una c\u00e1tedra de lat\u00edn.<\/p>\n<blockquote><p><em>Si quieres descubrir todos los secretos de la villa, lo mejor es que reserves una visita guiada por Comillas. Nosotros hicimos la <a href=\"https:\/\/www.civitatis.com\/es\/comillas\/?aid=2170\" target=\"_blank\" rel=\"nofollow noopener sponsored\">visita guiada con Civitatis<\/a> (si reservas con este enlace a ti te cuesta lo mismo y a nosotros nos permite seguir escribiendo, gracias)<\/em><\/p><\/blockquote>\n<h2><span style=\"font-size: 45px; margin: 0 9px 0 0; padding: 0 13px 0 0;\">3<\/span>Mirador de Santa Luc\u00eda &#8211; que ver en Comillas<\/h2>\n<hr \/>\n<p>Continuando con por el camino de Santa Luc\u00eda llegamos al <strong>Mirador de Santa Luc\u00eda<\/strong>, desde el que tenemos unas estupendas vistas de la <strong>Playa de Comillas<\/strong> y del Puerto.<\/p>\n<blockquote><p><em>La primera menci\u00f3n de Comillas aparece en el siglo XI, en una donaci\u00f3n a la abad\u00eda de Santillana de unas casas en esta villa. Entre los siglos XVI y XVIII su puerto destac\u00f3 por la pesca de la ballena, siendo de hecho el \u00faltimo puerto base del Cant\u00e1brico para barcos balleneros.<\/em><\/p><\/blockquote>\n<h2><span style=\"font-size: 45px; margin: 0 9px 0 0; padding: 0 13px 0 0;\">4<\/span>Cementerio de Comillas &#8211; que ver en Comillas<\/h2>\n<hr \/>\n<p>Desde el mirador comenzamos la bajada hasta llegar a la playa y el Puerto. El siguiente destino es el <strong>Cementerio<\/strong>, donde podemos admirar la estatua del \u00c1ngel Exterminador de Llimona, empu\u00f1ando su espada mirando al mar en el muro m\u00e1s alto del cementerio. Esta estatua se esculpi\u00f3 para ser colocada en la Capilla-Pante\u00f3n del Palacio de Sobrellano, pero debido a un error en las dimensiones, no entraba dentro de la capilla y lo trajeron aqu\u00ed.<\/p>\n<figure id=\"attachment_15054\" aria-describedby=\"caption-attachment-15054\" style=\"width: 675px\" class=\"wp-caption aligncenter\"><img data-recalc-dims=\"1\" loading=\"lazy\" decoding=\"async\" class=\"size-full wp-image-15054\" src=\"https:\/\/i0.wp.com\/www.rutasporespana.es\/blog\/wp-content\/uploads\/2019\/04\/Cementerio-Comillas.jpg?resize=675%2C450&#038;ssl=1\" alt=\"Cementerio de Comillas\" width=\"675\" height=\"450\" \/><figcaption id=\"caption-attachment-15054\" class=\"wp-caption-text\">Cementerio de Comillas &#8211; que ver en Comillas<\/figcaption><\/figure>\n<h2><span style=\"font-size: 45px; margin: 0 9px 0 0; padding: 0 13px 0 0;\">5<\/span>Monumento al Marqu\u00e9s de Comillas<\/h2>\n<hr \/>\n<p>De camino tenemos el <strong>Monumento al Marqu\u00e9s de Comillas<\/strong>, dise\u00f1ado por el arquitecto catal\u00e1n Domenech i Montaner, como homenaje al Marqu\u00e9s de Comillas, representa un barco.<\/p>\n<figure id=\"attachment_15058\" aria-describedby=\"caption-attachment-15058\" style=\"width: 675px\" class=\"wp-caption aligncenter\"><img data-recalc-dims=\"1\" loading=\"lazy\" decoding=\"async\" class=\"size-full wp-image-15058\" src=\"https:\/\/i0.wp.com\/www.rutasporespana.es\/blog\/wp-content\/uploads\/2019\/04\/Monumento-Marques-Comillas.jpg?resize=675%2C468&#038;ssl=1\" alt=\"Monumento al Marqu\u00e9s de Comillas\" width=\"675\" height=\"468\" \/><figcaption id=\"caption-attachment-15058\" class=\"wp-caption-text\">Monumento al Marqu\u00e9s de Comillas &#8211; que ver en Comillas<\/figcaption><\/figure>\n<h2><span style=\"font-size: 45px; margin: 0 9px 0 0; padding: 0 13px 0 0;\">6<\/span>El Capricho &#8211; que ver en Comillas<\/h2>\n<hr \/>\n<p>Volvemos donde empezamos ya que nos queda otra de los lugares m\u00e1s interesantes de Comilla, el cual le ha dado tanta fama. Cada edificio tiene su propio horario, precio y r\u00e9gimen de visitas. As\u00ed que debemos de planificar el orden para evitar tiempos muertos.<\/p>\n<p>Empezamos por <strong>El Capricho<\/strong> (1883-1885) primer trabajo en la villa del c\u00e9lebre <a href=\"https:\/\/www.rutasporespana.es\/blog\/recorriendo-la-obra-de-gaudi-fuera-de-cataluna\/\" target=\"_blank\" rel=\"noopener noreferrer\">Antonio Gaud\u00ed<\/a>. El edificio es una residencia de verano de estilo modernista con influencia mud\u00e9jar encargado por el m\u00fasico M\u00e1ximo D\u00edaz de Quijano, un gran pianista. El dise\u00f1o de las habitaciones est\u00e1 pensado para que la luz solar vaya iluminando todas las estancias a lo largo del d\u00eda y el uso del girasol, como elemento decorativo, hace referencia al recorrido de la luz.<\/p>\n<div class=\"caja-info\">\n<p class=\"info\"><strong>M\u00e1s informaci\u00f3n<\/strong><\/p>\n<ul>\n<li><strong>Precio<\/strong>: adultos 5 \u20ac \/ ni\u00f1os (7-14 a\u00f1os) 2,50 \u20ac<\/li>\n<li><strong>Horario<\/strong>: abierto todos los d\u00edas de 10:30 a 17:30<\/li>\n<li><strong>Web<\/strong>: <a href=\"https:\/\/www.elcaprichodegaudi.com\" target=\"_blank\" rel=\"nofollow noopener noreferrer\">https:\/\/www.elcaprichodegaudi.com<\/a><\/li>\n<\/ul>\n<\/div>\n<figure id=\"attachment_12288\" aria-describedby=\"caption-attachment-12288\" style=\"width: 675px\" class=\"wp-caption aligncenter\"><img data-recalc-dims=\"1\" loading=\"lazy\" decoding=\"async\" class=\"size-full wp-image-12288\" src=\"https:\/\/i0.wp.com\/rutasporespana.es\/blog\/wp-content\/uploads\/2019\/02\/Capricho-Gaudi.jpg?resize=675%2C450&#038;ssl=1\" alt=\"Capricho de Gaud\u00ed\" width=\"675\" height=\"450\" \/><figcaption id=\"caption-attachment-12288\" class=\"wp-caption-text\">Capricho de Gaud\u00ed &#8211; que ver en Comillas<\/figcaption><\/figure>\n<blockquote><p><em>Seguro que habr\u00e1s pensado que el nombre de \u00abEl Capricho\u00bb hac\u00eda referencia al antojo de su due\u00f1o, pero nada m\u00e1s lejos de la realidad. Ya que hace alusi\u00f3n a la composici\u00f3n musical libre y fantasiosa, como el resto del edificio,\u00a0 todo gira en torno a la m\u00fasica.<\/em><\/p><\/blockquote>\n<h2><span style=\"font-size: 45px; margin: 0 9px 0 0; padding: 0 13px 0 0;\">7<\/span>Palacio de Sobrellano &#8211; que ver en Comillas<\/h2>\n<hr \/>\n<p>A su lado, sobre la colina de Sobrellano, se encuentra el <strong>Palacio de Sobrellano<\/strong> o Palacio del marqu\u00e9s de Comillas (1882-1888), de estilo neog\u00f3tico. Fue encargado por el primer marqu\u00e9s de Comillas al arquitecto catal\u00e1n Joan Martorell, y ejecutado por Crist\u00f3bal Cascante.<\/p>\n<div class=\"caja-info\">\n<p class=\"info\"><strong>M\u00e1s informaci\u00f3n<\/strong><\/p>\n<ul>\n<li><strong>Horario:<\/strong> <u>Del 1 de noviembre al 31 de marzo<\/u>: de martes a viernes a las 10:30, 11:30, 12:30, 13:30 y 14:30 h y los s\u00e1bados, domingos y festivos a las 10:30, 11:30, 12:30, 13:30, 15:30 y 16:30 h. <u>Del 1 de abril al 1 de junio y del 16 de septiembre al 31 de octubre<\/u>: de martes a domingo a las 10:30, 11:30, 12:30, 13:30, 15:30, 16:30 y 17:30 horas. <u>Del 16 de junio al 15 de septiembre<\/u>: de martes a domingo a las 10:30, 11:30, 12:30, 13:30, 15:30, 16:30, 17:30 y 18:30 horas.<\/li>\n<li><strong>Precio:<\/strong> 3\u20ac<\/li>\n<\/ul>\n<\/div>\n<figure id=\"attachment_12289\" aria-describedby=\"caption-attachment-12289\" style=\"width: 675px\" class=\"wp-caption aligncenter\"><img data-recalc-dims=\"1\" loading=\"lazy\" decoding=\"async\" class=\"size-full wp-image-12289\" src=\"https:\/\/i0.wp.com\/rutasporespana.es\/blog\/wp-content\/uploads\/2019\/02\/Palacio-Sobrellano.jpg?resize=675%2C450&#038;ssl=1\" alt=\"Palacio de Sobrellano\" width=\"675\" height=\"450\" \/><figcaption id=\"caption-attachment-12289\" class=\"wp-caption-text\">Palacio de Sobrellano &#8211; que ver en Comillas<\/figcaption><\/figure>\n<figure id=\"attachment_12296\" aria-describedby=\"caption-attachment-12296\" style=\"width: 675px\" class=\"wp-caption aligncenter\"><img data-recalc-dims=\"1\" loading=\"lazy\" decoding=\"async\" class=\"size-full wp-image-12296\" src=\"https:\/\/i0.wp.com\/rutasporespana.es\/blog\/wp-content\/uploads\/2019\/02\/Interior-Palacio-Sobrellano.jpg?resize=675%2C450&#038;ssl=1\" alt=\"Interior del Palacio de Sobrellano\" width=\"675\" height=\"450\" \/><figcaption id=\"caption-attachment-12296\" class=\"wp-caption-text\">Interior del Palacio de Sobrellano &#8211; que ver en Comillas<\/figcaption><\/figure>\n<h2><span style=\"font-size: 45px; margin: 0 9px 0 0; padding: 0 13px 0 0;\">8<\/span>Capilla-Pante\u00f3n del Palacio de Sobrellano &#8211; que ver en Comillas<\/h2>\n<hr \/>\n<p>Forma conjunto con el palacio la <strong>Capilla-Pante\u00f3n del Palacio de Sobrellano<\/strong>, tambi\u00e9n de Martorell, en la que sobresalen las vidrieras y los panteones esculpidos por Llimona y los hermanos Vallmitjana. Parte de su mobiliario fue tambi\u00e9n dise\u00f1ado por Gaud\u00ed.<\/p>\n<div class=\"caja-info\">\n<p class=\"info\"><strong>M\u00e1s informaci\u00f3n<\/strong><\/p>\n<ul>\n<li><strong>Horario<\/strong>: mismo horario que el palacio de Sobrellano (la visita se realiza a continuaci\u00f3n de la del palacio).<\/li>\n<li><strong>Precio<\/strong>: 3\u20ac<\/li>\n<li><strong>Web:<\/strong> <a href=\"https:\/\/centros.culturadecantabria.com\/palacio-de-sobrellano\/\" target=\"_blank\" rel=\"nofollow noopener noreferrer\">https:\/\/centros.culturadecantabria.com\/palacio-de-sobrellano\/<\/a><\/li>\n<\/ul>\n<\/div>\n<figure id=\"attachment_12295\" aria-describedby=\"caption-attachment-12295\" style=\"width: 675px\" class=\"wp-caption aligncenter\"><img data-recalc-dims=\"1\" loading=\"lazy\" decoding=\"async\" class=\"size-full wp-image-12295\" src=\"https:\/\/i0.wp.com\/rutasporespana.es\/blog\/wp-content\/uploads\/2019\/02\/Panteon-Sobrellano.jpg?resize=675%2C450&#038;ssl=1\" alt=\"Capilla-Pante\u00f3n del Palacio de Sobrellano\" width=\"675\" height=\"450\" \/><figcaption id=\"caption-attachment-12295\" class=\"wp-caption-text\">Capilla-Pante\u00f3n del Palacio de Sobrellano &#8211; que ver en Comillas<\/figcaption><\/figure>\n<h2><span style=\"font-size: 45px; margin: 0 9px 0 0; padding: 0 13px 0 0;\">9<\/span>Antigua Universidad Pontificia &#8211; que ver en Comillas<\/h2>\n<hr \/>\n<p>En la colina de La Cardosa encontramos la <strong>Antigua Universidad Pontificia <\/strong>(1883-1946), encargo de Antonio L\u00f3pez como seminario de jesuitas para pobres, actualmente sede de la Fundaci\u00f3n Comillas, destinada a la ense\u00f1anza especializada del espa\u00f1ol. Obra ecl\u00e9ctica g\u00f3tico-mud\u00e9jar del arquitecto Martorell, mantiene en planta el esquema de las obras de la Compa\u00f1\u00eda de Jes\u00fas. Destaca el arco rebajado de la escalera de Dom\u00e8nech y la puerta de las Virtudes del escultor Eusebio Arnau.<\/p>\n<div class=\"caja-info\">\n<p class=\"info\"><strong>M\u00e1s informaci\u00f3n<\/strong><\/p>\n<ul>\n<li><strong>Horario<\/strong>: 10:00, 11:00, 12:00 y 13:00<\/li>\n<li><strong>Precio<\/strong>: 3,50 \u20ac (si queremos subir con el coche, el acceso cuesta 2 \u20ac)<\/li>\n<li><strong>Web:<\/strong> <a href=\"https:\/\/fundacioncomillas.es\/\" target=\"_blank\" rel=\"nofollow noopener noreferrer\">https:\/\/fundacioncomillas.es\/<\/a><\/li>\n<\/ul>\n<\/div>\n<figure id=\"attachment_12290\" aria-describedby=\"caption-attachment-12290\" style=\"width: 675px\" class=\"wp-caption aligncenter\"><img data-recalc-dims=\"1\" loading=\"lazy\" decoding=\"async\" class=\"wp-image-12290 size-full\" src=\"https:\/\/i0.wp.com\/www.rutasporespana.es\/blog\/wp-content\/uploads\/2019\/02\/Universidad-Potificia.jpg?resize=675%2C450&#038;ssl=1\" alt=\"Universidad Pontificia\" width=\"675\" height=\"450\" \/><figcaption id=\"caption-attachment-12290\" class=\"wp-caption-text\">Universidad Pontificia &#8211; que ver en Comillas<\/figcaption><\/figure>\n<figure id=\"attachment_15059\" aria-describedby=\"caption-attachment-15059\" style=\"width: 675px\" class=\"wp-caption aligncenter\"><img data-recalc-dims=\"1\" loading=\"lazy\" decoding=\"async\" class=\"size-full wp-image-15059\" src=\"https:\/\/i0.wp.com\/www.rutasporespana.es\/blog\/wp-content\/uploads\/2019\/04\/Puerta-Pontificia.jpg?resize=675%2C450&#038;ssl=1\" alt=\"Puerta de la Pontificia\" width=\"675\" height=\"450\" \/><figcaption id=\"caption-attachment-15059\" class=\"wp-caption-text\">Puerta de la Pontificia &#8211; que ver en Comillas<\/figcaption><\/figure>\n<h2><span style=\"font-size: 45px; margin: 0 9px 0 0; padding: 0 13px 0 0;\">10<\/span>Casa del Duque &#8211; que ver en Comillas<\/h2>\n<hr \/>\n<p>Construido en el siglo XIX, como consecuencia de la admiraci\u00f3n de la burgues\u00eda espa\u00f1ola hacia el mundo anglosaj\u00f3n. Francisco Hern\u00e1ndez Rubio proyect\u00f3 para el prado de San Jos\u00e9 el Chalet del Duque de Almod\u00f3var del R\u00edo. Toma su nombre de los famosos \u201cchalets\u201d suizos y sus formas siguen los elementos de los estilos r\u00fasticos ingl\u00e9s.<\/p>\n<p>Si te has enamorado de este edificio, lo siente, pero te tendr\u00e1s que conformar en verlo por fuera, ya que no hay visitas, aunque se alquila para rodajes y bodas.<\/p>\n<figure id=\"attachment_15057\" aria-describedby=\"caption-attachment-15057\" style=\"width: 675px\" class=\"wp-caption aligncenter\"><img data-recalc-dims=\"1\" loading=\"lazy\" decoding=\"async\" class=\"wp-image-15057 size-full\" src=\"https:\/\/i0.wp.com\/www.rutasporespana.es\/blog\/wp-content\/uploads\/2019\/04\/Casa-del-Duque.jpg?resize=675%2C494&#038;ssl=1\" alt=\"Casa del Duque\" width=\"675\" height=\"494\" srcset=\"https:\/\/i0.wp.com\/www.rutasporespana.es\/blog\/wp-content\/uploads\/2019\/04\/Casa-del-Duque.jpg?w=675&amp;ssl=1 675w, https:\/\/i0.wp.com\/www.rutasporespana.es\/blog\/wp-content\/uploads\/2019\/04\/Casa-del-Duque.jpg?resize=80%2C60&amp;ssl=1 80w\" sizes=\"auto, (max-width: 675px) 100vw, 675px\" \/><figcaption id=\"caption-attachment-15057\" class=\"wp-caption-text\">Casa del Duque &#8211; que ver en Comillas<\/figcaption><\/figure>\n<p><iframe loading=\"lazy\" src=\"https:\/\/www.google.com\/maps\/d\/u\/0\/embed?mid=1M9R10EckguPqA2wlWAtWFmBsS1kF35Om\" width=\"675\" height=\"500\"><\/iframe><\/p>\n<div class=\"caja-info\">\n<h2 class=\"info\">M\u00e1s informaci\u00f3n sobre que ver en Comillas<\/h2>\n<p>Web turismo: <a href=\"https:\/\/comillas.es\/comillas\/web_php\/index.php\" target=\"_blank\" rel=\"noopener noreferrer\">https:\/\/www.comillas.es\/<\/a><\/p>\n<h2 class=\"comida\">D\u00f3nde comer\u00a0en Comillas<\/h2>\n<p>Junto a la plaza del Ayuntamiento hay varios bares donde disfrutar de unas raciones durante nuestra visita a Comillas. Si queremos comer en el mejor sitio de Comilla, la mejor opci\u00f3n es el <strong>Restaurante La Aldea Comillas<\/strong> (Calle la Aldea, 5).<\/p>\n<h2 class=\"hotel\">D\u00f3nde dormir\u00a0en Comillas<\/h2>\n<p>Si quieres descubrir uno de los pueblos m\u00e1s monumentales de Cantabria aqu\u00ed tienes los mejores alojamientos:<\/p>\n<ul>\n<li><a href=\"https:\/\/booking.stay22.com\/rutasporespana\/StLHoISkE0\" target=\"_blank\" rel=\"nofollow noopener sponsored\">Ofertas de hoteles y hostales en Comillas<\/a><\/li>\n<\/ul>\n<\/div>\n<h2>Tambi\u00e9n te puede interesar\u2026<\/h2>\n<p>Si quieres descubrir m\u00e1s pueblos bonitos de Cantabria. Aqu\u00ed tienes algunas recomendaciones:<\/p>\n<ul>\n<li><a href=\"https:\/\/www.rutasporespana.es\/blog\/que-ver-en-santander-dos-dias\/\" target=\"_blank\" rel=\"noopener noreferrer\">Los 10 pueblos m\u00e1s bonitos de Cantabria<\/a><\/li>\n<li><a title=\"Que ver en Santillana del Mar\" href=\"https:\/\/www.rutasporespana.es\/blog\/que-ver-santillana-mar\/\" target=\"_blank\" rel=\"noopener noreferrer\">Santillana del Mar<\/a><\/li>\n<li><a title=\"Que ver en Santander\" href=\"https:\/\/www.rutasporespana.es\/blog\/que-ver-san-vicente-barquera\/\" target=\"_blank\" rel=\"noopener noreferrer\">San Vicente de la Barquera<\/a><\/li>\n<li><a href=\"https:\/\/www.rutasporespana.es\/blog\/ruta-por-cantabria-que-ver-en-lierganes\/\" target=\"_blank\" rel=\"noopener noreferrer\">Li\u00e9rganes<\/a><\/li>\n<li><a href=\"https:\/\/www.rutasporespana.es\/blog\/ruta-por-cantabria-que-ver-en-barcena-mayor\/\" target=\"_blank\" rel=\"noopener noreferrer\">Barcena Mayor<\/a><\/li>\n<li><a href=\"https:\/\/www.rutasporespana.es\/blog\/ruta-por-cantabria-la-fuentona-de-ruente\/\" target=\"_blank\" rel=\"noopener noreferrer\">La Fuentona <span class=\"st\">de Ruente<\/span><\/a><\/li>\n<li><a href=\"https:\/\/www.rutasporespana.es\/blog\/ruta-por-cantabria-que-ver-en-castro-urdiales\/\" target=\"_blank\" rel=\"noopener noreferrer\">Castro Urdiales<\/a><\/li>\n<\/ul>\n<hr \/>\n<p><em>Los costes de este blog se sufragan mediante enlaces de afiliaci\u00f3n, que hacen que ganemos una peque\u00f1a comisi\u00f3n si reservas alg\u00fan producto a trav\u00e9s de los mismos. No tiene ning\u00fan coste adicional para ti y los enlaces solo son a sitios que recomendamos y que hemos utilizado nosotros mismos.<\/em><\/p>\n","protected":false},"excerpt":{"rendered":"<div class=\"mh-excerpt\"><p>Comillas es una de las localidades m\u00e1s bellas de Cantabria. Un lugar de veraneo para la burgues\u00eda desde el siglo XIX que podremos recorrer en <a class=\"mh-excerpt-more\" href=\"https:\/\/www.rutasporespana.es\/blog\/ruta-por-cantabria-que-ver-en-comillas\/\" title=\"Ruta por Cantabria: 10 rincones \u00fanicos que ver en Comillas\">[&#8230;]<\/a><\/p>\n<\/div>","protected":false},"author":1,"featured_media":12294,"comment_status":"open","ping_status":"open","sticky":false,"template":"","format":"standard","meta":{"_jetpack_memberships_contains_paid_content":false,"footnotes":"","jetpack_publicize_message":"","jetpack_publicize_feature_enabled":true,"jetpack_social_post_already_shared":true,"jetpack_social_options":{"image_generator_settings":{"template":"highway","default_image_id":0,"font":"","enabled":false},"version":2}},"categories":[23],"tags":[74],"class_list":["post-12287","post","type-post","status-publish","format-standard","has-post-thumbnail","hentry","category-cantabria","tag-pueblos-con-encanto"],"aioseo_notices":[],"jetpack_publicize_connections":[],"jetpack_featured_media_url":"https:\/\/i0.wp.com\/www.rutasporespana.es\/blog\/wp-content\/uploads\/2019\/02\/Comillas.jpg?fit=675%2C566&ssl=1","jetpack_sharing_enabled":true,"_links":{"self":[{"href":"https:\/\/www.rutasporespana.es\/blog\/wp-json\/wp\/v2\/posts\/12287","targetHints":{"allow":["GET"]}}],"collection":[{"href":"https:\/\/www.rutasporespana.es\/blog\/wp-json\/wp\/v2\/posts"}],"about":[{"href":"https:\/\/www.rutasporespana.es\/blog\/wp-json\/wp\/v2\/types\/post"}],"author":[{"embeddable":true,"href":"https:\/\/www.rutasporespana.es\/blog\/wp-json\/wp\/v2\/users\/1"}],"replies":[{"embeddable":true,"href":"https:\/\/www.rutasporespana.es\/blog\/wp-json\/wp\/v2\/comments?post=12287"}],"version-history":[{"count":0,"href":"https:\/\/www.rutasporespana.es\/blog\/wp-json\/wp\/v2\/posts\/12287\/revisions"}],"wp:featuredmedia":[{"embeddable":true,"href":"https:\/\/www.rutasporespana.es\/blog\/wp-json\/wp\/v2\/media\/12294"}],"wp:attachment":[{"href":"https:\/\/www.rutasporespana.es\/blog\/wp-json\/wp\/v2\/media?parent=12287"}],"wp:term":[{"taxonomy":"category","embeddable":true,"href":"https:\/\/www.rutasporespana.es\/blog\/wp-json\/wp\/v2\/categories?post=12287"},{"taxonomy":"post_tag","embeddable":true,"href":"https:\/\/www.rutasporespana.es\/blog\/wp-json\/wp\/v2\/tags?post=12287"}],"curies":[{"name":"wp","href":"https:\/\/api.w.org\/{rel}","templated":true}]}}