{"id":11745,"date":"2018-08-30T08:00:41","date_gmt":"2018-08-30T06:00:41","guid":{"rendered":"http:\/\/www.rutasporespana.es\/blog\/?p=11745"},"modified":"2025-09-24T20:55:24","modified_gmt":"2025-09-24T18:55:24","slug":"ruta-por-la-provincia-de-burgos-que-ver-en-frias","status":"publish","type":"post","link":"https:\/\/www.rutasporespana.es\/blog\/ruta-por-la-provincia-de-burgos-que-ver-en-frias\/","title":{"rendered":"Qu\u00e9 ver en Fr\u00edas, la ciudad m\u00e1s peque\u00f1a de Espa\u00f1a"},"content":{"rendered":"<p>Hoy te contamos <strong>que ver en Fr\u00edas<\/strong>, conocida como la ciudad m\u00e1s peque\u00f1a de Espa\u00f1a. Se asienta junto al Ebro, a la entrada del valle de Tobalina. Bajo la atenta mirada de la torre del Castillo de los Velasco que parece querer despe\u00f1arse sobre las casas. Para que no te pierdas nada, te vamos a mostrar todo lo que hay que ver y hacer en Fr\u00edas.<\/p>\n<p><!--more--><\/p>\n<h2>\u00bfC\u00f3mo llegar a Fr\u00edas?<\/h2>\n<p>Desde <a href=\"https:\/\/www.rutasporespana.es\/blog\/ruta-dos-dias-burgos-que-ver-en-burgos\/\" target=\"_blank\" rel=\"noopener\">Burgos<\/a> debemos tomar la N-1 en direcci\u00f3n Briviesca y Cubo de Bureba. Hasta llegar al cruce por la N-232 (direcci\u00f3n O\u00f1a, <a href=\"https:\/\/www.rutasporespana.es\/blog\/que-ver-en-santander-dos-dias\/\" target=\"_blank\" rel=\"noopener noreferrer\">Santander<\/a>). A continuaci\u00f3n seguimos hasta Busto de Bureba, donde cogeremos direcci\u00f3n a Fr\u00edas por la BU-520.<\/p>\n<p>Debido a la cantidad de gente que viene a visitar <strong>Fr\u00edas<\/strong>, y que es una ciudad muy peque\u00f1a, los coches no pueden acceder al casco hist\u00f3rico. Hay varios aparcamientos donde dejar el coche, uno bajo las murallas, otro antes de cruzar la ciudad por la BU-504 y otro camino de Tobera, en la zona de los molinos del r\u00edo Molinar, este es especial para autocaravanas (que me pregunta mucho). Adem\u00e1s todos son gratuitos.<\/p>\n<h2>\u00bfQu\u00e9 ver en Fr\u00edas?<\/h2>\n<p>Fr\u00edas fue uno de los primeros n\u00facleos de la repoblaci\u00f3n medieval, citada la poblaci\u00f3n ya en la temprana fecha del a\u00f1o 867. Adem\u00e1s de un importante centro de comunicaciones de La Bureba con el Norte a trav\u00e9s de su puente medieval sobre el Ebro.<\/p>\n<p>En 1435 Juan II la concede el t\u00edtulo de ciudad y pocos a\u00f1os despu\u00e9s la cede a don Pedro Fern\u00e1ndez de Velasco, aunque con fuerte oposici\u00f3n de sus vecinos. En 1492 los Reyes Cat\u00f3licos crean para la familia Velasco el Ducado de Fr\u00edas, asociando el t\u00edtulo de Condestables de Castilla, de forma hereditaria durante los siguientes siglos. Por ello Fr\u00edas permanecer\u00eda bajo su se\u00f1or\u00edo hasta 1811, en que estos fueron derogados en toda Espa\u00f1a.<\/p>\n<h2><span id=\"Las_Calles_medievales_de_Frias\">Las Calles medievales &#8211; que ver en Fr\u00edas<\/span><\/h2>\n<p>Las casas, con entramados de madera y piedra, cuelgan sobre el desfiladero, dispers\u00e1ndose por la estrecha ladera de La Muela. Principalmente, la <strong>visita a Fr\u00edas<\/strong> comienza en la <strong>calle Mercado<\/strong>, una calle que cruza todo el casco hist\u00f3rico desde el castillo hasta la iglesia de San Vicente pasando por la <strong>plaza del ayuntamiento<\/strong>, es en esta calle empedrada y peatonal donde se concentran la mayor parte de bares y restaurantes de Fr\u00edas.<\/p>\n<figure id=\"attachment_11746\" aria-describedby=\"caption-attachment-11746\" style=\"width: 675px\" class=\"wp-caption aligncenter\"><img data-recalc-dims=\"1\" loading=\"lazy\" decoding=\"async\" class=\"size-full wp-image-11746\" src=\"https:\/\/i0.wp.com\/www.rutasporespana.es\/blog\/wp-content\/uploads\/2018\/08\/Calles-Frias.jpg?resize=675%2C450&#038;ssl=1\" alt=\"Calles - que ver en Fr\u00edas\" width=\"675\" height=\"450\" \/><figcaption id=\"caption-attachment-11746\" class=\"wp-caption-text\">Calles &#8211; que ver en Fr\u00edas<\/figcaption><\/figure>\n<figure id=\"attachment_11749\" aria-describedby=\"caption-attachment-11749\" style=\"width: 675px\" class=\"wp-caption aligncenter\"><img data-recalc-dims=\"1\" loading=\"lazy\" decoding=\"async\" class=\"size-full wp-image-11749\" src=\"https:\/\/i0.wp.com\/www.rutasporespana.es\/blog\/wp-content\/uploads\/2018\/08\/Casas-Frias.jpg?resize=675%2C450&#038;ssl=1\" alt=\"Arquitectura tradicional - que ver en Fr\u00edas\" width=\"675\" height=\"450\" \/><figcaption id=\"caption-attachment-11749\" class=\"wp-caption-text\">Arquitectura tradicional &#8211; que ver en Fr\u00edas<\/figcaption><\/figure>\n<figure id=\"attachment_16603\" aria-describedby=\"caption-attachment-16603\" style=\"width: 675px\" class=\"wp-caption aligncenter\"><img data-recalc-dims=\"1\" loading=\"lazy\" decoding=\"async\" class=\"size-full wp-image-16603\" src=\"https:\/\/i0.wp.com\/www.rutasporespana.es\/blog\/wp-content\/uploads\/2018\/08\/Calles-Frias2.jpg?resize=675%2C450&#038;ssl=1\" alt=\"Soportales - que ver en Fr\u00edas\" width=\"675\" height=\"450\" \/><figcaption id=\"caption-attachment-16603\" class=\"wp-caption-text\">Soportales &#8211; que ver en Fr\u00edas<\/figcaption><\/figure>\n<figure id=\"attachment_16605\" aria-describedby=\"caption-attachment-16605\" style=\"width: 675px\" class=\"wp-caption aligncenter\"><img data-recalc-dims=\"1\" loading=\"lazy\" decoding=\"async\" class=\"size-full wp-image-16605\" src=\"https:\/\/i0.wp.com\/www.rutasporespana.es\/blog\/wp-content\/uploads\/2018\/08\/Calles-Frias-1.jpg?resize=675%2C450&#038;ssl=1\" alt=\"Vistas al castillo - que ver en Fr\u00edas\" width=\"675\" height=\"450\" \/><figcaption id=\"caption-attachment-16605\" class=\"wp-caption-text\">Vistas al castillo &#8211; que ver en Fr\u00edas<\/figcaption><\/figure>\n<h2>El Castillo de los Duques de Fr\u00edas &#8211; que ver en Fr\u00edas<\/h2>\n<p>El <strong>Castillo<\/strong> es una fortaleza g\u00f3tica con restos rom\u00e1nicos construida entre los siglos XII y XV. Su historia se remonta a las primeras fortalezas del siglo X. En 1201 sucede en funci\u00f3n defensiva al Castillo de Petralata por disposici\u00f3n de Alfonso VIII. En ese a\u00f1o se construye la muralla. Pocos a\u00f1os despu\u00e9s su nuevo se\u00f1or, el Condestable don Pedro Fern\u00e1ndez de Velasco, lo reforz\u00f3 para asegurarse el dominio sobre la villa. Su puerta de entrada ojival dispone de un puente levadizo y est\u00e1 defendido desde la muralla por almenas y troneras; su Torre del Homenaje es el s\u00edmbolo de la ciudad.<\/p>\n<figure id=\"attachment_11750\" aria-describedby=\"caption-attachment-11750\" style=\"width: 675px\" class=\"wp-caption aligncenter\"><img data-recalc-dims=\"1\" loading=\"lazy\" decoding=\"async\" class=\"size-full wp-image-11750\" src=\"https:\/\/i0.wp.com\/www.rutasporespana.es\/blog\/wp-content\/uploads\/2018\/08\/Torre-Frias.jpg?resize=675%2C450&#038;ssl=1\" alt=\"Torre - que ver en Fr\u00edas\" width=\"675\" height=\"450\" \/><figcaption id=\"caption-attachment-11750\" class=\"wp-caption-text\">Torre &#8211; que ver en Fr\u00edas<\/figcaption><\/figure>\n<figure id=\"attachment_11751\" aria-describedby=\"caption-attachment-11751\" style=\"width: 675px\" class=\"wp-caption aligncenter\"><img data-recalc-dims=\"1\" loading=\"lazy\" decoding=\"async\" class=\"size-full wp-image-11751\" src=\"https:\/\/i0.wp.com\/www.rutasporespana.es\/blog\/wp-content\/uploads\/2018\/08\/Castillo-Frias.jpg?resize=675%2C450&#038;ssl=1\" alt=\"Castillo - que ver en Fr\u00edas\" width=\"675\" height=\"450\" \/><figcaption id=\"caption-attachment-11751\" class=\"wp-caption-text\">Interior del Castillo &#8211; que ver en Fr\u00edas<\/figcaption><\/figure>\n<figure id=\"attachment_16600\" aria-describedby=\"caption-attachment-16600\" style=\"width: 675px\" class=\"wp-caption aligncenter\"><img data-recalc-dims=\"1\" loading=\"lazy\" decoding=\"async\" class=\"size-full wp-image-16600\" src=\"https:\/\/i0.wp.com\/www.rutasporespana.es\/blog\/wp-content\/uploads\/2018\/08\/Castillo-de-Frias.jpg?resize=675%2C450&#038;ssl=1\" alt=\"Castillo de Fr\u00edas\" width=\"675\" height=\"450\" \/><figcaption id=\"caption-attachment-16600\" class=\"wp-caption-text\">Castillo &#8211; que ver en Fr\u00edas<\/figcaption><\/figure>\n<div class=\"caja-info\">\n<p class=\"info\"><strong>M\u00e1s informaci\u00f3n<\/strong><\/p>\n<ul>\n<li><strong>Horario:<\/strong> De mi\u00e9rcoles a domingo de 10:30 a 14:00 y 16:00 a 18:30<\/li>\n<li><strong>Precio:<\/strong> 2 \u20ac \/ 1, 50 \u20ac grupos (+20 personas)<\/li>\n<\/ul>\n<\/div>\n<h2>Iglesia de San Vicente &#8211; que ver en Fr\u00edas<\/h2>\n<p>La <strong>calle Mercado<\/strong> nos conduce a uno de los principales templos que ver en Fr\u00edas, la <strong>Iglesia de San Vicente<\/strong>, con varias capillas g\u00f3ticas y renacentistas. Su portada rom\u00e1nica se encuentra en el <strong>Cloister Museum de Nueva York<\/strong>. Parece ser que fue vendida para sufragar la reconstrucci\u00f3n de la iglesia rom\u00e1nica primitiva cuya torre se cay\u00f3 en 1904. Posee tres retablos, el de la capilla del Santo Cristo de las Tentaciones (finales del siglo XIV), barroco, el de la Soledad y el Mayor (finales del siglo XVIII), ambos neocl\u00e1sicos.<\/p>\n<figure id=\"attachment_11752\" aria-describedby=\"caption-attachment-11752\" style=\"width: 675px\" class=\"wp-caption aligncenter\"><img data-recalc-dims=\"1\" loading=\"lazy\" decoding=\"async\" class=\"wp-image-11752 size-full\" src=\"https:\/\/i0.wp.com\/www.rutasporespana.es\/blog\/wp-content\/uploads\/2018\/08\/Iglesia-San-Vicente.jpg?resize=675%2C450&#038;ssl=1\" alt=\"Iglesia de San Vicente - que ver en Fr\u00edas\" width=\"675\" height=\"450\" \/><figcaption id=\"caption-attachment-11752\" class=\"wp-caption-text\">Iglesia de San Vicente &#8211; que ver en Fr\u00edas<\/figcaption><\/figure>\n<p>En frente de la iglesia se encuentra la <strong>Plaza de los Granos<\/strong>, llamada as\u00ed porque aqu\u00ed se realizaba el mercado. Tiene una cubiertas donde se guardaban los granos de trigo, cebada y otras legumbres, para protegerlos del mal tiempo, tambi\u00e9n hay un peque\u00f1o altar dedicado a la Virgen de los Toriles.<\/p>\n<h2>Iglesia de San Vitores &#8211; que ver en Fr\u00edas<\/h2>\n<p>Adem\u00e1s de <strong>restos de diversos conventos<\/strong> tenemos la Iglesia de San Vitores, cuya primera referencia es de 1211. Tras su deterioro fue rehabilitada a mediados del siglo XIX. Lo m\u00e1s interesante es su portada g\u00f3tica y su espada\u00f1a.<\/p>\n<figure id=\"attachment_16606\" aria-describedby=\"caption-attachment-16606\" style=\"width: 675px\" class=\"wp-caption aligncenter\"><img data-recalc-dims=\"1\" loading=\"lazy\" decoding=\"async\" class=\"size-full wp-image-16606\" src=\"https:\/\/i0.wp.com\/www.rutasporespana.es\/blog\/wp-content\/uploads\/2018\/08\/Iglesia-San-Vitores.jpg?resize=675%2C450&#038;ssl=1\" alt=\"Iglesia de San Vitores - que ver en Fr\u00edas\" width=\"675\" height=\"450\" \/><figcaption id=\"caption-attachment-16606\" class=\"wp-caption-text\">Iglesia de San Vitores &#8211; que ver en Fr\u00edas<\/figcaption><\/figure>\n<h2><span id=\"Mirador_del_Valle_de_la_Tobalina\">Mirador del Valle de la Tobalina &#8211; que ver en Fr\u00edas<\/span><\/h2>\n<p>Junto a la iglesia de San Vicente hay una vista panor\u00e1mica del r\u00edo Ebro a su paso por el Valle de la Tobalina, donde se abre camino a trav\u00e9s del <strong>desfiladero de la Horadada<\/strong> hasta llegar a las cercan\u00edas de Fr\u00edas, donde se construy\u00f3 un puente medieval fortificado para el cobro del pontazgo.<\/p>\n<figure id=\"attachment_16601\" aria-describedby=\"caption-attachment-16601\" style=\"width: 675px\" class=\"wp-caption aligncenter\"><img data-recalc-dims=\"1\" loading=\"lazy\" decoding=\"async\" class=\"size-full wp-image-16601\" src=\"https:\/\/i0.wp.com\/www.rutasporespana.es\/blog\/wp-content\/uploads\/2018\/08\/Mirador-Valle-Tobalina.jpg?resize=675%2C450&#038;ssl=1\" alt=\"Mirador del Valle de la Tobalina - que ver en Fr\u00edas\" width=\"675\" height=\"450\" \/><figcaption id=\"caption-attachment-16601\" class=\"wp-caption-text\">Mirador del Valle de la Tobalina &#8211; que ver en Fr\u00edas<\/figcaption><\/figure>\n<h2><span id=\"Las_casas_colgadas_de_Frias\">Las casas colgadas &#8211; que ver en Fr\u00edas<\/span><\/h2>\n<p>El pueblo est\u00e1 construido sobre una roca llamada \u201cLa Muela\u201c, una extraordinaria conjunci\u00f3n de geolog\u00eda y arquitectura. Al borde de esta formaci\u00f3n rocosa se asientan multitud de viviendas que bien recuerdan a las <a href=\"https:\/\/www.rutasporespana.es\/blog\/15-lugares-imprescindible-que-ver-cuenca\/\" target=\"_blank\" rel=\"noopener noreferrer\">casas colgadas de Cuenca<\/a>, debido a la falta de espacio estas casas se construyeron en altura y en s\u00f3tano, son edificios de dos o tres plantas con varios s\u00f3tanos excavados en la roca.<\/p>\n<figure id=\"attachment_12527\" aria-describedby=\"caption-attachment-12527\" style=\"width: 675px\" class=\"wp-caption aligncenter\"><img data-recalc-dims=\"1\" loading=\"lazy\" decoding=\"async\" class=\"size-full wp-image-12527\" src=\"https:\/\/i0.wp.com\/www.rutasporespana.es\/blog\/wp-content\/uploads\/2019\/03\/Frias.jpg?resize=675%2C450&#038;ssl=1\" alt=\"Casco Antiguo - que ver en Fr\u00edas\" width=\"675\" height=\"450\" \/><figcaption id=\"caption-attachment-12527\" class=\"wp-caption-text\">Casco Antiguo &#8211; que ver en Fr\u00edas<\/figcaption><\/figure>\n<h2>Puente g\u00f3tico &#8211; que ver en Fr\u00edas<\/h2>\n<p>Por \u00faltimo tenemos el <strong>puente g\u00f3tico<\/strong>, que con sus nueve arcos y 139 metro de longitud salva el r\u00edo Ebro, est\u00e1 a la entrada a la villa. Fue una construcci\u00f3n romana rehecha varias veces en \u00e9poca medieval. Por \u00e9l pasaba la calzada romana que un\u00eda la Meseta y la Costa Cant\u00e1brica. Est\u00e1 provisto en su centro de una puerta torreada con almenas, saeteras y matacanes, bajo la que se cobraba derecho de pontazgo.<\/p>\n<figure id=\"attachment_16401\" aria-describedby=\"caption-attachment-16401\" style=\"width: 675px\" class=\"wp-caption aligncenter\"><img data-recalc-dims=\"1\" loading=\"lazy\" decoding=\"async\" class=\"wp-image-16401 size-full\" src=\"https:\/\/i0.wp.com\/www.rutasporespana.es\/blog\/wp-content\/uploads\/2018\/09\/Puente-Frias.jpg?resize=675%2C450&#038;ssl=1\" alt=\"Puente - que ver en Fr\u00edas\" width=\"675\" height=\"450\" \/><figcaption id=\"caption-attachment-16401\" class=\"wp-caption-text\">Puente &#8211; que ver en Fr\u00edas<\/figcaption><\/figure>\n<figure id=\"attachment_16604\" aria-describedby=\"caption-attachment-16604\" style=\"width: 675px\" class=\"wp-caption aligncenter\"><img data-recalc-dims=\"1\" loading=\"lazy\" decoding=\"async\" class=\"size-full wp-image-16604\" src=\"https:\/\/i0.wp.com\/www.rutasporespana.es\/blog\/wp-content\/uploads\/2018\/08\/Puente-Frias.jpg?resize=675%2C450&#038;ssl=1\" alt=\"Puente - que ver en Fr\u00edas\" width=\"675\" height=\"450\" \/><figcaption id=\"caption-attachment-16604\" class=\"wp-caption-text\">Cruzando el puente &#8211; que ver en Fr\u00edas<\/figcaption><\/figure>\n<h2>&gt;&gt; Por los alrededores, despu\u00e9s de que ver en Fr\u00edas<\/h2>\n<hr \/>\n<h3>Tobera<\/h3>\n<p>Tras la visita a Fr\u00edas os recomendamos acercaros al <strong>barrio de Tobera<\/strong>, y realizar la <strong>Ruta de las cascadas<\/strong>, y por supuesto ver la <strong>Ermita de Santa Mar\u00eda de la Hoz<\/strong> y la <strong>Ermita del Cristo de los Remedios<\/strong>, un curioso conjunto religioso realizado bajo la monta\u00f1a. La primera ermita data del siglo XIII y la mar peque\u00f1a situada al frente es d origen romano (posteriormente medieval) podr\u00eda ser el siglo XIII.<\/p>\n<figure id=\"attachment_16383\" aria-describedby=\"caption-attachment-16383\" style=\"width: 675px\" class=\"wp-caption aligncenter\"><img data-recalc-dims=\"1\" loading=\"lazy\" decoding=\"async\" class=\"size-full wp-image-16383\" src=\"https:\/\/i0.wp.com\/www.rutasporespana.es\/blog\/wp-content\/uploads\/2018\/09\/Ermita-Tobera.jpg?resize=675%2C450&#038;ssl=1\" alt=\"Ermitas de Tobera\" width=\"675\" height=\"450\" \/><figcaption id=\"caption-attachment-16383\" class=\"wp-caption-text\">Ermitas de Tobera<\/figcaption><\/figure>\n<p>La ruta de las cascadas comienza all\u00ed mismo, en el llamado Paseo del Molinar y es perfecta para realizarla con ni\u00f1os. La senda de apenas un kil\u00f3metros se puede recorrer en media hora y pasa por cuatro impresionantes cascadas que se precipitan en mitad del pueblo de Tobera, con algunos paneles informativos donde nos indican las curiosidades de las cascadas. El mejor momento para verlas es en primavera, tras el deshielo.<\/p>\n<figure id=\"attachment_16402\" aria-describedby=\"caption-attachment-16402\" style=\"width: 675px\" class=\"wp-caption aligncenter\"><img data-recalc-dims=\"1\" loading=\"lazy\" decoding=\"async\" class=\"size-full wp-image-16402\" src=\"https:\/\/i0.wp.com\/www.rutasporespana.es\/blog\/wp-content\/uploads\/2018\/09\/Cascada-Tobera.jpg?resize=675%2C450&#038;ssl=1\" alt=\"Cascada de Tobera\" width=\"675\" height=\"450\" \/><figcaption id=\"caption-attachment-16402\" class=\"wp-caption-text\">Cascada de Tobera<\/figcaption><\/figure>\n<p>Otros lugares para visitar por la zona son las poblaciones de O\u00f1a y Poza de la Sal, ya que Fr\u00edas forma parte de la <strong><a href=\"https:\/\/www.raicesdecastilla.com\/\" target=\"_blank\" rel=\"nofollow noopener noreferrer\">Mancomunidad Ra\u00edces de Castilla<\/a><\/strong>. Una iniciativa para potenciar el tur\u00edsticos de tres peque\u00f1as poblaciones de gran belleza y muy cercanas entre s\u00ed. Hoy hemos recorrido el peque\u00f1o pueblo de Fr\u00edas, pero todav\u00eda te quedan otros dos pueblos por conocer:<\/p>\n<h3>O\u00f1a<\/h3>\n<p>El principal monumento que hay que ver en O\u00f1a es el <strong>monasterio de San Salvador<\/strong> (siglo XI), es una construcci\u00f3n g\u00f3tica, sobre otra anterior rom\u00e1nica. En la capilla mayor se encuentran los sepulcros de los Condes y Reyes de Castilla, dos panteones de madera labrada del siglo XV. Aqu\u00ed descansan el conde Sancho Garc\u00eda, su esposa Urraca y su hijo Garc\u00eda, \u00faltimos condes de Castilla; Sancho el Mayor de Navarra y su esposa do\u00f1a Munia, y Sancho II el Fuerte, rey de Castilla, entre otros.<\/p>\n<figure id=\"attachment_16572\" aria-describedby=\"caption-attachment-16572\" style=\"width: 675px\" class=\"wp-caption aligncenter\"><img data-recalc-dims=\"1\" loading=\"lazy\" decoding=\"async\" class=\"size-full wp-image-16572\" src=\"https:\/\/i0.wp.com\/www.rutasporespana.es\/blog\/wp-content\/uploads\/2017\/08\/Ona4.jpg?resize=675%2C450&#038;ssl=1\" alt=\"Monasterio de San Salvador - O\u00f1a\" width=\"675\" height=\"450\" \/><figcaption id=\"caption-attachment-16572\" class=\"wp-caption-text\">Monasterio de San Salvador &#8211; O\u00f1a<\/figcaption><\/figure>\n<figure id=\"attachment_16570\" aria-describedby=\"caption-attachment-16570\" style=\"width: 675px\" class=\"wp-caption aligncenter\"><img data-recalc-dims=\"1\" loading=\"lazy\" decoding=\"async\" class=\"size-full wp-image-16570\" src=\"https:\/\/i0.wp.com\/www.rutasporespana.es\/blog\/wp-content\/uploads\/2017\/08\/Ona9.jpg?resize=675%2C450&#038;ssl=1\" alt=\"Monasterio de San Salvador - O\u00f1a\" width=\"675\" height=\"450\" \/><figcaption id=\"caption-attachment-16570\" class=\"wp-caption-text\">Monasterio de San Salvador &#8211; O\u00f1a<\/figcaption><\/figure>\n<h3>Poza de la Sal<\/h3>\n<p>Conocido por ser el lugar de nacimiento de uno de los naturista m\u00e1s importantes de Espa\u00f1a, <strong>F\u00e9lix Rodr\u00edguez de la Fuente<\/strong>. Se asienta sobre un curioso fen\u00f3meno geol\u00f3gico dio origen a un inmenso cr\u00e1ter diap\u00edrico de 2,5 km de di\u00e1metro fruto de la sal acumulada de un antiguo mar. Un proceso tan singular que solo existes tres lugares en el mundo. Si quieres saber m\u00e1s de este precioso pueblo, puede leer nuestro post: <a href=\"https:\/\/www.rutasporespana.es\/blog\/ruta-por-la-provincia-de-burgos-que-ver-en-poza-de-la-sal\/\" target=\"_blank\" rel=\"noopener noreferrer\">Ruta por la provincia de Burgos: \u00bfQu\u00e9 ver en Poza de la Sal?<\/a><\/p>\n<figure id=\"attachment_16392\" aria-describedby=\"caption-attachment-16392\" style=\"width: 675px\" class=\"wp-caption aligncenter\"><img data-recalc-dims=\"1\" loading=\"lazy\" decoding=\"async\" class=\"size-full wp-image-16392\" src=\"https:\/\/i0.wp.com\/www.rutasporespana.es\/blog\/wp-content\/uploads\/2018\/09\/Plaza-Poza-Sal.jpg?resize=675%2C450&#038;ssl=1\" alt=\"Plaza Mayor de Poza de la Sal\" width=\"675\" height=\"450\" \/><figcaption id=\"caption-attachment-16392\" class=\"wp-caption-text\">Plaza Mayor de Poza de la Sal<\/figcaption><\/figure>\n<figure id=\"attachment_16391\" aria-describedby=\"caption-attachment-16391\" style=\"width: 675px\" class=\"wp-caption aligncenter\"><img data-recalc-dims=\"1\" loading=\"lazy\" decoding=\"async\" class=\"size-full wp-image-16391\" src=\"https:\/\/i0.wp.com\/www.rutasporespana.es\/blog\/wp-content\/uploads\/2018\/09\/Calles-Poza-Sal.jpg?resize=675%2C450&#038;ssl=1\" alt=\"Calles de Poza de la Sal\" width=\"675\" height=\"450\" \/><figcaption id=\"caption-attachment-16391\" class=\"wp-caption-text\">Calles de Poza de la Sal<\/figcaption><\/figure>\n<p>Con esto terminamos nuestra visita por todo lo <strong>que hay que ver y hacer en Fr\u00edas<\/strong>, espero que lo disfrutes.<\/p>\n<div class=\"caja-info\">\n<h2 class=\"info\">M\u00e1s informaci\u00f3n sobre que ver en Fr\u00edas<\/h2>\n<p>Web de Fr\u00edas: <a href=\"https:\/\/www.ciudaddefrias.es\/inicio\" target=\"_blank\" rel=\"noopener noreferrer\">https:\/\/www.ciudaddefrias.es\/inicio<\/a><\/p>\n<h2 class=\"comida\">D\u00f3nde comer<\/h2>\n<p>Los m\u00e1s recomendables:<\/p>\n<ul>\n<li><strong>Bar-Restaurante Ortiz<\/strong> (C\/Mercado, 19): un restaurante sin pretensiones, comida sencilla y casera, con un servicio r\u00e1pido y profesional.<\/li>\n<li><strong>Mes\u00f3n Fridas<\/strong> (C\/Mercado, 10): igual que el anterior. En verano hay muchas afluencia de gente s\u00ed que ir a comer pronto si no quer\u00e9is tener que esperar a sentaros.<\/li>\n<\/ul>\n<h2 class=\"hotel\">Donde dormir<\/h2>\n<p>Si quer\u00e9is descubrir todo el encanto de la comarca de las Merindades, aqu\u00ed ten\u00e9is los alojamientos m\u00e1s recomendables de la zona:<\/p>\n<ul>\n<li><a href=\"https:\/\/booking.stay22.com\/rutasporespana\/tBv0rs33Il\" target=\"_blank\" rel=\"nofollow noopener sponsored\">Oferta de hostales y casas rurales en Fr\u00edas<\/a><\/li>\n<\/ul>\n<\/div>\n<h2>Tambi\u00e9n te puede interesar&#8230;<\/h2>\n<p>Si quieres descubrir otros rincones de Burgos. Aqu\u00ed tienes algunas propuestas:<\/p>\n<ul>\n<li><a href=\"https:\/\/www.rutasporespana.es\/blog\/guia-visitar-yacimiento-atapuerca\/\" target=\"_blank\" rel=\"noopener\">Gu\u00eda pr\u00e1ctica para visitar el Yacimiento de Atapuerca<\/a><\/li>\n<li><a href=\"https:\/\/www.rutasporespana.es\/blog\/los-10-pueblos-mas-bonitos-provincia-burgos\/\" target=\"_blank\" rel=\"noopener noreferrer\">Los 10 pueblos m\u00e1s bonitos de la provincia de Burgos<\/a><\/li>\n<li><a href=\"https:\/\/www.rutasporespana.es\/blog\/ruta-de-la-ribera-del-duero-que-ver-en-aranda-de-duero\/\" target=\"_blank\" rel=\"noopener\">Aranda de Duero<\/a><\/li>\n<li><a href=\"https:\/\/www.rutasporespana.es\/blog\/ruta-por-la-provincia-de-burgos-que-ver-en-lerma\/\" target=\"_blank\" rel=\"noopener noreferrer\">Lerma<\/a><\/li>\n<li><a href=\"https:\/\/www.rutasporespana.es\/blog\/ruta-por-provincia-burgos-que-ver-en-covarrubias\/\" target=\"_blank\" rel=\"noopener noreferrer\">Covarrubias<\/a><\/li>\n<li><a href=\"https:\/\/www.rutasporespana.es\/blog\/ruta-por-provincia-burgos-que-ver-santo-domingo-silos\/\" target=\"_blank\" rel=\"noopener noreferrer\">Santo Domingo de Silos<\/a><\/li>\n<li><a href=\"https:\/\/www.rutasporespana.es\/blog\/ruta-por-la-provincia-de-burgos-que-ver-en-orbaneja-del-castillo\/\" target=\"_blank\" rel=\"noopener noreferrer\">Orbaneja de Castillo<\/a><\/li>\n<li><a href=\"https:\/\/www.rutasporespana.es\/blog\/ruta-por-la-provincia-de-burgos-que-ver-en-ona\/\" target=\"_blank\" rel=\"noopener noreferrer\">O\u00f1a<\/a><\/li>\n<li><a href=\"https:\/\/www.rutasporespana.es\/blog\/ruta-por-la-provincia-de-burgos-que-ver-en-poza-de-la-sal\/\" target=\"_blank\" rel=\"noopener noreferrer\">Poza de la Sal<\/a><\/li>\n<li><a href=\"https:\/\/www.rutasporespana.es\/blog\/ruta-por-la-provincia-de-burgos-que-ver-en-puentedey\/\" target=\"_blank\" rel=\"noopener noreferrer\">Puentedey<\/a><\/li>\n<li><a href=\"https:\/\/www.rutasporespana.es\/blog\/ruta-por-la-provincia-de-burgos-que-ver-en-ojo-guarena\/\" target=\"_blank\" rel=\"noopener noreferrer\">Ojo Guare\u00f1a<\/a><\/li>\n<li><a href=\"https:\/\/www.rutasporespana.es\/blog\/ruta-por-provincia-burgos-que-ver-en-medina-de-pomar\/\" target=\"_blank\" rel=\"noopener noreferrer\">Medina de Pomar<\/a><\/li>\n<li><a href=\"https:\/\/www.rutasporespana.es\/blog\/ruta-por-la-provincia-de-burgos-que-ver-en-tobera\/\" target=\"_blank\" rel=\"noopener noreferrer\">Tobera<\/a><\/li>\n<li><a href=\"https:\/\/www.rutasporespana.es\/blog\/ruta-por-la-provincia-de-burgos-que-ver-en-briviesca\/\" target=\"_blank\" rel=\"noopener noreferrer\">Briviesca<\/a><\/li>\n<li><a href=\"https:\/\/www.rutasporespana.es\/blog\/ruta-por-provincia-burgos-que-ver-en-belorado\/\" target=\"_blank\" rel=\"noopener noreferrer\">Belorado<\/a><\/li>\n<\/ul>\n<hr \/>\n<p><em>Los costes de este blog se sufragan mediante enlaces de afiliaci\u00f3n, que hacen que ganemos una peque\u00f1a comisi\u00f3n si reservas alg\u00fan producto a trav\u00e9s de los mismos. No tiene ning\u00fan coste adicional para ti y los enlaces solo son a sitios que recomendamos y que hemos utilizado nosotros mismos.<\/em><\/p>\n","protected":false},"excerpt":{"rendered":"<div class=\"mh-excerpt\"><p>Hoy te contamos que ver en Fr\u00edas, conocida como la ciudad m\u00e1s peque\u00f1a de Espa\u00f1a. Se asienta junto al Ebro, a la entrada del valle <a class=\"mh-excerpt-more\" href=\"https:\/\/www.rutasporespana.es\/blog\/ruta-por-la-provincia-de-burgos-que-ver-en-frias\/\" title=\"Qu\u00e9 ver en Fr\u00edas, la ciudad m\u00e1s peque\u00f1a de Espa\u00f1a\">[&#8230;]<\/a><\/p>\n<\/div>","protected":false},"author":1,"featured_media":11747,"comment_status":"open","ping_status":"open","sticky":false,"template":"","format":"standard","meta":{"_jetpack_memberships_contains_paid_content":false,"footnotes":"","jetpack_publicize_message":"","jetpack_publicize_feature_enabled":true,"jetpack_social_post_already_shared":true,"jetpack_social_options":{"image_generator_settings":{"template":"highway","default_image_id":0,"font":"","enabled":false},"version":2}},"categories":[164,12],"tags":[99],"class_list":["post-11745","post","type-post","status-publish","format-standard","has-post-thumbnail","hentry","category-burgos","category-castilla-y-leon","tag-ciudad-monumental"],"aioseo_notices":[],"jetpack_publicize_connections":[],"jetpack_featured_media_url":"https:\/\/i0.wp.com\/www.rutasporespana.es\/blog\/wp-content\/uploads\/2018\/08\/Frias.jpg?fit=675%2C566&ssl=1","jetpack_sharing_enabled":true,"_links":{"self":[{"href":"https:\/\/www.rutasporespana.es\/blog\/wp-json\/wp\/v2\/posts\/11745","targetHints":{"allow":["GET"]}}],"collection":[{"href":"https:\/\/www.rutasporespana.es\/blog\/wp-json\/wp\/v2\/posts"}],"about":[{"href":"https:\/\/www.rutasporespana.es\/blog\/wp-json\/wp\/v2\/types\/post"}],"author":[{"embeddable":true,"href":"https:\/\/www.rutasporespana.es\/blog\/wp-json\/wp\/v2\/users\/1"}],"replies":[{"embeddable":true,"href":"https:\/\/www.rutasporespana.es\/blog\/wp-json\/wp\/v2\/comments?post=11745"}],"version-history":[{"count":0,"href":"https:\/\/www.rutasporespana.es\/blog\/wp-json\/wp\/v2\/posts\/11745\/revisions"}],"wp:featuredmedia":[{"embeddable":true,"href":"https:\/\/www.rutasporespana.es\/blog\/wp-json\/wp\/v2\/media\/11747"}],"wp:attachment":[{"href":"https:\/\/www.rutasporespana.es\/blog\/wp-json\/wp\/v2\/media?parent=11745"}],"wp:term":[{"taxonomy":"category","embeddable":true,"href":"https:\/\/www.rutasporespana.es\/blog\/wp-json\/wp\/v2\/categories?post=11745"},{"taxonomy":"post_tag","embeddable":true,"href":"https:\/\/www.rutasporespana.es\/blog\/wp-json\/wp\/v2\/tags?post=11745"}],"curies":[{"name":"wp","href":"https:\/\/api.w.org\/{rel}","templated":true}]}}